{"id":27,"date":"2013-05-02T11:10:32","date_gmt":"2013-05-02T09:10:32","guid":{"rendered":"https:\/\/www.somospacientes.com\/a-d-m-a\/?p=27"},"modified":"2013-05-02T11:10:32","modified_gmt":"2013-05-02T09:10:32","slug":"cambio-de-sede","status":"publish","type":"post","link":"https:\/\/www.somospacientes.com\/a-d-m-a\/noticias\/sin-categoria\/cambio-de-sede\/","title":{"rendered":"Cambio de sede"},"content":{"rendered":"<p>La asociaci\u00f3n <strong>Dona M\u00e9dula Arag\u00f3n, <\/strong>ha cambiado de sede,<\/p>\n<p><em>Ya tenemos nueva oficina; \u00a0\u00a0<\/em><em>Seguimos estando en el centro de la ciudad, y queremos ser el centro de tu informaci\u00f3n,\u00a0<\/em><\/p>\n<p>Puedes pasar a visitarnos los<\/p>\n<p>L<strong>unes de 17,00 a 19,30.<\/strong><\/p>\n<p><strong>Gran V\u00eda, 5, Entlo. Dcha. \u00a0 \u00a0(<\/strong><strong>50.006 \u00a0 \u00a0 Zaragoza)<\/strong><\/p>\n<p>Lo m\u00e1s recomendable es que nos\u00a0<strong>llames antes por\u00a0<\/strong><strong>tel\u00e9fono al 976 399 788,<\/strong><\/p>\n<p>Estaremos encantados de poder ayudarte, y como siempre nos puedes hacer llegar tus comentarios, dudas o necesidades, dejandonos \u00a0un mensaje en&#8230;<strong><em><a href=\"http:\/\/www.donamedula.org\/contacto\/\">aragon<\/a><\/em><\/strong><em><strong><a href=\"http:\/\/www.donamedula.org\/contacto\/\">@donamedula.org<\/a><\/strong><\/em><\/p>\n","protected":false},"excerpt":{"rendered":"<p>La asociaci\u00f3n Dona M\u00e9dula Arag\u00f3n, ha cambiado de sede, Ya tenemos nueva oficina; \u00a0\u00a0Seguimos estando en el centro de la ciudad, y queremos ser el centro de tu informaci\u00f3n,\u00a0 Puedes pasar a visitarnos los Lunes de 17,00 a 19,30. Gran V\u00eda, 5, Entlo. Dcha. \u00a0 \u00a0(50.006 \u00a0 \u00a0 Zaragoza) Lo m\u00e1s recomendable es que nos\u00a0llames [&hellip;]<\/p>\n","protected":false},"author":469,"featured_media":0,"comment_status":"open","ping_status":"open","sticky":false,"template":"","format":"standard","meta":{"_acf_changed":false,"footnotes":""},"categories":[1],"tags":[],"be_disease":[],"be_general":[],"be_media_type":[],"class_list":["post-27","post","type-post","status-publish","format-standard","hentry","category-sin-categoria"],"acf":[],"_links":{"self":[{"href":"https:\/\/www.somospacientes.com\/a-d-m-a\/wp-json\/wp\/v2\/posts\/27","targetHints":{"allow":["GET"]}}],"collection":[{"href":"https:\/\/www.somospacientes.com\/a-d-m-a\/wp-json\/wp\/v2\/posts"}],"about":[{"href":"https:\/\/www.somospacientes.com\/a-d-m-a\/wp-json\/wp\/v2\/types\/post"}],"author":[{"embeddable":true,"href":"https:\/\/www.somospacientes.com\/a-d-m-a\/wp-json\/wp\/v2\/users\/469"}],"replies":[{"embeddable":true,"href":"https:\/\/www.somospacientes.com\/a-d-m-a\/wp-json\/wp\/v2\/comments?post=27"}],"version-history":[{"count":3,"href":"https:\/\/www.somospacientes.com\/a-d-m-a\/wp-json\/wp\/v2\/posts\/27\/revisions"}],"predecessor-version":[{"id":30,"href":"https:\/\/www.somospacientes.com\/a-d-m-a\/wp-json\/wp\/v2\/posts\/27\/revisions\/30"}],"wp:attachment":[{"href":"https:\/\/www.somospacientes.com\/a-d-m-a\/wp-json\/wp\/v2\/media?parent=27"}],"wp:term":[{"taxonomy":"category","embeddable":true,"href":"https:\/\/www.somospacientes.com\/a-d-m-a\/wp-json\/wp\/v2\/categories?post=27"},{"taxonomy":"post_tag","embeddable":true,"href":"https:\/\/www.somospacientes.com\/a-d-m-a\/wp-json\/wp\/v2\/tags?post=27"},{"taxonomy":"be_disease","embeddable":true,"href":"https:\/\/www.somospacientes.com\/a-d-m-a\/wp-json\/wp\/v2\/be_disease?post=27"},{"taxonomy":"be_general","embeddable":true,"href":"https:\/\/www.somospacientes.com\/a-d-m-a\/wp-json\/wp\/v2\/be_general?post=27"},{"taxonomy":"be_media_type","embeddable":true,"href":"https:\/\/www.somospacientes.com\/a-d-m-a\/wp-json\/wp\/v2\/be_media_type?post=27"}],"curies":[{"name":"wp","href":"https:\/\/api.w.org\/{rel}","templated":true}]}}