{"id":75,"date":"2015-05-11T10:38:22","date_gmt":"2015-05-11T08:38:22","guid":{"rendered":"https:\/\/www.somospacientes.com\/a-h-e-d-y-s-i-a\/?p=75"},"modified":"2015-05-13T10:52:01","modified_gmt":"2015-05-13T08:52:01","slug":"los-afectados-por-enfermedades-raras-no-solo-existen-tambien-quieren-convivir","status":"publish","type":"post","link":"https:\/\/www.somospacientes.com\/a-h-e-d-y-s-i-a\/noticias\/sin-categoria\/los-afectados-por-enfermedades-raras-no-solo-existen-tambien-quieren-convivir\/","title":{"rendered":"Los afectados por Enfermedades Raras no s\u00f3lo existen, tambi\u00e9n quieren convivir"},"content":{"rendered":"<p>&nbsp;<\/p>\n<p>Os dejamos aqu\u00ed un art\u00edculo muy interesante titulado \u00ab<strong>Los afectados por Enfermedades Raras no s\u00f3lo existen, tambi\u00e9n quieren convivir<\/strong>\u00bb escrito por <strong>Teresa Rey C\u00e1ceres<\/strong> en <span style=\"font-size: 12pt;font-family: 'Calibri','sans-serif'\">el <strong>peri\u00f3dico Estaci\u00f3n de Madrid<\/strong>.<\/span><\/p>\n<p><em><a href=\"http:\/\/ahedysia.org\/noticias\/169-los-afectados-por-enfermedades-raras-no-solo-existen-tambien-quieren-convivir\"><strong>Click aqu\u00ed para leer el art\u00edculo completo en nuestra web<\/strong><\/a><\/em><\/p>\n<p><a href=\"https:\/\/www.somospacientes.com\/a-h-e-d-y-s-i-a\/files\/2015\/05\/20150512-EM_recorte1.jpg\"><img loading=\"lazy\" decoding=\"async\" class=\"aligncenter size-full wp-image-76\" src=\"https:\/\/www.somospacientes.com\/a-h-e-d-y-s-i-a\/files\/2015\/05\/20150512-EM_recorte1.jpg\" alt=\"\" width=\"600\" height=\"524\" srcset=\"https:\/\/www.somospacientes.com\/a-h-e-d-y-s-i-a\/files\/2015\/05\/20150512-EM_recorte1.jpg 600w, https:\/\/www.somospacientes.com\/a-h-e-d-y-s-i-a\/files\/2015\/05\/20150512-EM_recorte1-300x262.jpg 300w, https:\/\/www.somospacientes.com\/a-h-e-d-y-s-i-a\/files\/2015\/05\/20150512-EM_recorte1-50x43.jpg 50w, https:\/\/www.somospacientes.com\/a-h-e-d-y-s-i-a\/files\/2015\/05\/20150512-EM_recorte1-150x131.jpg 150w, https:\/\/www.somospacientes.com\/a-h-e-d-y-s-i-a\/files\/2015\/05\/20150512-EM_recorte1-85x74.jpg 85w, https:\/\/www.somospacientes.com\/a-h-e-d-y-s-i-a\/files\/2015\/05\/20150512-EM_recorte1-540x472.jpg 540w\" sizes=\"auto, (max-width: 600px) 100vw, 600px\" \/><\/a><\/p>\n<p><!--more--><\/p>\n<p><a href=\"https:\/\/www.somospacientes.com\/a-h-e-d-y-s-i-a\/files\/2015\/05\/20150512-EM_recorte2.jpg\"><img loading=\"lazy\" decoding=\"async\" class=\"aligncenter size-full wp-image-77\" src=\"https:\/\/www.somospacientes.com\/a-h-e-d-y-s-i-a\/files\/2015\/05\/20150512-EM_recorte2.jpg\" alt=\"\" width=\"600\" height=\"1086\" srcset=\"https:\/\/www.somospacientes.com\/a-h-e-d-y-s-i-a\/files\/2015\/05\/20150512-EM_recorte2.jpg 600w, https:\/\/www.somospacientes.com\/a-h-e-d-y-s-i-a\/files\/2015\/05\/20150512-EM_recorte2-165x300.jpg 165w, https:\/\/www.somospacientes.com\/a-h-e-d-y-s-i-a\/files\/2015\/05\/20150512-EM_recorte2-565x1024.jpg 565w, https:\/\/www.somospacientes.com\/a-h-e-d-y-s-i-a\/files\/2015\/05\/20150512-EM_recorte2-27x50.jpg 27w, https:\/\/www.somospacientes.com\/a-h-e-d-y-s-i-a\/files\/2015\/05\/20150512-EM_recorte2-260x472.jpg 260w\" sizes=\"auto, (max-width: 600px) 100vw, 600px\" \/><\/a><\/p>\n<p><a href=\"https:\/\/www.somospacientes.com\/a-h-e-d-y-s-i-a\/files\/2015\/05\/20150512-EM_recorte3.jpg\"><img loading=\"lazy\" decoding=\"async\" class=\"aligncenter size-full wp-image-78\" src=\"https:\/\/www.somospacientes.com\/a-h-e-d-y-s-i-a\/files\/2015\/05\/20150512-EM_recorte3.jpg\" alt=\"\" width=\"600\" height=\"1528\" srcset=\"https:\/\/www.somospacientes.com\/a-h-e-d-y-s-i-a\/files\/2015\/05\/20150512-EM_recorte3.jpg 600w, https:\/\/www.somospacientes.com\/a-h-e-d-y-s-i-a\/files\/2015\/05\/20150512-EM_recorte3-402x1024.jpg 402w, https:\/\/www.somospacientes.com\/a-h-e-d-y-s-i-a\/files\/2015\/05\/20150512-EM_recorte3-33x85.jpg 33w, https:\/\/www.somospacientes.com\/a-h-e-d-y-s-i-a\/files\/2015\/05\/20150512-EM_recorte3-185x472.jpg 185w\" sizes=\"auto, (max-width: 600px) 100vw, 600px\" \/><\/a><\/p>\n<p><a href=\"https:\/\/www.somospacientes.com\/a-h-e-d-y-s-i-a\/files\/2015\/05\/20150512-EM_recorte4.jpg\"><img loading=\"lazy\" decoding=\"async\" class=\"aligncenter size-full wp-image-79\" src=\"https:\/\/www.somospacientes.com\/a-h-e-d-y-s-i-a\/files\/2015\/05\/20150512-EM_recorte4.jpg\" alt=\"\" width=\"600\" height=\"1593\" srcset=\"https:\/\/www.somospacientes.com\/a-h-e-d-y-s-i-a\/files\/2015\/05\/20150512-EM_recorte4.jpg 600w, https:\/\/www.somospacientes.com\/a-h-e-d-y-s-i-a\/files\/2015\/05\/20150512-EM_recorte4-56x150.jpg 56w, https:\/\/www.somospacientes.com\/a-h-e-d-y-s-i-a\/files\/2015\/05\/20150512-EM_recorte4-32x85.jpg 32w\" sizes=\"auto, (max-width: 600px) 100vw, 600px\" \/><\/a><\/p>\n","protected":false},"excerpt":{"rendered":"<p>&nbsp; Os dejamos aqu\u00ed un art\u00edculo muy interesante titulado \u00abLos afectados por Enfermedades Raras no s\u00f3lo existen, tambi\u00e9n quieren convivir\u00bb escrito por Teresa Rey C\u00e1ceres en el peri\u00f3dico Estaci\u00f3n de Madrid. Click aqu\u00ed para leer el art\u00edculo completo en nuestra web<\/p>\n","protected":false},"author":815,"featured_media":0,"comment_status":"open","ping_status":"open","sticky":false,"template":"","format":"standard","meta":{"_acf_changed":false,"footnotes":""},"categories":[1],"tags":[],"be_disease":[593],"be_general":[],"be_media_type":[],"class_list":["post-75","post","type-post","status-publish","format-standard","hentry","category-sin-categoria","be_disease-enfermedades-raras"],"acf":[],"_links":{"self":[{"href":"https:\/\/www.somospacientes.com\/a-h-e-d-y-s-i-a\/wp-json\/wp\/v2\/posts\/75","targetHints":{"allow":["GET"]}}],"collection":[{"href":"https:\/\/www.somospacientes.com\/a-h-e-d-y-s-i-a\/wp-json\/wp\/v2\/posts"}],"about":[{"href":"https:\/\/www.somospacientes.com\/a-h-e-d-y-s-i-a\/wp-json\/wp\/v2\/types\/post"}],"author":[{"embeddable":true,"href":"https:\/\/www.somospacientes.com\/a-h-e-d-y-s-i-a\/wp-json\/wp\/v2\/users\/815"}],"replies":[{"embeddable":true,"href":"https:\/\/www.somospacientes.com\/a-h-e-d-y-s-i-a\/wp-json\/wp\/v2\/comments?post=75"}],"version-history":[{"count":4,"href":"https:\/\/www.somospacientes.com\/a-h-e-d-y-s-i-a\/wp-json\/wp\/v2\/posts\/75\/revisions"}],"predecessor-version":[{"id":81,"href":"https:\/\/www.somospacientes.com\/a-h-e-d-y-s-i-a\/wp-json\/wp\/v2\/posts\/75\/revisions\/81"}],"wp:attachment":[{"href":"https:\/\/www.somospacientes.com\/a-h-e-d-y-s-i-a\/wp-json\/wp\/v2\/media?parent=75"}],"wp:term":[{"taxonomy":"category","embeddable":true,"href":"https:\/\/www.somospacientes.com\/a-h-e-d-y-s-i-a\/wp-json\/wp\/v2\/categories?post=75"},{"taxonomy":"post_tag","embeddable":true,"href":"https:\/\/www.somospacientes.com\/a-h-e-d-y-s-i-a\/wp-json\/wp\/v2\/tags?post=75"},{"taxonomy":"be_disease","embeddable":true,"href":"https:\/\/www.somospacientes.com\/a-h-e-d-y-s-i-a\/wp-json\/wp\/v2\/be_disease?post=75"},{"taxonomy":"be_general","embeddable":true,"href":"https:\/\/www.somospacientes.com\/a-h-e-d-y-s-i-a\/wp-json\/wp\/v2\/be_general?post=75"},{"taxonomy":"be_media_type","embeddable":true,"href":"https:\/\/www.somospacientes.com\/a-h-e-d-y-s-i-a\/wp-json\/wp\/v2\/be_media_type?post=75"}],"curies":[{"name":"wp","href":"https:\/\/api.w.org\/{rel}","templated":true}]}}