{"id":132,"date":"2015-01-12T17:21:51","date_gmt":"2015-01-12T16:21:51","guid":{"rendered":"https:\/\/www.somospacientes.com\/aauc\/?p=132"},"modified":"2015-01-12T18:16:58","modified_gmt":"2015-01-12T17:16:58","slug":"inauguracion-de-urticaria-en-primera-persona","status":"publish","type":"post","link":"https:\/\/www.somospacientes.com\/aauc\/noticias\/sin-categoria\/inauguracion-de-urticaria-en-primera-persona\/","title":{"rendered":"Inauguraci\u00f3n de \u00abUrticaria, en primera persona\u00bb"},"content":{"rendered":"<p><a href=\"https:\/\/www.somospacientes.com\/aauc\/files\/2015\/01\/urticaria-en-primera-persona-cuadrado.png\"><img loading=\"lazy\" decoding=\"async\" class=\"alignleft size-full wp-image-140\" src=\"https:\/\/www.somospacientes.com\/aauc\/files\/2015\/01\/urticaria-en-primera-persona-cuadrado.png\" alt=\"\" width=\"161\" height=\"183\" srcset=\"https:\/\/www.somospacientes.com\/aauc\/files\/2015\/01\/urticaria-en-primera-persona-cuadrado.png 268w, https:\/\/www.somospacientes.com\/aauc\/files\/2015\/01\/urticaria-en-primera-persona-cuadrado-263x300.png 263w, https:\/\/www.somospacientes.com\/aauc\/files\/2015\/01\/urticaria-en-primera-persona-cuadrado-43x50.png 43w, https:\/\/www.somospacientes.com\/aauc\/files\/2015\/01\/urticaria-en-primera-persona-cuadrado-131x150.png 131w, https:\/\/www.somospacientes.com\/aauc\/files\/2015\/01\/urticaria-en-primera-persona-cuadrado-74x85.png 74w\" sizes=\"auto, (max-width: 161px) 100vw, 161px\" \/><\/a>La Asociaci\u00f3n de Afectados de Urticaria Cr\u00f3nica ha inaugurado recientemente un espacio web en el que los afectados de urticaria cr\u00f3nica son los protagonistas.<\/p>\n<p>En primer lugar, encontramos un blog en el que los afectados de urticaria cr\u00f3nica contar\u00e1n <em>en primera persona<\/em> sus experiencias con la enfermedad.<\/p>\n<p>En segundo lugar, se ha creado tambi\u00e9n un foro de discusi\u00f3n para se puedan compartir de forma discreta los problemas, preocupaciones y alegr\u00edas de los afectados por la urticaria cr\u00f3nica.<\/p>\n<p>En la p\u00e1gina web podr\u00e1s encontrar m\u00e1s informaci\u00f3n sobre el proyecto es \u00ab<a href=\"http:\/\/enprimerapersona.urticariacronica.org\/2015\/01\/inauguramos-urticaria-en-primera-persona\/\">Urticaria, en primera persona<\/a>\u00ab.<\/p>\n","protected":false},"excerpt":{"rendered":"<p>La Asociaci\u00f3n de Afectados de Urticaria Cr\u00f3nica ha inaugurado recientemente un espacio web en el que los afectados de urticaria cr\u00f3nica son los protagonistas. En primer lugar, encontramos un blog en el que los afectados de urticaria cr\u00f3nica contar\u00e1n en primera persona sus experiencias con la enfermedad. En segundo lugar, se ha creado tambi\u00e9n un [&hellip;]<\/p>\n","protected":false},"author":962,"featured_media":0,"comment_status":"open","ping_status":"open","sticky":false,"template":"","format":"standard","meta":{"_acf_changed":false,"footnotes":""},"categories":[1424,1],"tags":[],"be_disease":[590,2703],"be_general":[],"be_media_type":[],"class_list":["post-132","post","type-post","status-publish","format-standard","hentry","category-proyectos","category-sin-categoria","be_disease-enfermedades-de-la-piel","be_disease-urticaria-cronica"],"acf":[],"_links":{"self":[{"href":"https:\/\/www.somospacientes.com\/aauc\/wp-json\/wp\/v2\/posts\/132","targetHints":{"allow":["GET"]}}],"collection":[{"href":"https:\/\/www.somospacientes.com\/aauc\/wp-json\/wp\/v2\/posts"}],"about":[{"href":"https:\/\/www.somospacientes.com\/aauc\/wp-json\/wp\/v2\/types\/post"}],"author":[{"embeddable":true,"href":"https:\/\/www.somospacientes.com\/aauc\/wp-json\/wp\/v2\/users\/962"}],"replies":[{"embeddable":true,"href":"https:\/\/www.somospacientes.com\/aauc\/wp-json\/wp\/v2\/comments?post=132"}],"version-history":[{"count":14,"href":"https:\/\/www.somospacientes.com\/aauc\/wp-json\/wp\/v2\/posts\/132\/revisions"}],"predecessor-version":[{"id":147,"href":"https:\/\/www.somospacientes.com\/aauc\/wp-json\/wp\/v2\/posts\/132\/revisions\/147"}],"wp:attachment":[{"href":"https:\/\/www.somospacientes.com\/aauc\/wp-json\/wp\/v2\/media?parent=132"}],"wp:term":[{"taxonomy":"category","embeddable":true,"href":"https:\/\/www.somospacientes.com\/aauc\/wp-json\/wp\/v2\/categories?post=132"},{"taxonomy":"post_tag","embeddable":true,"href":"https:\/\/www.somospacientes.com\/aauc\/wp-json\/wp\/v2\/tags?post=132"},{"taxonomy":"be_disease","embeddable":true,"href":"https:\/\/www.somospacientes.com\/aauc\/wp-json\/wp\/v2\/be_disease?post=132"},{"taxonomy":"be_general","embeddable":true,"href":"https:\/\/www.somospacientes.com\/aauc\/wp-json\/wp\/v2\/be_general?post=132"},{"taxonomy":"be_media_type","embeddable":true,"href":"https:\/\/www.somospacientes.com\/aauc\/wp-json\/wp\/v2\/be_media_type?post=132"}],"curies":[{"name":"wp","href":"https:\/\/api.w.org\/{rel}","templated":true}]}}