{"id":180,"date":"2012-11-26T17:47:31","date_gmt":"2012-11-26T16:47:31","guid":{"rendered":"https:\/\/www.somospacientes.com\/acra-2\/?p=180"},"modified":"2013-09-25T05:38:37","modified_gmt":"2013-09-25T03:38:37","slug":"campana-de-concientizacion-oxigeno-en-casa","status":"publish","type":"post","link":"https:\/\/www.somospacientes.com\/acra-2\/noticias\/proyectos\/campana-de-concientizacion-oxigeno-en-casa\/","title":{"rendered":"CAMPA\u00d1A DE CONCIENTIZACION \u00abOX\u00cdGENO EN CASA\u00bb"},"content":{"rendered":"<p>La Asociaci\u00f3n Cefalea en Racimos Ayuda ha lanzado el 31\/10\/2012 esta campa\u00f1a cuyo objetivo es concientizar a las instituciones m\u00e9dicas p\u00fablicas y privadas sobre la necesidad de prescribir ox\u00edgeno domiciliario a los enfermos de cefalea en racimos.<br \/>\nPara ello hemos elaborado una carta para ser presentada ante sus autoridades, en la que destacamos la vital importancia que reviste para nosotros contar con ox\u00edgeno en nuestros hogares.<br \/>\nPara cumplir este cometido necesitamos del compromiso y ayuda de todos\u00bfC\u00f3mo? Pues imprimiendo y presentando la carta en los hospitales, sanatorios, etc en las que son atendidos o que sean cercanos a vuestro domicilio.<br \/>\nQuienes deseen colaborar , ingresar a: <a href=\"https:\/\/www.facebook.com\/events\/371629199587455\/\"> \u00abCampa\u00f1a Ox\u00edgeno en casa\u00bb <\/a>para conocer los detalles.<\/p>\n<p><a href=\"https:\/\/www.somospacientes.com\/acra-2\/files\/2012\/11\/oxigeno.jpg\"><img loading=\"lazy\" decoding=\"async\" src=\"https:\/\/www.somospacientes.com\/acra-2\/files\/2012\/11\/oxigeno.jpg\" alt=\"\" width=\"180\" height=\"152\" class=\"aligncenter size-full wp-image-181\" srcset=\"https:\/\/www.somospacientes.com\/acra-2\/files\/2012\/11\/oxigeno.jpg 180w, https:\/\/www.somospacientes.com\/acra-2\/files\/2012\/11\/oxigeno-50x42.jpg 50w, https:\/\/www.somospacientes.com\/acra-2\/files\/2012\/11\/oxigeno-150x126.jpg 150w, https:\/\/www.somospacientes.com\/acra-2\/files\/2012\/11\/oxigeno-85x71.jpg 85w, https:\/\/www.somospacientes.com\/acra-2\/files\/2012\/11\/oxigeno-125x105.jpg 125w\" sizes=\"auto, (max-width: 180px) 100vw, 180px\" \/><\/a><\/p>\n","protected":false},"excerpt":{"rendered":"<p>La Asociaci\u00f3n Cefalea en Racimos Ayuda ha lanzado el 31\/10\/2012 esta campa\u00f1a cuyo objetivo es concientizar a las instituciones m\u00e9dicas p\u00fablicas y privadas sobre la necesidad de prescribir ox\u00edgeno domiciliario a los enfermos de cefalea en racimos. Para ello hemos elaborado una carta para ser presentada ante sus autoridades, en la que destacamos la vital [&hellip;]<\/p>\n","protected":false},"author":316,"featured_media":0,"comment_status":"open","ping_status":"open","sticky":false,"template":"","format":"standard","meta":{"_acf_changed":false,"footnotes":""},"categories":[1424],"tags":[],"be_disease":[797,802,593,638],"be_general":[],"be_media_type":[],"class_list":["post-180","post","type-post","status-publish","format-standard","hentry","category-proyectos","be_disease-cefalea","be_disease-dolor","be_disease-enfermedades-raras","be_disease-trastornos-del-cerebro-y-del-sistema-nervioso"],"acf":[],"_links":{"self":[{"href":"https:\/\/www.somospacientes.com\/acra-2\/wp-json\/wp\/v2\/posts\/180","targetHints":{"allow":["GET"]}}],"collection":[{"href":"https:\/\/www.somospacientes.com\/acra-2\/wp-json\/wp\/v2\/posts"}],"about":[{"href":"https:\/\/www.somospacientes.com\/acra-2\/wp-json\/wp\/v2\/types\/post"}],"author":[{"embeddable":true,"href":"https:\/\/www.somospacientes.com\/acra-2\/wp-json\/wp\/v2\/users\/316"}],"replies":[{"embeddable":true,"href":"https:\/\/www.somospacientes.com\/acra-2\/wp-json\/wp\/v2\/comments?post=180"}],"version-history":[{"count":16,"href":"https:\/\/www.somospacientes.com\/acra-2\/wp-json\/wp\/v2\/posts\/180\/revisions"}],"predecessor-version":[{"id":379,"href":"https:\/\/www.somospacientes.com\/acra-2\/wp-json\/wp\/v2\/posts\/180\/revisions\/379"}],"wp:attachment":[{"href":"https:\/\/www.somospacientes.com\/acra-2\/wp-json\/wp\/v2\/media?parent=180"}],"wp:term":[{"taxonomy":"category","embeddable":true,"href":"https:\/\/www.somospacientes.com\/acra-2\/wp-json\/wp\/v2\/categories?post=180"},{"taxonomy":"post_tag","embeddable":true,"href":"https:\/\/www.somospacientes.com\/acra-2\/wp-json\/wp\/v2\/tags?post=180"},{"taxonomy":"be_disease","embeddable":true,"href":"https:\/\/www.somospacientes.com\/acra-2\/wp-json\/wp\/v2\/be_disease?post=180"},{"taxonomy":"be_general","embeddable":true,"href":"https:\/\/www.somospacientes.com\/acra-2\/wp-json\/wp\/v2\/be_general?post=180"},{"taxonomy":"be_media_type","embeddable":true,"href":"https:\/\/www.somospacientes.com\/acra-2\/wp-json\/wp\/v2\/be_media_type?post=180"}],"curies":[{"name":"wp","href":"https:\/\/api.w.org\/{rel}","templated":true}]}}