{"id":279,"date":"2013-09-08T20:09:07","date_gmt":"2013-09-08T18:09:07","guid":{"rendered":"https:\/\/www.somospacientes.com\/acra-2\/?p=279"},"modified":"2013-09-25T05:47:12","modified_gmt":"2013-09-25T03:47:12","slug":"si-padeces-de-cefalea-en-racimos-y-necesitas-apoyo-e-informacion-unete-a-nuestro-grupo-de-ayuda","status":"publish","type":"post","link":"https:\/\/www.somospacientes.com\/acra-2\/noticias\/sin-categoria\/si-padeces-de-cefalea-en-racimos-y-necesitas-apoyo-e-informacion-unete-a-nuestro-grupo-de-ayuda\/","title":{"rendered":"Si padeces de Cefalea en Racimos y necesitas apoyo e informaci\u00f3n, \u00fanete a nuestro grupo de ayuda"},"content":{"rendered":"<p><strong>La Asociaci\u00f3n cuenta con un GRUPO DE APOYO gratuito conformado por enfermos de Cefalea en Racimos de habla hispana de todo el mundo (Espa\u00f1a; Argentina: M\u00e9xico; Uruguay;Colombia;Per\u00fa, Costa Rica, etc), familiares y amigos. En el Grupo hallar\u00e1s a otras personas que \u2013 como t\u00fa \u2013 sufren la misma problem\u00e1tica y comparten muchas de tus circunstancias. En un ambiente  humano y relajado te sentir\u00e1s comprendido y menos solo para hacer frente a esta dolorosa enfermedad.Para ingresar no es necesario ser socio de ACRA.<\/strong><\/p>\n<p><strong><a href=\"https:\/\/www.facebook.com\/groups\/170958236317006\/\" target=\"_blank\">GRUPO de la ASOCIACION CEFALEA EN RACIMOS AYUDA<\/a><\/strong><\/p>\n","protected":false},"excerpt":{"rendered":"<p>La Asociaci\u00f3n cuenta con un GRUPO DE APOYO gratuito conformado por enfermos de Cefalea en Racimos de habla hispana de todo el mundo (Espa\u00f1a; Argentina: M\u00e9xico; Uruguay;Colombia;Per\u00fa, Costa Rica, etc), familiares y amigos. En el Grupo hallar\u00e1s a otras personas que \u2013 como t\u00fa \u2013 sufren la misma problem\u00e1tica y comparten muchas de tus circunstancias. [&hellip;]<\/p>\n","protected":false},"author":316,"featured_media":0,"comment_status":"open","ping_status":"open","sticky":true,"template":"","format":"standard","meta":{"_acf_changed":false,"footnotes":""},"categories":[1],"tags":[],"be_disease":[797,802,593,638],"be_general":[],"be_media_type":[],"class_list":["post-279","post","type-post","status-publish","format-standard","hentry","category-sin-categoria","be_disease-cefalea","be_disease-dolor","be_disease-enfermedades-raras","be_disease-trastornos-del-cerebro-y-del-sistema-nervioso"],"acf":[],"_links":{"self":[{"href":"https:\/\/www.somospacientes.com\/acra-2\/wp-json\/wp\/v2\/posts\/279","targetHints":{"allow":["GET"]}}],"collection":[{"href":"https:\/\/www.somospacientes.com\/acra-2\/wp-json\/wp\/v2\/posts"}],"about":[{"href":"https:\/\/www.somospacientes.com\/acra-2\/wp-json\/wp\/v2\/types\/post"}],"author":[{"embeddable":true,"href":"https:\/\/www.somospacientes.com\/acra-2\/wp-json\/wp\/v2\/users\/316"}],"replies":[{"embeddable":true,"href":"https:\/\/www.somospacientes.com\/acra-2\/wp-json\/wp\/v2\/comments?post=279"}],"version-history":[{"count":11,"href":"https:\/\/www.somospacientes.com\/acra-2\/wp-json\/wp\/v2\/posts\/279\/revisions"}],"predecessor-version":[{"id":284,"href":"https:\/\/www.somospacientes.com\/acra-2\/wp-json\/wp\/v2\/posts\/279\/revisions\/284"}],"wp:attachment":[{"href":"https:\/\/www.somospacientes.com\/acra-2\/wp-json\/wp\/v2\/media?parent=279"}],"wp:term":[{"taxonomy":"category","embeddable":true,"href":"https:\/\/www.somospacientes.com\/acra-2\/wp-json\/wp\/v2\/categories?post=279"},{"taxonomy":"post_tag","embeddable":true,"href":"https:\/\/www.somospacientes.com\/acra-2\/wp-json\/wp\/v2\/tags?post=279"},{"taxonomy":"be_disease","embeddable":true,"href":"https:\/\/www.somospacientes.com\/acra-2\/wp-json\/wp\/v2\/be_disease?post=279"},{"taxonomy":"be_general","embeddable":true,"href":"https:\/\/www.somospacientes.com\/acra-2\/wp-json\/wp\/v2\/be_general?post=279"},{"taxonomy":"be_media_type","embeddable":true,"href":"https:\/\/www.somospacientes.com\/acra-2\/wp-json\/wp\/v2\/be_media_type?post=279"}],"curies":[{"name":"wp","href":"https:\/\/api.w.org\/{rel}","templated":true}]}}