{"id":108,"date":"2013-04-29T12:46:04","date_gmt":"2013-04-29T10:46:04","guid":{"rendered":"https:\/\/www.somospacientes.com\/adiem-vega-baja\/?p=108"},"modified":"2013-04-29T12:53:41","modified_gmt":"2013-04-29T10:53:41","slug":"campana-de-la-x-solidaria-para-la-renta-2012","status":"publish","type":"post","link":"https:\/\/www.somospacientes.com\/adiem-vega-baja\/noticias\/sin-categoria\/campana-de-la-x-solidaria-para-la-renta-2012\/","title":{"rendered":"Campa\u00f1a de la X solidaria para la Renta 2012"},"content":{"rendered":"<p style=\"text-align: center\"><strong>MARCA LA CASILLA DE FINES SOCIALES EN LA DECLARACI\u00d3N DE LA RENTA<\/strong><\/p>\n<p style=\"text-align: justify\"><span style=\"text-align: justify\">FEAFES CV pide a todos los contribuyentes, en especial a aquellos relacionados con el movimiento asociativo y la salud mental, que no dejen pasar la oportunidad de mejorar la atenci\u00f3n social en Espa\u00f1a en general y hacia las personas con enfermedad mental y sus familias en particular, marcando la casilla de fines sociales en su pr\u00f3xima declaraci\u00f3n de la renta.<\/span><\/p>\n<p style=\"text-align: justify\">Al marcar Fines Sociales en la declaraci\u00f3n de la renta, adem\u00e1s de contribuir con el desarrollo de programas de acci\u00f3n social, un 78% del total recaudado, tambi\u00e9n se apoya la ejecuci\u00f3n de programas de cooperaci\u00f3n al desarrollo, un 19% del total, y la puesta en marcha de programas dirigidos a favorecer el medio ambiente, un 3%.<\/p>\n<blockquote><p><em>Frente a los recortes presupuestarios de administraciones p\u00fablicas y entidades privadas, este modo de financiaci\u00f3n es m\u00e1s necesario que nunca para el conjunto de las organizaciones sociales.<\/em><\/p><\/blockquote>\n<p style=\"text-align: justify\">Marcar la casilla de Fines Sociales es un gesto solidario que no cuesta nada, la persona contribuyente, al hacer la declaraci\u00f3n de la Renta, no va a tener que pagar m\u00e1s ni le van a devolver menos. Adem\u00e1s, tambi\u00e9n puede marcar la casilla de la Iglesia Cat\u00f3lica junto con la de Fines Sociales y, de esta manera, destinar\u00e1 un 0,7 % a cada una de ellas. Simultaneando las dos casillas, la ayuda no se divide, se suma.<\/p>\n<p><strong>M\u00e1s necesario que nunca<\/strong><\/p>\n<p style=\"text-align: justify\">En este momento en el que el conjunto de las entidades sociales est\u00e1n sufriendo duros recortes en la financiaci\u00f3n tanto de administraciones p\u00fablicas como de entidades privadas, la asignaci\u00f3n a cargo de la casilla de Fines Sociales se presenta como m\u00e1s necesaria que nunca para el mantenimiento de cientos de programas sociales en Espa\u00f1a.<\/p>\n<p style=\"text-align: justify\">Gracias a la solidaridad de las personas contribuyentes que marcaron Fines Sociales en su declaraci\u00f3n de la Renta, este 2013 casi\u00a0<strong>seis millones de personas en riesgo de exclusi\u00f3n social se beneficiar\u00e1n de los programas financiados por el IRPF<\/strong>. Durante este a\u00f1o se pondr\u00e1n en marcha\u00a0<strong>1.103 proyectos sociales<\/strong> llevados a cabo por 425 ONG de Acci\u00f3n Social, adem\u00e1s de cientos de proyectos en pa\u00edses de \u00c1frica, Am\u00e9rica Latina y Asia realizados por ONG para el Desarrollo.<\/p>\n<p style=\"text-align: center\"><img loading=\"lazy\" decoding=\"async\" class=\"aligncenter\" src=\"http:\/\/farm9.staticflickr.com\/8396\/8692426088_4ac6cb2dbc_z.jpg\" alt=\"\" width=\"512\" height=\"195\" \/><\/p>\n<p style=\"text-align: justify\">El presidente de la Plataforma de ONG de Acci\u00f3n Social destac\u00f3 que gracias a la\u00a0<strong>solidaridad de la ciudadan\u00eda<\/strong>, el importe recaudado para Fines Sociales por las declaraciones presentadas en 2012 (ejercicio fiscal 2011) ha sido de\u00a0<strong>270 millones, ocho millones m\u00e1s que el a\u00f1o anterior<\/strong>.<\/p>\n<p style=\"text-align: justify\">En este sentido apunt\u00f3 que, seg\u00fan los \u00faltimos datos proporcionados por el Ministerio de Hacienda y Administraciones P\u00fablicas, el a\u00f1o pasado \u201c<strong><em>300.000 personas m\u00e1s marcaron la casilla de Fines Sociales<\/em><\/strong>\u201d, hasta sumar \u201c<em>un 50% del total de personas contribuyentes<\/em>\u201d. Sin embargo, \u201c<em>quiz\u00e1s por desconocimiento<\/em>\u201d, otro 50% de personas deja en blanco esta asignaci\u00f3n o marca, en exclusiva, la casilla de la Iglesia Cat\u00f3lica, seg\u00fan el presidente de esta Plataforma de entidades de acci\u00f3n social, \u201c<em>porque es posible que no sepan que ambas asignaciones se suman y no se dividen<\/em>\u201d.<\/p>\n<p style=\"text-align: justify\">Como los efectos de la crisis se acent\u00faan, \u201c<strong><em>el impuesto de la Renta es el \u00fanico que permite a la ciudadan\u00eda decidir el destino de un porcentaje de los impuestos que ya le han sido retenidos<\/em><\/strong>\u201d, por tanto, ha explicado, es \u201c<em>muy importante<\/em>\u201d que este a\u00f1o las personas demuestren su solidaridad marcando la casilla de Fines Sociales, un gesto solidario, que no les cuesta nada, \u201c<em>No van a tener que pagar m\u00e1s, ni les van a devolver menos<\/em>\u201d.<\/p>\n<p>M\u00e1s informaci\u00f3n:\u00a0<a href=\"http:\/\/www.xsolidaria.org\/\">http:\/\/www.xsolidaria.org\/<\/a><\/p>\n<div align=\"center\"><\/div>\n<p style=\"text-align: right\">Fuente:<em> <a href=\"http:\/\/feafes.org\/sala-prensa\/la-casilla-de-fines-sociales-de-la-declaracion-de-la-renta-ayudara-en-2013-a-casi-6-millones-de-personas-14982\/\" target=\"_blank\">Feafes C.V.<\/a><\/em><\/p>\n","protected":false},"excerpt":{"rendered":"<p>MARCA LA CASILLA DE FINES SOCIALES EN LA DECLARACI\u00d3N DE LA RENTA FEAFES CV pide a todos los contribuyentes, en especial a aquellos relacionados con el movimiento asociativo y la salud mental, que no dejen pasar la oportunidad de mejorar la atenci\u00f3n social en Espa\u00f1a en general y hacia las personas con enfermedad mental y [&hellip;]<\/p>\n","protected":false},"author":321,"featured_media":0,"comment_status":"open","ping_status":"open","sticky":false,"template":"","format":"standard","meta":{"_acf_changed":false,"footnotes":""},"categories":[1],"tags":[],"be_disease":[],"be_general":[],"be_media_type":[],"class_list":["post-108","post","type-post","status-publish","format-standard","hentry","category-sin-categoria"],"acf":[],"_links":{"self":[{"href":"https:\/\/www.somospacientes.com\/adiem-vega-baja\/wp-json\/wp\/v2\/posts\/108","targetHints":{"allow":["GET"]}}],"collection":[{"href":"https:\/\/www.somospacientes.com\/adiem-vega-baja\/wp-json\/wp\/v2\/posts"}],"about":[{"href":"https:\/\/www.somospacientes.com\/adiem-vega-baja\/wp-json\/wp\/v2\/types\/post"}],"author":[{"embeddable":true,"href":"https:\/\/www.somospacientes.com\/adiem-vega-baja\/wp-json\/wp\/v2\/users\/321"}],"replies":[{"embeddable":true,"href":"https:\/\/www.somospacientes.com\/adiem-vega-baja\/wp-json\/wp\/v2\/comments?post=108"}],"version-history":[{"count":7,"href":"https:\/\/www.somospacientes.com\/adiem-vega-baja\/wp-json\/wp\/v2\/posts\/108\/revisions"}],"predecessor-version":[{"id":116,"href":"https:\/\/www.somospacientes.com\/adiem-vega-baja\/wp-json\/wp\/v2\/posts\/108\/revisions\/116"}],"wp:attachment":[{"href":"https:\/\/www.somospacientes.com\/adiem-vega-baja\/wp-json\/wp\/v2\/media?parent=108"}],"wp:term":[{"taxonomy":"category","embeddable":true,"href":"https:\/\/www.somospacientes.com\/adiem-vega-baja\/wp-json\/wp\/v2\/categories?post=108"},{"taxonomy":"post_tag","embeddable":true,"href":"https:\/\/www.somospacientes.com\/adiem-vega-baja\/wp-json\/wp\/v2\/tags?post=108"},{"taxonomy":"be_disease","embeddable":true,"href":"https:\/\/www.somospacientes.com\/adiem-vega-baja\/wp-json\/wp\/v2\/be_disease?post=108"},{"taxonomy":"be_general","embeddable":true,"href":"https:\/\/www.somospacientes.com\/adiem-vega-baja\/wp-json\/wp\/v2\/be_general?post=108"},{"taxonomy":"be_media_type","embeddable":true,"href":"https:\/\/www.somospacientes.com\/adiem-vega-baja\/wp-json\/wp\/v2\/be_media_type?post=108"}],"curies":[{"name":"wp","href":"https:\/\/api.w.org\/{rel}","templated":true}]}}