{"id":34,"date":"2012-06-13T14:19:58","date_gmt":"2012-06-13T12:19:58","guid":{"rendered":"https:\/\/www.somospacientes.com\/adiem-vega-baja\/?p=34"},"modified":"2012-06-13T14:19:58","modified_gmt":"2012-06-13T12:19:58","slug":"adiem-obtiene-de-aenor-el-sello-de-excelencia-europea-400","status":"publish","type":"post","link":"https:\/\/www.somospacientes.com\/adiem-vega-baja\/noticias\/sin-categoria\/adiem-obtiene-de-aenor-el-sello-de-excelencia-europea-400\/","title":{"rendered":"ADIEM obtiene de AENOR el Sello de Excelencia Europea 400+"},"content":{"rendered":"<p style=\"text-align: justify\"><strong>El acto oficial de entrega tuvo lugar el martes d\u00eda 22 de mayo a las 12:00 horas en el CRIS de Torrevieja. Intervinieron en el acto, Roque Giner, Director de la Asociaci\u00f3n Espa\u00f1ola de Normalizaci\u00f3n y Certificaci\u00f3n (AENOR) en la Comunidad Valenciana, D. Eduardo Dol\u00f3n, Alcalde del Ayuntamiento de Torrevieja, Gertrudis Marcos, Presidenta de ADIEM, y Francisco Canales, Gerente de ADIEM. Al acto tambi\u00e9n asisti\u00f3 D. \u00c1lvaro Prieto, Secretario Territorial de la Conseller\u00eda de Justicia y Bienestar Social<\/strong><\/p>\n<p style=\"text-align: justify\">AENOR, por concesi\u00f3n del Club de Excelencia en Gesti\u00f3n, ha otorgado a la Asociaci\u00f3n ADIEM, el Sello Excelencia Europea 400+, en reconocimiento a la calidad de su sistema de Gesti\u00f3n, en un acto en el que se ha hecho entrega de este galard\u00f3n que confirma el reconocimiento a la buena gesti\u00f3n de la Asociaci\u00f3n (a trav\u00e9s del modelo EFQM de Excelencia), reconoci\u00e9ndose el trabajo y compromiso llevado a cabo por todos los miembros de ADIEM.<\/p>\n<p style=\"text-align: center\"><a href=\"http:\/\/farm8.staticflickr.com\/7238\/7254623212_1e6260bb63_c.jpg\"><img loading=\"lazy\" decoding=\"async\" class=\"aligncenter\" src=\"http:\/\/farm8.staticflickr.com\/7238\/7254623212_1e6260bb63_c.jpg\" alt=\"\" width=\"576\" height=\"383\" \/><\/a><\/p>\n<p style=\"text-align: justify\">El acto que se inici\u00f3 con la bienvenida a los asistentes por parte de la Presidenta Gertrudis Marcos, seguido de la intervenci\u00f3n de Francisco Canales, Gerente de ADIEM, resaltando que, \u201cpara ADIEM, este sistema es una apuesta por la mejora continuada y la innovaci\u00f3n, fundamentada en la autoevaluaci\u00f3n y en el establecimiento de alianzas y estrategias que mejoren los resultados de la gesti\u00f3n\u201d. Roque Giner destac\u00f3 la evoluci\u00f3n positiva de la Asociaci\u00f3n en estos \u00faltimos a\u00f1os y su compromiso por mejorar los resultados con sus socios usuarios y familiares. El acto finaliz\u00f3 con la intervenci\u00f3n del Alcalde D. Eduardo Dol\u00f3n, que dio la enhorabuena a los representantes de ADIEM, resaltando la labor de la Entidad para trabajar por la mejora de la calidad de vida de las personas con enfermedad y las familias, dando posteriormente paso a la entrega oficial del Galard\u00f3n.<!--more--><\/p>\n<p style=\"text-align: justify\">Desde el a\u00f1o 2006, el equipo de profesionales, ven\u00eda trabajando en la definici\u00f3n y dise\u00f1o de los procesos, para su posterior implantaci\u00f3n en el sistema de gesti\u00f3n de la Entidad y de todos sus servicios. El eje, ha sido la mejora de la calidad de vida de las personas con enfermedad mental y sus familiares y la satisfacci\u00f3n respecto a los servicios prestados, siendo conscientes de que los verdaderos protagonistas de la intervenci\u00f3n son los propios usuarios, fomentando por ello su autodeterminaci\u00f3n y la participaci\u00f3n activa en la mejora de unos servicios m\u00e1s ajustados a sus necesidades.<\/p>\n<p style=\"text-align: justify\">ADIEM es la primera Entidad prestadora de Servicios Sociales o Sanitarios de la Comunidad Valenciana en obtener este nivel de reconocimiento a la Excelencia Europea EFQM 400+.<\/p>\n<p style=\"text-align: justify\">El desarrollo de la calidad ha tenido siempre como referencia la misi\u00f3n de ADIEM, que es mejorar la calidad de vida de las personas con enfermedad mental y sus familias, y en concreto, apoyarles en su proyecto de vida. Trabajar con calidad, responde a unos valores orientados a ofrecer cada d\u00eda mejores servicios, m\u00e1s ajustados a necesidades reales y que defiendan los derechos y la dignidad de las personas.<\/p>\n<p style=\"text-align: justify\">El compromiso y esfuerzo por la mejora continua de unos servicios ajustados a las necesidades de sus usuarios, ha supuesto la revisi\u00f3n permanente del dise\u00f1o y desarrollo de sus proyectos. Por ello, era importante adem\u00e1s, conocer sus niveles de satisfacci\u00f3n y sugerencias hacia los servicios que reciben y fomentar su participaci\u00f3n en todo el proceso.<\/p>\n<p style=\"text-align: justify\">Gertrudis Marcos, se\u00f1al\u00f3 que \u201choy adem\u00e1s, celebramos nuestro 15\u00ba aniversario, y por ello es un d\u00eda importante para nosotros al ver como con humildad, el esfuerzo realizado durante a\u00f1os se ve reconocido, siendo el reconocimiento m\u00e1s satisfactorio, ver como cada d\u00eda mejora la vida de muchas personas en ADIEM\u201d.<\/p>\n<p style=\"text-align: center\"><a href=\"https:\/\/www.facebook.com\/media\/set\/?set=a.10150896039925275.433326.186873005274&amp;type=3\" target=\"_blank\">Para ver mas fotos, hacer click aqu\u00ed<\/a><\/p>\n","protected":false},"excerpt":{"rendered":"<p>El acto oficial de entrega tuvo lugar el martes d\u00eda 22 de mayo a las 12:00 horas en el CRIS de Torrevieja. Intervinieron en el acto, Roque Giner, Director de la Asociaci\u00f3n Espa\u00f1ola de Normalizaci\u00f3n y Certificaci\u00f3n (AENOR) en la Comunidad Valenciana, D. Eduardo Dol\u00f3n, Alcalde del Ayuntamiento de Torrevieja, Gertrudis Marcos, Presidenta de ADIEM, [&hellip;]<\/p>\n","protected":false},"author":321,"featured_media":0,"comment_status":"open","ping_status":"open","sticky":false,"template":"","format":"standard","meta":{"_acf_changed":false,"footnotes":""},"categories":[1],"tags":[],"be_disease":[646],"be_general":[],"be_media_type":[],"class_list":["post-34","post","type-post","status-publish","format-standard","hentry","category-sin-categoria","be_disease-salud-mental"],"acf":[],"_links":{"self":[{"href":"https:\/\/www.somospacientes.com\/adiem-vega-baja\/wp-json\/wp\/v2\/posts\/34","targetHints":{"allow":["GET"]}}],"collection":[{"href":"https:\/\/www.somospacientes.com\/adiem-vega-baja\/wp-json\/wp\/v2\/posts"}],"about":[{"href":"https:\/\/www.somospacientes.com\/adiem-vega-baja\/wp-json\/wp\/v2\/types\/post"}],"author":[{"embeddable":true,"href":"https:\/\/www.somospacientes.com\/adiem-vega-baja\/wp-json\/wp\/v2\/users\/321"}],"replies":[{"embeddable":true,"href":"https:\/\/www.somospacientes.com\/adiem-vega-baja\/wp-json\/wp\/v2\/comments?post=34"}],"version-history":[{"count":1,"href":"https:\/\/www.somospacientes.com\/adiem-vega-baja\/wp-json\/wp\/v2\/posts\/34\/revisions"}],"predecessor-version":[{"id":35,"href":"https:\/\/www.somospacientes.com\/adiem-vega-baja\/wp-json\/wp\/v2\/posts\/34\/revisions\/35"}],"wp:attachment":[{"href":"https:\/\/www.somospacientes.com\/adiem-vega-baja\/wp-json\/wp\/v2\/media?parent=34"}],"wp:term":[{"taxonomy":"category","embeddable":true,"href":"https:\/\/www.somospacientes.com\/adiem-vega-baja\/wp-json\/wp\/v2\/categories?post=34"},{"taxonomy":"post_tag","embeddable":true,"href":"https:\/\/www.somospacientes.com\/adiem-vega-baja\/wp-json\/wp\/v2\/tags?post=34"},{"taxonomy":"be_disease","embeddable":true,"href":"https:\/\/www.somospacientes.com\/adiem-vega-baja\/wp-json\/wp\/v2\/be_disease?post=34"},{"taxonomy":"be_general","embeddable":true,"href":"https:\/\/www.somospacientes.com\/adiem-vega-baja\/wp-json\/wp\/v2\/be_general?post=34"},{"taxonomy":"be_media_type","embeddable":true,"href":"https:\/\/www.somospacientes.com\/adiem-vega-baja\/wp-json\/wp\/v2\/be_media_type?post=34"}],"curies":[{"name":"wp","href":"https:\/\/api.w.org\/{rel}","templated":true}]}}