{"id":68,"date":"2012-11-19T13:16:18","date_gmt":"2012-11-19T12:16:18","guid":{"rendered":"https:\/\/www.somospacientes.com\/adiem-vega-baja\/?p=68"},"modified":"2012-11-19T13:19:46","modified_gmt":"2012-11-19T12:19:46","slug":"se-cumplen-10-anos-de-la-apertura-de-la-primera-vivienda-tutelada-de-adiem-en-la-comarca","status":"publish","type":"post","link":"https:\/\/www.somospacientes.com\/adiem-vega-baja\/noticias\/sin-categoria\/se-cumplen-10-anos-de-la-apertura-de-la-primera-vivienda-tutelada-de-adiem-en-la-comarca\/","title":{"rendered":"Se cumplen 10 a\u00f1os de la apertura de la primera Vivienda Tutelada de ADIEM en la comarca"},"content":{"rendered":"<p style=\"text-align: justify\">El pasado mes de octubre, se cumplieron 10 a\u00f1os desde que se puso en marcha la primera Vivienda Tutelada para personas con enfermedad mental en la Comarca de la Vega Baja, \u201cun recurso que ha permitido que sus usuarios y usuarias, puedan disponer de una vivienda digna y estable cubriendo necesidades b\u00e1sicas y esenciales para cualquier ciudadano\u201d, explica Ana Mengual, educadora de uno de los centros, destacando que \u201cdesde ella, no s\u00f3lo se pretende ofrecer una vivienda con apoyos, sino tambi\u00e9n mejorar la autonom\u00eda y la calidad de vida del usuario y facilitarle el acceso a diferentes servicios socio-comunitarios\u201d.<\/p>\n<p style=\"text-align: justify\">Hasta la fecha, ADIEM cuenta con 3 Viviendas Tuteladas, 2 de hombres y 1 de mujeres. Entre ellas encontramos la pionera en la Comarca, la \u201cCasa Thader\u201d, que ha prestado apoyo en el proceso rehabilitador a cerca de una decena de personas con enfermedad mental cr\u00f3nica en \u00e9sta  d\u00e9cada de funcionamiento. Gertrudis Marcos, presidenta de ADIEM, destaca que \u201cen esta Vivienda, 4 usuarios han recibido el alta por consecuci\u00f3n de objetivos, de los cuales 1 reside en su domicilio familiar y 3 de ellos viven de forma aut\u00f3noma\u201d.<\/p>\n<div align=\"center\"><img loading=\"lazy\" decoding=\"async\" src=\"http:\/\/www.adiem.org\/wp-content\/uploads\/2012\/11\/FOTO-1.jpg\" alt=\"\" width=\"101\" height=\"187\" \/> <img loading=\"lazy\" decoding=\"async\" src=\"http:\/\/www.adiem.org\/wp-content\/uploads\/2012\/11\/FOTO-2.jpg\" alt=\"\" width=\"236\" height=\"187\" \/><\/div>\n<p style=\"text-align: justify\">Que mejor manera de entender la vivienda tutelada que recogiendo la experiencia de dos personas que han pasado por ella.<!--more--><\/p>\n<p style=\"text-align: justify\"><strong><span style=\"text-decoration: underline\"> <\/span><\/strong><\/p>\n<p style=\"text-align: justify\">Jos\u00e9 nos explicaba como fue su paso por el Centro, destacando que \u201c<em>se hace muy dif\u00edcil expresar con palabras c\u00f3mo fue mi evoluci\u00f3n por la vivienda tutelada, pero solo me viene a la cabeza bien en may\u00fasculas. Estuve <\/em><em>6<\/em><em> a\u00f1os y ese tiempo me ense\u00f1\u00f3 a aprender una nueva vida, m\u00e1s que la vivienda tutelada, me llevo el trato recibido por los educadores para conseguir que tuvi\u00e9ramos autonom\u00eda y pudi\u00e9ramos manejarnos en un futuro, un trato cercano, disponible cuando lo necesit\u00e1bamos, y tambi\u00e9n me llevo el v\u00ednculo imborrable que se crea entre todos nosotros (compa\u00f1eros y educadores). Me quedo con grandes recuerdos, dif\u00edciles de olvidar, como cuando me present\u00e9 a los compa\u00f1eros, cuando me ayudaron a levantarme en los malos momentos, la primera vez que cocine para todos, y muchos m\u00e1s, pero lo m\u00e1s grande que me llevo son las personas que hicieron posible mi entrada en vivienda y mi alta, porque consiguieron que sea el que actualmente soy: una persona que vive independiente, que sabe administrarse, que realiza sus tareas dom\u00e9sticas y no se descuida personalmente\u201d.<\/em><\/p>\n<p style=\"text-align: justify\">Desde Vivienda tutelada intentamos favorecer al m\u00e1ximo la autonom\u00eda personal y fomentar el papel activo de la persona adquiriendo habilidades en diferentes \u00e1reas de su vida (manutenci\u00f3n, autocuidado, medicaci\u00f3n, manejo de dinero, relaciones sociales) para emprender una vida normalizada y aut\u00f3noma.<\/p>\n<p style=\"text-align: justify\">Los educadores realizan una labor de tutorizaci\u00f3n directa e individualizada con el usuario prestando supervisi\u00f3n y apoyo tanto en las actividades diarias como en las diferentes gestiones que se precisan. As\u00ed como a trav\u00e9s de un trabajo coordinado y complementario con los Servicios Sanitarios Especializados (la U.S.M. primordialmente), con los Servicios Sociales Municipales, y dem\u00e1s instituciones.<\/p>\n<p style=\"text-align: justify\">Un reflejo del trabajo realizado d\u00eda a d\u00eda en nuestra vivienda, lo encontramos hablando con un usuario que actualmente reside en vivienda thader.<\/p>\n<p style=\"text-align: justify\">Jos\u00e9 \u00c1ngel nos relataba que<em> \u201centr\u00e9 en el a\u00f1o 2005 tras el repentino fallecimiento de mis padres, y mi posterior abandono y p\u00e9rdida de habilidades de todo tipo. Valoro de forma muy positiva la labor y apoyo prestado por los educadores que en todo momento me ayudaron a pasar la \u00e9poca de duelo, a realizar las tareas de la vida diaria tan \u00fatiles como mi aseo personal, autocuidado, cocina, tomar la medicaci\u00f3n de forma diaria, imprescindible en mi vida, habilidades sociales, y mucho m\u00e1s.. Me gustar\u00eda, y s\u00e9 que lo har\u00e9, conseguir con el apoyo de mis educadores, una autonom\u00eda plena, que me permita vivir de forma independiente el d\u00eda de ma\u00f1ana<\/em>\u201d.<\/p>\n<p style=\"text-align: justify\">Gracias a la existencia de este tipo de recursos, las personas con enfermedad mental, parten con las mismas oportunidades que el resto, pudiendo emprender as\u00ed, una vida digna, normalizada, dentro de nuestra sociedad, una sociedad que a veces les excluye y les impide avanzar en calidad.<\/p>\n","protected":false},"excerpt":{"rendered":"<p>El pasado mes de octubre, se cumplieron 10 a\u00f1os desde que se puso en marcha la primera Vivienda Tutelada para personas con enfermedad mental en la Comarca de la Vega Baja, \u201cun recurso que ha permitido que sus usuarios y usuarias, puedan disponer de una vivienda digna y estable cubriendo necesidades b\u00e1sicas y esenciales para [&hellip;]<\/p>\n","protected":false},"author":321,"featured_media":0,"comment_status":"open","ping_status":"open","sticky":false,"template":"","format":"standard","meta":{"_acf_changed":false,"footnotes":""},"categories":[1],"tags":[],"be_disease":[],"be_general":[],"be_media_type":[],"class_list":["post-68","post","type-post","status-publish","format-standard","hentry","category-sin-categoria"],"acf":[],"_links":{"self":[{"href":"https:\/\/www.somospacientes.com\/adiem-vega-baja\/wp-json\/wp\/v2\/posts\/68","targetHints":{"allow":["GET"]}}],"collection":[{"href":"https:\/\/www.somospacientes.com\/adiem-vega-baja\/wp-json\/wp\/v2\/posts"}],"about":[{"href":"https:\/\/www.somospacientes.com\/adiem-vega-baja\/wp-json\/wp\/v2\/types\/post"}],"author":[{"embeddable":true,"href":"https:\/\/www.somospacientes.com\/adiem-vega-baja\/wp-json\/wp\/v2\/users\/321"}],"replies":[{"embeddable":true,"href":"https:\/\/www.somospacientes.com\/adiem-vega-baja\/wp-json\/wp\/v2\/comments?post=68"}],"version-history":[{"count":2,"href":"https:\/\/www.somospacientes.com\/adiem-vega-baja\/wp-json\/wp\/v2\/posts\/68\/revisions"}],"predecessor-version":[{"id":70,"href":"https:\/\/www.somospacientes.com\/adiem-vega-baja\/wp-json\/wp\/v2\/posts\/68\/revisions\/70"}],"wp:attachment":[{"href":"https:\/\/www.somospacientes.com\/adiem-vega-baja\/wp-json\/wp\/v2\/media?parent=68"}],"wp:term":[{"taxonomy":"category","embeddable":true,"href":"https:\/\/www.somospacientes.com\/adiem-vega-baja\/wp-json\/wp\/v2\/categories?post=68"},{"taxonomy":"post_tag","embeddable":true,"href":"https:\/\/www.somospacientes.com\/adiem-vega-baja\/wp-json\/wp\/v2\/tags?post=68"},{"taxonomy":"be_disease","embeddable":true,"href":"https:\/\/www.somospacientes.com\/adiem-vega-baja\/wp-json\/wp\/v2\/be_disease?post=68"},{"taxonomy":"be_general","embeddable":true,"href":"https:\/\/www.somospacientes.com\/adiem-vega-baja\/wp-json\/wp\/v2\/be_general?post=68"},{"taxonomy":"be_media_type","embeddable":true,"href":"https:\/\/www.somospacientes.com\/adiem-vega-baja\/wp-json\/wp\/v2\/be_media_type?post=68"}],"curies":[{"name":"wp","href":"https:\/\/api.w.org\/{rel}","templated":true}]}}