{"id":71,"date":"2012-11-19T14:35:16","date_gmt":"2012-11-19T13:35:16","guid":{"rendered":"https:\/\/www.somospacientes.com\/adiem-vega-baja\/?p=71"},"modified":"2012-11-19T14:35:16","modified_gmt":"2012-11-19T13:35:16","slug":"celebramos-el-dia-mundial-de-la-salud-mental","status":"publish","type":"post","link":"https:\/\/www.somospacientes.com\/adiem-vega-baja\/noticias\/sin-categoria\/celebramos-el-dia-mundial-de-la-salud-mental\/","title":{"rendered":"Celebramos el D\u00eda Mundial de la Salud Mental"},"content":{"rendered":"<p style=\"text-align: justify\">Con motivo de la celebraci\u00f3n del D\u00eda Mundial de la Salud Mental, la Asociaci\u00f3n Vega Baja est\u00e1 llevando a cabo durante el mes de Octubre diversas actividades con la finalidad de informar y mentalizar a la sociedad acerca de la importancia de promover la uni\u00f3n de esfuerzos para luchar por la promoci\u00f3n de la salud mental entre la poblaci\u00f3n.<\/p>\n<p style=\"text-align: justify\">Este a\u00f1o el movimiento asociativo ha escogido por lema \u201cLa mejor inversi\u00f3n, tu salud mental\u201d. Con \u00e9l se pretende llamar la atenci\u00f3n tanto de Administraciones P\u00fablicas como de la sociedad de la necesidad de dedicar los recursos necesarios para cuidar este aspecto b\u00e1sico de la salud. Por un lado, es necesaria la inversi\u00f3n en recursos de atenci\u00f3n en salud mental como un derecho b\u00e1sico de la ciudadan\u00eda y por otro, cada uno de nosotros, deber\u00eda invertir tiempo y atenci\u00f3n a su propia salud mental y a la de las personas de su entorno: familiares, amistades o compa\u00f1eros de trabajo.<\/p>\n<p style=\"text-align: justify\">Entre el 2\u20195 y el 3% de la poblaci\u00f3n adulta tiene una enfermedad mental cr\u00f3nica, es decir, m\u00e1s de 10 mil personas en la Comarca de la Vega Baja, necesitaran apoyos de forma continuada, y las encuestas dicen que m\u00e1s de la mitad de personas con enfermedad mental no recibe ning\u00fan tipo de tratamiento. Seg\u00fan la Presidenta de ADIEM, Gertrudis Marcos, \u201cel problema en salud mental es el gran n\u00famero de personas con enfermedad mental que no cuentan con un tratamiento adecuado, bien porque no se tienen en cuenta todas las \u00e1reas de rehabilitaci\u00f3n de la persona o bien porque no se llega a ofrecer una continuidad en los cuidados y atenci\u00f3n\u201d.<\/p>\n<p style=\"text-align: justify\">Durante este mes, est\u00e1n previstos una serie de actos dirigidos a la promoci\u00f3n de la salud mental a trav\u00e9s de mesas informativas en diversas localidades de la Comarca como Orihuela, Torrevieja, Callosa de Segura y Almorad\u00ed. Por otro lado se realizar\u00e1 en el CRIS de Torrevieja una jornada de puertas abiertas en la que se realizar\u00e1n actividades de difusi\u00f3n de los Programas del Centro as\u00ed como la exposici\u00f3n de trabajos art\u00edsticos realizados por los usuarios del mismo.<\/p>\n<p style=\"text-align: center\"><a href=\"http:\/\/farm9.staticflickr.com\/8486\/8199992290_6fcc373b28_c.jpg\"><img loading=\"lazy\" decoding=\"async\" class=\"aligncenter\" src=\"http:\/\/farm9.staticflickr.com\/8486\/8199992290_6fcc373b28_c.jpg\" alt=\"\" width=\"560\" height=\"359\" \/><\/a><\/p>\n<p style=\"text-align: justify\">Como actividad cultural, hoy viernes 19, se celebrar\u00e1 en el Teatro Municipal de Torrevieja la actuaci\u00f3n de los monologuistas Dani Rovira y Pedro Llamas, que ser\u00e1 precedido de un breve acto para promocionar la salud mental en la poblaci\u00f3n.<\/p>\n<p style=\"text-align: justify\">El pasado d\u00eda 10, desde el CRIS ADIEM no quisieron perder la oportunidad de reunir a todos los miembros de ADIEM (usuarios, familiares y profesionales) para desarrollar una jornada de convivencia diferente, divertida y que sirviera para recordar a todos sobre la importancia de invertir en salud mental. Este a\u00f1o el citado lema invitaba a reflexionar, m\u00e1s en tiempos de crisis, acerca de la necesidad de no descuidar nuestro bien m\u00e1s b\u00e1sico, la salud tanto f\u00edsica como mental.<!--more--> \u201cA diario se emiten noticias sobre esfuerzos e inversiones econ\u00f3micas o de infraestructuras\u2026 inversiones que pueden llegar a perder todo su valor si no invertimos en nuestra salud, en este caso, en nuestra salud mental. Invertir en salud mental implica invertir en serenidad, en equilibrio, en fuerza, en buen humor, en autoestima, en definitiva, invertir en una serie de valores por lo que apostar, es una inversi\u00f3n segura\u201d, explicaba Nuria D\u00edaz-Rega\u00f1\u00f3n, Directora del CRIS de Torrevieja.<\/p>\n<p style=\"text-align: justify\">Por todo esto desde la Asociaci\u00f3n ADIEM prepararon y compartieron una serie de actividades que comenzaron con la bienvenida a las familias y a los asistentes con un breve discurso de una de las usuarias y del vicepresidente de ADIEM, Eduardo Riesco, como representante de las familias. A continuaci\u00f3n, se realiz\u00f3 la lectura del manifiesto del d\u00eda mundial de la salud mental por parte de dos usuarios que se encargaron de recordar a los asistentes porqu\u00e9 es importante cuidarse, al igual que enfatizaron y apostaron por la lucha y el trabajo por la integraci\u00f3n y la reducci\u00f3n del estigma que rodea la enfermedad mental. \u00a0Como acto central, se vivi\u00f3 en directo una sesi\u00f3n de risoterapia, fundamentada en que la risa se entiende como una de las herramientas m\u00e1s accesibles y frescas para cuidar la salud mental, y en la que cuatro participantes del programa de expresi\u00f3n a trav\u00e9s del teatro deleitaron y divirtieron al p\u00fablico con la lectura del manifiesto sobre los beneficios de la misma y el humor, a trav\u00e9s de la representaci\u00f3n de un sketch teatral.<\/p>\n<p style=\"text-align: center\"><a href=\"http:\/\/farm9.staticflickr.com\/8058\/8198934695_9cdc2e91a0_c.jpg\"><img loading=\"lazy\" decoding=\"async\" class=\"aligncenter\" src=\"http:\/\/farm9.staticflickr.com\/8058\/8198934695_9cdc2e91a0_c.jpg\" alt=\"\" width=\"560\" height=\"351\" \/><\/a><\/p>\n<p style=\"text-align: justify\">Un usuario del CRIS present\u00f3 una poes\u00eda de creaci\u00f3n propia con la que trata de que se tomase conciencia sobre todo lo bueno que tenemos y a veces olvidamos.\u00a0Para finalizar, previa visita a la exposici\u00f3n de pintura que prepararon los usuarios y usuarias en los exteriores del Centro, desde el programa de autocuidados, los usuarios compartieron con todos los asistentes una serie de consejos relacionados con la alimentaci\u00f3n saludable y su influencia en nuestra salud mental, como por ejemplo no olvidarnos de las cinco comidas al d\u00eda, no descuidar nuestra apreciada dieta mediterr\u00e1nea y por supuesto contar con el pavo y el chocolate como aliados contra la ansiedad y la depresi\u00f3n. Y como gran broche final se sirvi\u00f3 un aperitivo compuesto por un riqu\u00edsimo sorbete de mel\u00f3n preparado en el taller de cocina.\u00a0Result\u00f3 una jornada especial, preparada con mucha ilusi\u00f3n y esfuerzo por parte de todos cuantos componen ADIEM, llena de risas y buenos consejos a seguir muy recomendables para cuidar la salud mental.<\/p>\n","protected":false},"excerpt":{"rendered":"<p>Con motivo de la celebraci\u00f3n del D\u00eda Mundial de la Salud Mental, la Asociaci\u00f3n Vega Baja est\u00e1 llevando a cabo durante el mes de Octubre diversas actividades con la finalidad de informar y mentalizar a la sociedad acerca de la importancia de promover la uni\u00f3n de esfuerzos para luchar por la promoci\u00f3n de la salud [&hellip;]<\/p>\n","protected":false},"author":321,"featured_media":0,"comment_status":"open","ping_status":"open","sticky":false,"template":"","format":"standard","meta":{"_acf_changed":false,"footnotes":""},"categories":[1],"tags":[],"be_disease":[],"be_general":[],"be_media_type":[],"class_list":["post-71","post","type-post","status-publish","format-standard","hentry","category-sin-categoria"],"acf":[],"_links":{"self":[{"href":"https:\/\/www.somospacientes.com\/adiem-vega-baja\/wp-json\/wp\/v2\/posts\/71","targetHints":{"allow":["GET"]}}],"collection":[{"href":"https:\/\/www.somospacientes.com\/adiem-vega-baja\/wp-json\/wp\/v2\/posts"}],"about":[{"href":"https:\/\/www.somospacientes.com\/adiem-vega-baja\/wp-json\/wp\/v2\/types\/post"}],"author":[{"embeddable":true,"href":"https:\/\/www.somospacientes.com\/adiem-vega-baja\/wp-json\/wp\/v2\/users\/321"}],"replies":[{"embeddable":true,"href":"https:\/\/www.somospacientes.com\/adiem-vega-baja\/wp-json\/wp\/v2\/comments?post=71"}],"version-history":[{"count":1,"href":"https:\/\/www.somospacientes.com\/adiem-vega-baja\/wp-json\/wp\/v2\/posts\/71\/revisions"}],"predecessor-version":[{"id":72,"href":"https:\/\/www.somospacientes.com\/adiem-vega-baja\/wp-json\/wp\/v2\/posts\/71\/revisions\/72"}],"wp:attachment":[{"href":"https:\/\/www.somospacientes.com\/adiem-vega-baja\/wp-json\/wp\/v2\/media?parent=71"}],"wp:term":[{"taxonomy":"category","embeddable":true,"href":"https:\/\/www.somospacientes.com\/adiem-vega-baja\/wp-json\/wp\/v2\/categories?post=71"},{"taxonomy":"post_tag","embeddable":true,"href":"https:\/\/www.somospacientes.com\/adiem-vega-baja\/wp-json\/wp\/v2\/tags?post=71"},{"taxonomy":"be_disease","embeddable":true,"href":"https:\/\/www.somospacientes.com\/adiem-vega-baja\/wp-json\/wp\/v2\/be_disease?post=71"},{"taxonomy":"be_general","embeddable":true,"href":"https:\/\/www.somospacientes.com\/adiem-vega-baja\/wp-json\/wp\/v2\/be_general?post=71"},{"taxonomy":"be_media_type","embeddable":true,"href":"https:\/\/www.somospacientes.com\/adiem-vega-baja\/wp-json\/wp\/v2\/be_media_type?post=71"}],"curies":[{"name":"wp","href":"https:\/\/api.w.org\/{rel}","templated":true}]}}