{"id":83,"date":"2013-02-19T16:35:29","date_gmt":"2013-02-19T15:35:29","guid":{"rendered":"https:\/\/www.somospacientes.com\/adiem-vega-baja\/?p=83"},"modified":"2013-02-19T16:35:29","modified_gmt":"2013-02-19T15:35:29","slug":"%c2%a1este-viernes-os-invitamos-al-teatro","status":"publish","type":"post","link":"https:\/\/www.somospacientes.com\/adiem-vega-baja\/noticias\/sin-categoria\/%c2%a1este-viernes-os-invitamos-al-teatro\/","title":{"rendered":"\u00a1Este viernes os invitamos al Teatro!"},"content":{"rendered":"<p style=\"text-align: justify\">ADIEM VEGA BAJA, estrenar\u00e1 el pr\u00f3ximo viernes 22, a las 20:30 horas, en el <a href=\"https:\/\/maps.google.es\/maps?q=centro+cultural+virgen+del+carmen+torrevieja&amp;hl=es&amp;ll=37.976743,-0.674645&amp;spn=0.00476,0.004823&amp;sll=39.316265,-0.418859&amp;sspn=6.764352,9.876709&amp;t=w&amp;hq=centro+cultural+virgen+del+carmen&amp;hnear=Torrevieja,+Alicante,+Comunidad+Valenciana&amp;z=18\" target=\"_blank\">Centro Cultural Virgen del Carmen de Torrevieja<\/a>, su reciente Grupo de Teatro, formado por usuarios y profesionales del Centro de Rehabilitaci\u00f3n e Integraci\u00f3n Social de Torrevieja (CRIS), y que ha nacido con una finalidad rehabilitadora en salud mental y como parte de su labor de acercamiento entre las personas que padecen esta enfermedad y la comunidad en la que viven y participan activamente.<\/p>\n<p style=\"text-align: justify\">Gracias al mismo, podremos disfrutar del montaje teatral \u201c<strong><span style=\"text-decoration: underline\">De d\u00eda y sin sol<\/span>\u201d <\/strong> un conjunto de piezas o sketch de comedia que, escritas y creadas por sus propios participantes, est\u00e1n ligados a trav\u00e9s de un mensaje conductor, la risa como bienestar personal y social,\u00a0 que de forma indirecta refleja el caos social que nos rodea y que tomamos como algo normalizado, como por ejemplo el \u201cgrita que no te escucho\u201d. Tal y como nos adelanta Alejandro Serra, Educador de la Asociaci\u00f3n y responsable del Grupo, \u201cse ejecutar\u00e1 alrededor de un montaje en gran parte m\u00edmico que, adem\u00e1s de conseguir un acercamiento a las artes esc\u00e9nicas por parte de estos actores noveles, busca alcanzar un sentimiento colectivo entre los integrantes del grupo y el p\u00fablico asistente, aunando esfuerzos para que todos terminen sinti\u00e9ndose parte de una creaci\u00f3n mayor: una noche de riso-terapia como la mejor terapia para el bienestar personal y social\u201d.<\/p>\n<p style=\"text-align: center\"><a href=\"https:\/\/www.facebook.com\/events\/330732617038358\/\"><img loading=\"lazy\" decoding=\"async\" class=\"aligncenter\" src=\"https:\/\/fbcdn-sphotos-g-a.akamaihd.net\/hphotos-ak-prn1\/58405_10151413562605275_518660592_n.jpg\" alt=\"\" width=\"407\" height=\"576\" \/><\/a><\/p>\n<p style=\"text-align: justify\">Las invitaciones para asistir al estreno se pueden adquirir de forma <strong>gratuita<\/strong>, en la taquilla del Teatro Municipal en horario del 11 a 13 horas y el mismo d\u00eda de la actuaci\u00f3n en el propio Centro Cultural.<\/p>\n<p style=\"text-align: center\">\u00a1\u00a1Nos vemos all\u00ed, la risoterapia nos espera!!<\/p>\n","protected":false},"excerpt":{"rendered":"<p>ADIEM VEGA BAJA, estrenar\u00e1 el pr\u00f3ximo viernes 22, a las 20:30 horas, en el Centro Cultural Virgen del Carmen de Torrevieja, su reciente Grupo de Teatro, formado por usuarios y profesionales del Centro de Rehabilitaci\u00f3n e Integraci\u00f3n Social de Torrevieja (CRIS), y que ha nacido con una finalidad rehabilitadora en salud mental y como parte [&hellip;]<\/p>\n","protected":false},"author":321,"featured_media":0,"comment_status":"open","ping_status":"open","sticky":false,"template":"","format":"standard","meta":{"_acf_changed":false,"footnotes":""},"categories":[1],"tags":[],"be_disease":[],"be_general":[],"be_media_type":[],"class_list":["post-83","post","type-post","status-publish","format-standard","hentry","category-sin-categoria"],"acf":[],"_links":{"self":[{"href":"https:\/\/www.somospacientes.com\/adiem-vega-baja\/wp-json\/wp\/v2\/posts\/83","targetHints":{"allow":["GET"]}}],"collection":[{"href":"https:\/\/www.somospacientes.com\/adiem-vega-baja\/wp-json\/wp\/v2\/posts"}],"about":[{"href":"https:\/\/www.somospacientes.com\/adiem-vega-baja\/wp-json\/wp\/v2\/types\/post"}],"author":[{"embeddable":true,"href":"https:\/\/www.somospacientes.com\/adiem-vega-baja\/wp-json\/wp\/v2\/users\/321"}],"replies":[{"embeddable":true,"href":"https:\/\/www.somospacientes.com\/adiem-vega-baja\/wp-json\/wp\/v2\/comments?post=83"}],"version-history":[{"count":1,"href":"https:\/\/www.somospacientes.com\/adiem-vega-baja\/wp-json\/wp\/v2\/posts\/83\/revisions"}],"predecessor-version":[{"id":84,"href":"https:\/\/www.somospacientes.com\/adiem-vega-baja\/wp-json\/wp\/v2\/posts\/83\/revisions\/84"}],"wp:attachment":[{"href":"https:\/\/www.somospacientes.com\/adiem-vega-baja\/wp-json\/wp\/v2\/media?parent=83"}],"wp:term":[{"taxonomy":"category","embeddable":true,"href":"https:\/\/www.somospacientes.com\/adiem-vega-baja\/wp-json\/wp\/v2\/categories?post=83"},{"taxonomy":"post_tag","embeddable":true,"href":"https:\/\/www.somospacientes.com\/adiem-vega-baja\/wp-json\/wp\/v2\/tags?post=83"},{"taxonomy":"be_disease","embeddable":true,"href":"https:\/\/www.somospacientes.com\/adiem-vega-baja\/wp-json\/wp\/v2\/be_disease?post=83"},{"taxonomy":"be_general","embeddable":true,"href":"https:\/\/www.somospacientes.com\/adiem-vega-baja\/wp-json\/wp\/v2\/be_general?post=83"},{"taxonomy":"be_media_type","embeddable":true,"href":"https:\/\/www.somospacientes.com\/adiem-vega-baja\/wp-json\/wp\/v2\/be_media_type?post=83"}],"curies":[{"name":"wp","href":"https:\/\/api.w.org\/{rel}","templated":true}]}}