{"id":85,"date":"2013-03-11T12:46:13","date_gmt":"2013-03-11T11:46:13","guid":{"rendered":"https:\/\/www.somospacientes.com\/adiem-vega-baja\/?p=85"},"modified":"2013-03-11T12:48:04","modified_gmt":"2013-03-11T11:48:04","slug":"celebramos-jornada-de-puertas-abiertas","status":"publish","type":"post","link":"https:\/\/www.somospacientes.com\/adiem-vega-baja\/noticias\/sin-categoria\/celebramos-jornada-de-puertas-abiertas\/","title":{"rendered":"Celebramos jornada de puertas abiertas"},"content":{"rendered":"<p style=\"text-align: justify\">Desde la Asociaci\u00f3n para la Defensa e Integraci\u00f3n de Personas con Enfermedad Mental (ADIEM Vega Baja) el pasado 31 de Enero organizamos en el CRIS ADIEM \u00a0de Torrevieja, unas jornadas de puertas abiertas con el objetivo de acercar nuestra actividad y la realidad de las personas que padecen esta enfermedad a la comunidad y personas sensibilizadas con la problem\u00e1tica. Para esta jornada especial se desarrollaron una serie de actividades en las que participaron de manera conjunta tanto los usuarios de la asociaci\u00f3n como los alumnos del m\u00f3dulo de Integraci\u00f3n social del IES Gabriel Mir\u00f3 de Orihuela.<\/p>\n<p style=\"text-align: center\"><a href=\"https:\/\/www.facebook.com\/media\/set\/?set=a.10151389990405275.497398.186873005274&amp;type=3\" target=\"_blank\"><img loading=\"lazy\" decoding=\"async\" class=\"aligncenter\" src=\"https:\/\/fbcdn-sphotos-g-a.akamaihd.net\/hphotos-ak-ash3\/534917_10151390028945275_1430887503_n.jpg\" alt=\"\" width=\"576\" height=\"281\" \/><\/a><\/p>\n<p style=\"text-align: justify\">Para comenzar la jornada, se dio la bienvenida a nuestros invitados por parte de usuarios y de la directora del CRIS. A lo largo\u00a0 de la ma\u00f1ana se desarrollaron dos bloques de talleres, de los habituales en los programas de rehabilitaci\u00f3n del Centro y cuyo contenido, vinculado al reciente Lema por la salud mental \u201cTu mejor inversi\u00f3n, tu salud mental\u201d se invit\u00f3 a todos los presente a reflexionar\u00a0 sobre la necesidad de no descuidar y promover\u00a0 h\u00e1bitos saludables y\u00a0 cuidados espec\u00edficos para nuestro bien m\u00e1s preciado: nuestra salud f\u00edsica y mental. Pudimos aprender, compartir y sobretodo divertirnos en talleres de relajaci\u00f3n, nutrici\u00f3n y cocina, Memoria, escuela de actores y psicomotricidad entre otros. Ya que ten\u00edamos importantes invitados no quisimos que todo fuera <em>duro trabajo<\/em> de manera que se reserv\u00f3 un espacio de ocio y tiempo libre d\u00f3nde poder compartir el tiempo de un caf\u00e9 y los fant\u00e1sticos aperitivos que nos prepararon los m\u00e1s cocinillas, una conversaci\u00f3n de pasillo, una partida de ping-pong o adquirir algunas de las creaciones art\u00edsticas de los usuarios de ADIEM para terminar con una charla-coloquio en la que usuarios y profesionales de ADIEM junto con los Alumnos del IES Gabriel Mir\u00f3 compartieron las experiencias de la ma\u00f1ana y pudieron conocer m\u00e1s de cerca nuestra labor.<\/p>\n<p style=\"text-align: justify\">Desde ADIEM queremos agradecer a todos los alumnos del IES Gabriel Mir\u00f3 y a sus profesoras por compartir este d\u00eda con nosotros, su motivaci\u00f3n e ilusi\u00f3n que hizo posible esta iniciativa, sin olvidar por su puesto a todos los miembros, usuarios y profesionales, de ADIEM que organizaron y participaron esta jornada, \u00a1\u00a1GRACIAS!! se anima a todas aquellas personas sensibilizadas e interesadas por conocer m\u00e1s sobre nuestra labor en la sociedad, se acerquen, nos conozcan\u00a0 y participen en pr\u00f3ximas jornadas, estamos seguros que disfrutareis tanto como nosotros, \u00a1\u00a1animaros y Bienvenidos a nuestra casa!!<\/p>\n","protected":false},"excerpt":{"rendered":"<p>Desde la Asociaci\u00f3n para la Defensa e Integraci\u00f3n de Personas con Enfermedad Mental (ADIEM Vega Baja) el pasado 31 de Enero organizamos en el CRIS ADIEM \u00a0de Torrevieja, unas jornadas de puertas abiertas con el objetivo de acercar nuestra actividad y la realidad de las personas que padecen esta enfermedad a la comunidad y personas [&hellip;]<\/p>\n","protected":false},"author":321,"featured_media":0,"comment_status":"open","ping_status":"open","sticky":false,"template":"","format":"standard","meta":{"_acf_changed":false,"footnotes":""},"categories":[1],"tags":[],"be_disease":[],"be_general":[],"be_media_type":[],"class_list":["post-85","post","type-post","status-publish","format-standard","hentry","category-sin-categoria"],"acf":[],"_links":{"self":[{"href":"https:\/\/www.somospacientes.com\/adiem-vega-baja\/wp-json\/wp\/v2\/posts\/85","targetHints":{"allow":["GET"]}}],"collection":[{"href":"https:\/\/www.somospacientes.com\/adiem-vega-baja\/wp-json\/wp\/v2\/posts"}],"about":[{"href":"https:\/\/www.somospacientes.com\/adiem-vega-baja\/wp-json\/wp\/v2\/types\/post"}],"author":[{"embeddable":true,"href":"https:\/\/www.somospacientes.com\/adiem-vega-baja\/wp-json\/wp\/v2\/users\/321"}],"replies":[{"embeddable":true,"href":"https:\/\/www.somospacientes.com\/adiem-vega-baja\/wp-json\/wp\/v2\/comments?post=85"}],"version-history":[{"count":3,"href":"https:\/\/www.somospacientes.com\/adiem-vega-baja\/wp-json\/wp\/v2\/posts\/85\/revisions"}],"predecessor-version":[{"id":88,"href":"https:\/\/www.somospacientes.com\/adiem-vega-baja\/wp-json\/wp\/v2\/posts\/85\/revisions\/88"}],"wp:attachment":[{"href":"https:\/\/www.somospacientes.com\/adiem-vega-baja\/wp-json\/wp\/v2\/media?parent=85"}],"wp:term":[{"taxonomy":"category","embeddable":true,"href":"https:\/\/www.somospacientes.com\/adiem-vega-baja\/wp-json\/wp\/v2\/categories?post=85"},{"taxonomy":"post_tag","embeddable":true,"href":"https:\/\/www.somospacientes.com\/adiem-vega-baja\/wp-json\/wp\/v2\/tags?post=85"},{"taxonomy":"be_disease","embeddable":true,"href":"https:\/\/www.somospacientes.com\/adiem-vega-baja\/wp-json\/wp\/v2\/be_disease?post=85"},{"taxonomy":"be_general","embeddable":true,"href":"https:\/\/www.somospacientes.com\/adiem-vega-baja\/wp-json\/wp\/v2\/be_general?post=85"},{"taxonomy":"be_media_type","embeddable":true,"href":"https:\/\/www.somospacientes.com\/adiem-vega-baja\/wp-json\/wp\/v2\/be_media_type?post=85"}],"curies":[{"name":"wp","href":"https:\/\/api.w.org\/{rel}","templated":true}]}}