{"id":137,"date":"2013-02-28T11:09:27","date_gmt":"2013-02-28T10:09:27","guid":{"rendered":"https:\/\/www.somospacientes.com\/aepa-atm\/?p=137"},"modified":"2013-02-28T11:09:27","modified_gmt":"2013-02-28T10:09:27","slug":"preguntas-de-la-comunidad-tdah-que-demandan-respuestas-basadas-en-resultados-clinicos","status":"publish","type":"post","link":"https:\/\/www.somospacientes.com\/aepa-atm\/noticias\/sin-categoria\/preguntas-de-la-comunidad-tdah-que-demandan-respuestas-basadas-en-resultados-clinicos\/","title":{"rendered":"Preguntas de la comunidad TDAH que demandan respuestas basadas en resultados cl\u00ednicos"},"content":{"rendered":"<p>\nLa Fundaci\u00f3n de Ayuda a la Infancia, Fundaicyl, celebrar\u00e1 el pr\u00f3ximo 27 de abril de 2013, un Seminario profesional con cl\u00ednicos para explicar a la sociedad, especialistas y educadores, los nuevos tratamientos sobre el TDAH y los resultados de la prescripci\u00f3n durante a\u00f1os de determinados f\u00e1rmacos en los peque\u00f1os y adultos afectados por el trastorno de hiperactividad (TDAH), que afecta entre un 7 y un 10% de nuestra poblaci\u00f3n, seg\u00fan la OMS.\n<\/p>\n<p>\nElena Fern\u00e1ndez, Directora de esta Fundaci\u00f3n, se\u00f1ala que en lugar de celebrar unas octavas jornadas, los coordinadores de esta instituci\u00f3n han querido organizar un Seminario con ponentes cl\u00ednicos que aclaren muchas cuestiones -hasta ahora tab\u00fa- que a diario se preguntan expertos y familias afectadas por este trastorno.\n<\/p>\n<p>\nHemos llamado a la puerta de Instituciones para conocer las respuestas a estas preguntas:<strong>\u201c\u00bfQu\u00e9 resultados hay en el cuerpo de estos ni\u00f1os tras mantener las prescripciones de estas medicaciones por m\u00e1s de siete o diez a\u00f1os en ni\u00f1os? \u00bfY en los adultos? \u00bfQu\u00e9 diferencias se han observado? \u00bfPor qu\u00e9 nuestros hijos sufren crisis de ansiedad? \u00bfEn qu\u00e9 medida est\u00e1 afectando la medicaci\u00f3n a su salud f\u00edsica, y qu\u00e9 seguimientos han de realizarse para prevenir da\u00f1os o cardiopat\u00edas? \u00bfSe debe descansar del tratamiento en verano?\u201d,<\/strong>  Estas son algunas de las preguntas a las que daremos respuesta de la mano de especialistas de reconocido prestigio en nuestro Seminario, se\u00f1ala Elena Fern\u00e1ndez.\n<\/p>\n<p align=\"center\"><img decoding=\"async\" src=\"http:\/\/www.hiperactividadmedicosypacientes.com\/admin\/ckeditor\/ckeditor\/_samples\/elfinder\/files\/ninio_cielo.png\" alt=\"\" style=\"margin-top:10px\" \/><\/p>\n<p>\nLa direcci\u00f3n general de Fundaicyl ha llamado a la puerta de entidades que llevan a\u00f1os trabajando con el TDAH pidiendo su ayuda y colaboraci\u00f3n para conocer respuestas aclarar ante la sociedad estas preguntas. <strong>\u201cConf\u00edo en obtener la ayuda necesaria en las puertas a las que estamos llamando e iremos explicando sus respuestas a la sociedad\u201d<\/strong>,  comenta Elena Fern\u00e1ndez.\n<\/p>\n<p>\nAsimismo, durante estas jornadas profundizaremos de la mano de nuestros expertos en los conocimientos y la utilidad de la medicina natural en el \u00e1mbito del TDAH y c\u00f3mo combinar los f\u00e1rmacos cl\u00e1sicos con otras f\u00f3rmulas. Sus indicaciones y resultados en esta patolog\u00eda y asociadas  \u00bfQu\u00e9 opciones tenemos en este \u00e1mbito? \u00bfQu\u00e9 estudios cient\u00edficos existen al respecto y cu\u00e1les son los resultados hasta la fecha? \u00c9stas son algunas de las preguntas que recibimos en nuestro portal de noticias <a href=\"http:\/\/www.hiperactividadmedicosypacientes.com\/index.php\"><span style=\"color:#900\">hiperactividadmedicosypacientes.com<\/span><\/a>\n<\/p>\n<p><span style=\"color:#900\">Voluntarios del Departamento de Prensa de<\/span><a href=\"http:\/\/www.hiperactividadmedicosypacientes.com\/index.php\"><span style=\"color:#900\">hiperactividadmedicosypacientes.com<\/span><\/a><\/p>\n","protected":false},"excerpt":{"rendered":"<p>La Fundaci\u00f3n de Ayuda a la Infancia, Fundaicyl, celebrar\u00e1 el pr\u00f3ximo 27 de abril de 2013, un Seminario profesional con cl\u00ednicos para explicar a la sociedad, especialistas y educadores, los nuevos tratamientos sobre el TDAH y los resultados de la prescripci\u00f3n durante a\u00f1os de determinados f\u00e1rmacos en los peque\u00f1os y adultos afectados por el trastorno [&hellip;]<\/p>\n","protected":false},"author":305,"featured_media":0,"comment_status":"open","ping_status":"open","sticky":false,"template":"","format":"standard","meta":{"_acf_changed":false,"footnotes":""},"categories":[1],"tags":[],"be_disease":[],"be_general":[],"be_media_type":[],"class_list":["post-137","post","type-post","status-publish","format-standard","hentry","category-sin-categoria"],"acf":[],"_links":{"self":[{"href":"https:\/\/www.somospacientes.com\/aepa-atm\/wp-json\/wp\/v2\/posts\/137","targetHints":{"allow":["GET"]}}],"collection":[{"href":"https:\/\/www.somospacientes.com\/aepa-atm\/wp-json\/wp\/v2\/posts"}],"about":[{"href":"https:\/\/www.somospacientes.com\/aepa-atm\/wp-json\/wp\/v2\/types\/post"}],"author":[{"embeddable":true,"href":"https:\/\/www.somospacientes.com\/aepa-atm\/wp-json\/wp\/v2\/users\/305"}],"replies":[{"embeddable":true,"href":"https:\/\/www.somospacientes.com\/aepa-atm\/wp-json\/wp\/v2\/comments?post=137"}],"version-history":[{"count":21,"href":"https:\/\/www.somospacientes.com\/aepa-atm\/wp-json\/wp\/v2\/posts\/137\/revisions"}],"predecessor-version":[{"id":158,"href":"https:\/\/www.somospacientes.com\/aepa-atm\/wp-json\/wp\/v2\/posts\/137\/revisions\/158"}],"wp:attachment":[{"href":"https:\/\/www.somospacientes.com\/aepa-atm\/wp-json\/wp\/v2\/media?parent=137"}],"wp:term":[{"taxonomy":"category","embeddable":true,"href":"https:\/\/www.somospacientes.com\/aepa-atm\/wp-json\/wp\/v2\/categories?post=137"},{"taxonomy":"post_tag","embeddable":true,"href":"https:\/\/www.somospacientes.com\/aepa-atm\/wp-json\/wp\/v2\/tags?post=137"},{"taxonomy":"be_disease","embeddable":true,"href":"https:\/\/www.somospacientes.com\/aepa-atm\/wp-json\/wp\/v2\/be_disease?post=137"},{"taxonomy":"be_general","embeddable":true,"href":"https:\/\/www.somospacientes.com\/aepa-atm\/wp-json\/wp\/v2\/be_general?post=137"},{"taxonomy":"be_media_type","embeddable":true,"href":"https:\/\/www.somospacientes.com\/aepa-atm\/wp-json\/wp\/v2\/be_media_type?post=137"}],"curies":[{"name":"wp","href":"https:\/\/api.w.org\/{rel}","templated":true}]}}