{"id":177,"date":"2013-09-07T12:15:05","date_gmt":"2013-09-07T10:15:05","guid":{"rendered":"https:\/\/www.somospacientes.com\/aepa-atm\/?p=177"},"modified":"2016-01-21T13:10:37","modified_gmt":"2016-01-21T12:10:37","slug":"nos-sentimos-como-si-nuestros-hijos-fueran-de-segunda-categoria","status":"publish","type":"post","link":"https:\/\/www.somospacientes.com\/aepa-atm\/noticias\/sin-categoria\/nos-sentimos-como-si-nuestros-hijos-fueran-de-segunda-categoria\/","title":{"rendered":"Nos sentimos como si nuestros hijos fueran de segunda categor\u00eda"},"content":{"rendered":"<p align=\"center\">\n<img decoding=\"async\" src=\"http:\/\/www.morethandoctors.com\/images\/stories\/img_7.png\" width=\"400\" \/>\n<\/p>\n<p align=\"center\" style=\"font-size:10px\">Unidad de Pediatr\u00eda Social del Hospital Ni\u00f1o Jes\u00fas en Madrid. Las familias protestan por la ubicaci\u00f3n de esta Unidad de Pediatr\u00eda Social desde hace once meses. Esta Unidad es Referencia para todo Madrid.<\/p>\n<p align=\"justify\">\nDesde nuestra Asociaci\u00f3n de Pacientes estamos recibiendo muchas quejas por parte de padres de ni\u00f1os adoptados que son tratados en la Unidad de Pediatr\u00eda Social del Hospital Ni\u00f1o Jes\u00fas de Madrid. <strong>\u00abLa atenci\u00f3n por parte de los profesionales es excelente, pero un barrac\u00f3n no es un lugar adecuado para atender a nuestros ni\u00f1os\u00bb<\/strong>, se\u00f1alan estas familias espa\u00f1olas.\n<\/p>\n<p align=\"justify\">\nSeg\u00fan nos cuentan estas familias, desde hace ya once meses, estos ni\u00f1os son atendidos por sus Doctores en un barrac\u00f3n fuera del Hospital (ver foto de la derecha). <strong>\u201cNos dijeron que era un cambio provisional pero ya han pasado ocho meses y todo parece quedarse as\u00ed. Este sitio es un lugar prefabricado fuera del Hospital donde los ni\u00f1os pasan fr\u00edo y nos sentimos como si nuestros hij@s fueran de segunda categor\u00eda. Est\u00e1n apartados\u201d<\/strong>, se\u00f1ala la familia Mart\u00ednez que tiene dos ni\u00f1as adoptadas.\n<\/p>\n<p align=\"justify\">\nFuentes de este Hospital nos comentan que desde Gerencia les explicaron hace once meses que este cambio ser\u00eda provisional pero todav\u00eda no hay signos de vuelta al edificio del Hospital.<strong> \u201cNos dicen que no hay espacio. En realidad en nuestro espacio han puesto otra Unidad con m\u00e1s recursos\u201d<\/strong>, se\u00f1alan fuentes de este Hospital. <\/p>\n<p align=\"justify\">\nOtras  familias que tienen hijos biol\u00f3gicos y adoptados se\u00f1alan que a su hijo biol\u00f3gico le atienden en el propio edificio del hospital y, con el otro, adoptado tienen que asistir al barrac\u00f3n. <strong>\u201cNos sentimos como si se estuvieran discriminando por su origen a nuestros hijos adoptados\u201d<\/strong>, se\u00f1alan familias adoptantes en Rusia, China y Africa. <strong>\u201cNos han tratado como extranjeros en Rusia y maltratado emocionalmente y, ahora, venimos a Espa\u00f1a y parece que nuestra peque\u00f1a adoptada es de segunda categor\u00eda\u201d<\/strong>, se\u00f1ala una familia espa\u00f1ola que ha conseguido adoptar en Rusia.<\/p>\n<p align=\"justify\">\nSeguiremos informando: Departamento de Prensa de la Asociaci\u00f3n Espa\u00f1ola de Pacientes con Dolor Neurop\u00e1tico (AEPA ATM). www.pacientesatm.com con la colaboraci\u00f3n de falcultativos que ejercen en Madrid.<\/p>\n","protected":false},"excerpt":{"rendered":"<p>Unidad de Pediatr\u00eda Social del Hospital Ni\u00f1o Jes\u00fas en Madrid. Las familias protestan por la ubicaci\u00f3n de esta Unidad de Pediatr\u00eda Social desde hace once meses. Esta Unidad es Referencia para todo Madrid. Desde nuestra Asociaci\u00f3n de Pacientes estamos recibiendo muchas quejas por parte de padres de ni\u00f1os adoptados que son tratados en la Unidad [&hellip;]<\/p>\n","protected":false},"author":305,"featured_media":0,"comment_status":"open","ping_status":"open","sticky":false,"template":"","format":"standard","meta":{"_acf_changed":false,"footnotes":""},"categories":[1],"tags":[],"be_disease":[],"be_general":[],"be_media_type":[],"class_list":["post-177","post","type-post","status-publish","format-standard","hentry","category-sin-categoria"],"acf":[],"_links":{"self":[{"href":"https:\/\/www.somospacientes.com\/aepa-atm\/wp-json\/wp\/v2\/posts\/177","targetHints":{"allow":["GET"]}}],"collection":[{"href":"https:\/\/www.somospacientes.com\/aepa-atm\/wp-json\/wp\/v2\/posts"}],"about":[{"href":"https:\/\/www.somospacientes.com\/aepa-atm\/wp-json\/wp\/v2\/types\/post"}],"author":[{"embeddable":true,"href":"https:\/\/www.somospacientes.com\/aepa-atm\/wp-json\/wp\/v2\/users\/305"}],"replies":[{"embeddable":true,"href":"https:\/\/www.somospacientes.com\/aepa-atm\/wp-json\/wp\/v2\/comments?post=177"}],"version-history":[{"count":16,"href":"https:\/\/www.somospacientes.com\/aepa-atm\/wp-json\/wp\/v2\/posts\/177\/revisions"}],"predecessor-version":[{"id":481,"href":"https:\/\/www.somospacientes.com\/aepa-atm\/wp-json\/wp\/v2\/posts\/177\/revisions\/481"}],"wp:attachment":[{"href":"https:\/\/www.somospacientes.com\/aepa-atm\/wp-json\/wp\/v2\/media?parent=177"}],"wp:term":[{"taxonomy":"category","embeddable":true,"href":"https:\/\/www.somospacientes.com\/aepa-atm\/wp-json\/wp\/v2\/categories?post=177"},{"taxonomy":"post_tag","embeddable":true,"href":"https:\/\/www.somospacientes.com\/aepa-atm\/wp-json\/wp\/v2\/tags?post=177"},{"taxonomy":"be_disease","embeddable":true,"href":"https:\/\/www.somospacientes.com\/aepa-atm\/wp-json\/wp\/v2\/be_disease?post=177"},{"taxonomy":"be_general","embeddable":true,"href":"https:\/\/www.somospacientes.com\/aepa-atm\/wp-json\/wp\/v2\/be_general?post=177"},{"taxonomy":"be_media_type","embeddable":true,"href":"https:\/\/www.somospacientes.com\/aepa-atm\/wp-json\/wp\/v2\/be_media_type?post=177"}],"curies":[{"name":"wp","href":"https:\/\/api.w.org\/{rel}","templated":true}]}}