{"id":78,"date":"2012-10-08T13:17:40","date_gmt":"2012-10-08T11:17:40","guid":{"rendered":"https:\/\/www.somospacientes.com\/aepa-atm\/?p=78"},"modified":"2012-10-08T13:17:40","modified_gmt":"2012-10-08T11:17:40","slug":"un-reciente-estudio-ingles-revela-que-el-dolor-orofacial-cronico-es-peor-que-los-dolores-de-espalda-y-de-cabeza","status":"publish","type":"post","link":"https:\/\/www.somospacientes.com\/aepa-atm\/noticias\/sin-categoria\/un-reciente-estudio-ingles-revela-que-el-dolor-orofacial-cronico-es-peor-que-los-dolores-de-espalda-y-de-cabeza\/","title":{"rendered":"Un reciente estudio ingl\u00e9s revela que el dolor orofacial cr\u00f3nico es peor que los dolores de espalda y de cabeza"},"content":{"rendered":"<p><a href=\"https:\/\/www.somospacientes.com\/aepa-atm\/files\/2012\/10\/img_girl_lapiz_1.png\"><img loading=\"lazy\" decoding=\"async\" src=\"https:\/\/www.somospacientes.com\/aepa-atm\/files\/2012\/10\/img_girl_lapiz_1-300x238.png\" alt=\"\" width=\"300\" height=\"238\" class=\"alignright size-medium wp-image-80\" srcset=\"https:\/\/www.somospacientes.com\/aepa-atm\/files\/2012\/10\/img_girl_lapiz_1-300x238.png 300w, https:\/\/www.somospacientes.com\/aepa-atm\/files\/2012\/10\/img_girl_lapiz_1-50x39.png 50w, https:\/\/www.somospacientes.com\/aepa-atm\/files\/2012\/10\/img_girl_lapiz_1-150x119.png 150w, https:\/\/www.somospacientes.com\/aepa-atm\/files\/2012\/10\/img_girl_lapiz_1-85x67.png 85w, https:\/\/www.somospacientes.com\/aepa-atm\/files\/2012\/10\/img_girl_lapiz_1-125x99.png 125w, https:\/\/www.somospacientes.com\/aepa-atm\/files\/2012\/10\/img_girl_lapiz_1.png 450w\" sizes=\"auto, (max-width: 300px) 100vw, 300px\" \/><\/a>Una investigaci\u00f3n realizada porla Doctora Rachel Leeson  y el investigador Amin Mokhtari en el Hospital Dental de Eastman, Londres -en la que han colaborado 262 pacientes afectados por dolor- prueba que el dolor orofacial cr\u00f3nico es uno de los peores que pueda soportar el ser humano e incapacita mucho m\u00e1s que otros como -son el dolor de espalda o el de cabeza-para llevar una vida normal. <\/p>\n<p><strong>\u201cLas personas afectadas por dolor orofacial cr\u00f3nico tiene mucha m\u00e1s propensi\u00f3n a desarrollar patolog\u00edas colaterales y su grado de sufrimiento es mayor que los pacientes que presentan dolores cr\u00f3nicos de espalda o de cabeza\u201d<\/strong> afirma el especialista Rosemary Frei, l\u00edder en investigaci\u00f3n del dolor, que basa sus declaraciones en este estudio, presentado en el Congreso Internacional del Dolor en Mil\u00e1n, Italia, en agosto de 2012.<\/p>\n<p>El estudio ha sido elaborado con las respuestas a encuestas del dolor tomando como referencia la Escala de Valoraci\u00f3n del Dolor proporcionada por la revista Journal of General Internal Medicine -conocida como GCPS por sus siglas en ingl\u00e9s- . <\/p>\n<p>La base de la investigaci\u00f3n ha sido una comparativa entre pacientes con Disfunci\u00f3n de la Articulaci\u00f3n Temporomandibular y pacientes con dolores cr\u00f3nicos de espalda o de cabeza. Esta investigaci\u00f3n fue realizada en los Departamentos de cirug\u00eda oral y medicina oral y dolor facial del Hospital Dental de Eastman de Londr\u00e9s. Para ello, se proporcionaron a los 262 pacientes cuestionarios psicosociales y relativos al dolor.<\/p>\n<p>Seg\u00fan explican estos expertos, los resultados obtenidos de este estudio son alarmantes, pues los pacientes con dolor orofacial mostraban, bas\u00e1ndose en la GCPS, un \u00edndice m\u00e1s alto de dolor (siendo IV el grado m\u00e1s elevado, que puede traducirse en una incapacidad para llevar a cabo una vida normal): un 49,3% de los pacientes se ce\u00f1\u00edan a los grados III y IV, frente al 36,4% de pacientes con dolor de espalda y al 30% de los pacientes con dolor de cabeza que dec\u00edan padecer el mismo grado de dolor.<\/p>\n<p>La muestra, formada por 262 pacientes que rellenaron cuestionarios relacionados con el dolor y cuestionarios psicosociales estaba compuesta por 105 pacientes que presentaban disfunci\u00f3n temporomandibular y, el resto otro tipo de dolor cr\u00f3nico severo. De los 105 afectados, 84 de ellos presentaban dolor facial idiop\u00e1tico persistente, 63 de ellos con dolor neurop\u00e1tico y 10 de ellos dolor dental. De la muestra total, los pacientes ten\u00eda una media de edad de 50 a\u00f1os y una duraci\u00f3n media del dolor de 51 meses. Hab\u00eda una mayor presencia del g\u00e9nero femenino (siendo 3 mujeres por cada var\u00f3n).<\/p>\n<p>Los investigadores encontraron que los pacientes con Disfunci\u00f3n de la Articulaci\u00f3n Temporomandibular ten\u00edan las proporciones m\u00e1s altas en los grados I y II en la escala GCPS para medir el dolor -un 30% y un 32% respectivamente- mientras que aquellos con Dolor Facial Idiop\u00e1tico persistente respond\u00edan un 23% para el grado III y 33% para el grado IV de esta misma escala.<\/p>\n<p>De la muestra total, 50 de los pacientes (19,1%) presentaba un grado III de dolor en la escala GCPS, y 79 (30,2%) ten\u00edan un grado IV de dolor. Es decir, 129 de 262 sufr\u00edan grado III o IV de dolor, lo que equivale a un 49, 3% de pacientes del conjunto de la muestra. <\/p>\n<p>Los investigadores compararon estos resultados con aquellos del dolor de cabeza cr\u00f3nico y el dolor de espalda cr\u00f3nico bas\u00e1ndose en la misma Escala de Valoraci\u00f3n del Dolor y el resultado fue el siguiente: de 1.624 pacientes con dolor de espalda un 36, 4% respond\u00eda a los grados III y IV. De los pacientes con dolor cr\u00f3nico de cabeza, estas cifras se reduc\u00edan al 30%. As\u00ed pues, ambas cifras significativamente m\u00e1s bajas que el 49,3% proporcionado por el de las encuestas a los pacientes con dolor orofacial.<\/p>\n<p>Adem\u00e1s, tanto Mokhtari como Leeson, destacan las consecuencias econ\u00f3micas que tiene este dolor inhabilitante orofacial para los pacientes que sufren este tipo de dolor cr\u00f3nico orofacial, y el impacto que tiene \u00e9ste en su calidad de vida.  As\u00ed pues, afirman que este tipo de dolor orofacial afecta al desarrollo normal de sus vidas y su capacidad laboral y<strong> provoca una grave minusval\u00eda. <\/strong><\/p>\n<p>Por otra parte, estos especialistas inciden en la labor de estudios como el de Eastman suponen el principio de un trabajo de investigaci\u00f3n para continuar investigando sobre estas enfermedades y la mejora del tratamiento a estos pacientes.<\/p>\n<p>Puede leer el art\u00edculo original en el portal de Noticias de Salud y Ciencia Drbicuspid: <\/p>\n<p>Pinchar este link.<br \/>\nhttp:\/\/www.drbicuspid.com\/index.aspx?sec=sup&#038;sub=cos&#038;pag=dis&#038;ItemID=311322<\/p>\n<p>Fuentes:<br \/>\n  Amin Mokhatari es estudiante del Master de Ciencia del University College de Londres y Rachel Leeson, supervisora de la investigaci\u00f3n y Doctora especializada en Cirug\u00eda Oral<\/p>\n<p>  (Journal of General Internal Medicine, May 1998, Vol. 13:5, pp. 296-302. <\/p>\n<p>Informaci\u00f3n sobre la GCPS: https:\/\/dspace.stir.ac.uk\/bitstream\/1893\/675\/1\/Revised%20Text.pdf<\/p>\n<p>Voluntarios del Departamento de Prensa Sanitaria de AEPA ATM.<\/p>\n","protected":false},"excerpt":{"rendered":"<p>Una investigaci\u00f3n realizada porla Doctora Rachel Leeson y el investigador Amin Mokhtari en el Hospital Dental de Eastman, Londres -en la que han colaborado 262 pacientes afectados por dolor- prueba que el dolor orofacial cr\u00f3nico es uno de los peores que pueda soportar el ser humano e incapacita mucho m\u00e1s que otros como -son el [&hellip;]<\/p>\n","protected":false},"author":305,"featured_media":80,"comment_status":"open","ping_status":"open","sticky":false,"template":"","format":"standard","meta":{"_acf_changed":false,"footnotes":""},"categories":[1],"tags":[],"be_disease":[802,593],"be_general":[],"be_media_type":[],"class_list":["post-78","post","type-post","status-publish","format-standard","has-post-thumbnail","hentry","category-sin-categoria","be_disease-dolor","be_disease-enfermedades-raras"],"acf":[],"_links":{"self":[{"href":"https:\/\/www.somospacientes.com\/aepa-atm\/wp-json\/wp\/v2\/posts\/78","targetHints":{"allow":["GET"]}}],"collection":[{"href":"https:\/\/www.somospacientes.com\/aepa-atm\/wp-json\/wp\/v2\/posts"}],"about":[{"href":"https:\/\/www.somospacientes.com\/aepa-atm\/wp-json\/wp\/v2\/types\/post"}],"author":[{"embeddable":true,"href":"https:\/\/www.somospacientes.com\/aepa-atm\/wp-json\/wp\/v2\/users\/305"}],"replies":[{"embeddable":true,"href":"https:\/\/www.somospacientes.com\/aepa-atm\/wp-json\/wp\/v2\/comments?post=78"}],"version-history":[{"count":7,"href":"https:\/\/www.somospacientes.com\/aepa-atm\/wp-json\/wp\/v2\/posts\/78\/revisions"}],"predecessor-version":[{"id":87,"href":"https:\/\/www.somospacientes.com\/aepa-atm\/wp-json\/wp\/v2\/posts\/78\/revisions\/87"}],"wp:featuredmedia":[{"embeddable":true,"href":"https:\/\/www.somospacientes.com\/aepa-atm\/wp-json\/wp\/v2\/media\/80"}],"wp:attachment":[{"href":"https:\/\/www.somospacientes.com\/aepa-atm\/wp-json\/wp\/v2\/media?parent=78"}],"wp:term":[{"taxonomy":"category","embeddable":true,"href":"https:\/\/www.somospacientes.com\/aepa-atm\/wp-json\/wp\/v2\/categories?post=78"},{"taxonomy":"post_tag","embeddable":true,"href":"https:\/\/www.somospacientes.com\/aepa-atm\/wp-json\/wp\/v2\/tags?post=78"},{"taxonomy":"be_disease","embeddable":true,"href":"https:\/\/www.somospacientes.com\/aepa-atm\/wp-json\/wp\/v2\/be_disease?post=78"},{"taxonomy":"be_general","embeddable":true,"href":"https:\/\/www.somospacientes.com\/aepa-atm\/wp-json\/wp\/v2\/be_general?post=78"},{"taxonomy":"be_media_type","embeddable":true,"href":"https:\/\/www.somospacientes.com\/aepa-atm\/wp-json\/wp\/v2\/be_media_type?post=78"}],"curies":[{"name":"wp","href":"https:\/\/api.w.org\/{rel}","templated":true}]}}