{"id":103,"date":"2013-04-25T12:41:52","date_gmt":"2013-04-25T10:41:52","guid":{"rendered":"https:\/\/www.somospacientes.com\/aexpe\/?p=103"},"modified":"2013-07-25T11:15:16","modified_gmt":"2013-07-25T09:15:16","slug":"seis-pecados-capitales","status":"publish","type":"post","link":"https:\/\/www.somospacientes.com\/aexpe\/noticias\/sin-categoria\/seis-pecados-capitales\/","title":{"rendered":"Seis Pecados Capitales"},"content":{"rendered":"<div style=\"text-align: center\"><strong>SEIS<br \/>\nPECADOS CAPITALES<\/strong><\/div>\n<p><\/p>\n<div style=\"text-align: center\" align=\"center\">\u00a1Qu\u00e9 me acaba de decir el reumat\u00f3logo! \u00bfQu\u00e9 tengo qu\u00e9?<br \/>\n\u00bfQu\u00e9 he hecho mal?\u00a0 \u00bfQu\u00e9 es Espondilitis<br \/>\nAnquilosante?<\/div>\n<p><\/p>\n<div style=\"text-align: center\" align=\"center\">Salgo de la consulta, \u00bfen que consiste esta enfermedad<br \/>\ncr\u00f3nica? \u00bfY ahora que hago? \u00bfD\u00f3nde encuentro yo<br \/>\ninformaci\u00f3n?<\/div>\n<div style=\"text-align: center\">\u00bfAcabo de perder mi salud? \u00bfHe llegado a un lugar del<br \/>\nque no podr\u00e9 volver a dar marcha atr\u00e1s?<\/div>\n<p><\/p>\n<div style=\"text-align: center\" align=\"center\">Mejor la ignorancia y el<br \/>\ndolor.<\/div>\n<p><\/p>\n<div style=\"text-align: center\" align=\"center\">\u00a1Pero, qui\u00e9n no arriesga no<br \/>\ngana!<\/div>\n<div style=\"text-align: center\">\u00a1Venga, s\u00e9 valiente, ent\u00e9rate de qu\u00e9 va<br \/>\nesto!<\/div>\n<div style=\"text-align: center\">Comienzo a informarme de los efectos de la enfermedad<br \/>\nEspondilitis Anquilosante.<\/div>\n<p><\/p>\n<div style=\"text-align: center\" align=\"center\">Sorpresa, dolor de nuevo, rabia<br \/>\ncontenida.<\/div>\n<div style=\"text-align: center\">Me duele lo que ahora s\u00e9, siento que ahora no puedo con<br \/>\nesto, que se pare todo, no quiero ser as\u00ed, no quiero vivir con esto. \u00bfPorqu\u00e9 a<br \/>\nm\u00ed? Este reumat\u00f3logo se ha equivocado, \u00a1No me lo creo!<\/div>\n<div style=\"text-align: center\">SOBERBIA.<\/div>\n<p><\/p>\n<div style=\"text-align: center\" align=\"center\">\u00a1No pasa nada, tranquila, ac\u00e9ptalo, as\u00famelo,<br \/>\ndigiere!<\/div>\n<div style=\"text-align: center\">\u00bfTengo ganas de<br \/>\nasimilar?<\/div>\n<div style=\"text-align: center\">No. Pero debo bucear dentro de m\u00ed y<br \/>\nescucharme.<\/div>\n<div style=\"text-align: center\">\u00a1Venga, qu\u00e9 piensas, qu\u00e9<br \/>\nsientes!<\/div>\n<div style=\"text-align: center\">\u00a1Qu\u00e9 duele, que acabo de tomar conciencia de que<br \/>\nenvejezco, me degenero, que estoy enferma de<br \/>\nalgo!<\/div>\n<div style=\"text-align: center\">No pasa nada, todo el mundo se deteriora, todo el mundo<br \/>\nenvejece y se deforma, s\u00f3lo que con la EA acabas de darte cuenta de que a ti ya<br \/>\nte sucede.<\/div>\n<div style=\"text-align: center\">ENVIDIA.<\/div>\n<p><\/p>\n<div style=\"text-align: center\" align=\"center\">Pero yo estoy sola con esto y soy joven, quiero jugar,<br \/>\nsalir, gustar.<\/div>\n<div style=\"text-align: center\">LUJURIA.<\/div>\n<p><\/p>\n<div style=\"text-align: center\" align=\"center\">\u00a1\u00a1\u00a1En breve tendr\u00e9 la columna como una<br \/>\nanciana!!!<\/div>\n<div style=\"text-align: center\">IRA.<\/div>\n<p><\/p>\n<div style=\"text-align: center\" align=\"center\">\u00a1Pero tener EA, no es ser una<br \/>\nanciana!<\/div>\n<div style=\"text-align: center\">\u00a1Ah no, pues f\u00edsicamente me voy a poner<br \/>\nas\u00ed!<\/div>\n<div style=\"text-align: center\">\u00a1Que no tonta, tu haz m\u00e1s y m\u00e1s nataci\u00f3n!<\/div>\n<div style=\"text-align: center\">AVARICIA.<\/div>\n<p><\/p>\n<div style=\"text-align: center\" align=\"center\">\u00a1Que no, que no puedo con esto, que<br \/>\ndolor!<\/div>\n<div style=\"text-align: center\">Acabo comiendo una bolsa de golosinas.<\/div>\n<div style=\"text-align: center\">GULA.<\/div>\n<p><\/p>\n<div style=\"text-align: center\" align=\"center\">\u00a1Llora, llora y<br \/>\ndesah\u00f3gate!<\/div>\n<div style=\"text-align: center\">Desaliento, llueve dentro de m\u00ed, ba\u00f1era con agua<br \/>\ncaliente, me sumerjo y siento calidez de ba\u00f1o maternal. El dolor decrece, el<br \/>\n\u00e1nimo aflora, la paz comienza a nacer en mi alma y en mi cabeza. Llego a una<br \/>\nconclusi\u00f3n: la EA te permite tener s\u00f3lo seis pecados<br \/>\ncapitales.<\/div>\n<p><\/p>\n<div style=\"text-align: center\" align=\"center\">Todos menos el de la<br \/>\nPEREZA.<\/div>\n<p><\/p>\n<div style=\"text-align: right\"><strong>Reflexi\u00f3n de Nuria Moreno<\/strong><\/div>\n<p><\/p>\n<div style=\"text-align: right\">Psic\u00f3loga de la Asociaci\u00f3n de Espondilitis Anquilosante<br \/>\nde Extremadura y<\/div>\n<div style=\"text-align: right\">Enferma de Espondilitis<br \/>\nAnquilosante.<\/div>\n","protected":false},"excerpt":{"rendered":"<p>SEIS PECADOS CAPITALES \u00a1Qu\u00e9 me acaba de decir el reumat\u00f3logo! \u00bfQu\u00e9 tengo qu\u00e9? \u00bfQu\u00e9 he hecho mal?\u00a0 \u00bfQu\u00e9 es Espondilitis Anquilosante? Salgo de la consulta, \u00bfen que consiste esta enfermedad cr\u00f3nica? \u00bfY ahora que hago? \u00bfD\u00f3nde encuentro yo informaci\u00f3n? \u00bfAcabo de perder mi salud? \u00bfHe llegado a un lugar del que no podr\u00e9 volver a [&hellip;]<\/p>\n","protected":false},"author":462,"featured_media":0,"comment_status":"open","ping_status":"open","sticky":false,"template":"","format":"standard","meta":{"_acf_changed":false,"footnotes":""},"categories":[1],"tags":[],"be_disease":[808],"be_general":[],"be_media_type":[],"class_list":["post-103","post","type-post","status-publish","format-standard","hentry","category-sin-categoria","be_disease-espondilitis-anquilosante"],"acf":[],"_links":{"self":[{"href":"https:\/\/www.somospacientes.com\/aexpe\/wp-json\/wp\/v2\/posts\/103","targetHints":{"allow":["GET"]}}],"collection":[{"href":"https:\/\/www.somospacientes.com\/aexpe\/wp-json\/wp\/v2\/posts"}],"about":[{"href":"https:\/\/www.somospacientes.com\/aexpe\/wp-json\/wp\/v2\/types\/post"}],"author":[{"embeddable":true,"href":"https:\/\/www.somospacientes.com\/aexpe\/wp-json\/wp\/v2\/users\/462"}],"replies":[{"embeddable":true,"href":"https:\/\/www.somospacientes.com\/aexpe\/wp-json\/wp\/v2\/comments?post=103"}],"version-history":[{"count":9,"href":"https:\/\/www.somospacientes.com\/aexpe\/wp-json\/wp\/v2\/posts\/103\/revisions"}],"predecessor-version":[{"id":109,"href":"https:\/\/www.somospacientes.com\/aexpe\/wp-json\/wp\/v2\/posts\/103\/revisions\/109"}],"wp:attachment":[{"href":"https:\/\/www.somospacientes.com\/aexpe\/wp-json\/wp\/v2\/media?parent=103"}],"wp:term":[{"taxonomy":"category","embeddable":true,"href":"https:\/\/www.somospacientes.com\/aexpe\/wp-json\/wp\/v2\/categories?post=103"},{"taxonomy":"post_tag","embeddable":true,"href":"https:\/\/www.somospacientes.com\/aexpe\/wp-json\/wp\/v2\/tags?post=103"},{"taxonomy":"be_disease","embeddable":true,"href":"https:\/\/www.somospacientes.com\/aexpe\/wp-json\/wp\/v2\/be_disease?post=103"},{"taxonomy":"be_general","embeddable":true,"href":"https:\/\/www.somospacientes.com\/aexpe\/wp-json\/wp\/v2\/be_general?post=103"},{"taxonomy":"be_media_type","embeddable":true,"href":"https:\/\/www.somospacientes.com\/aexpe\/wp-json\/wp\/v2\/be_media_type?post=103"}],"curies":[{"name":"wp","href":"https:\/\/api.w.org\/{rel}","templated":true}]}}