{"id":110,"date":"2013-07-24T10:51:33","date_gmt":"2013-07-24T08:51:33","guid":{"rendered":"https:\/\/www.somospacientes.com\/aexpe\/?p=110"},"modified":"2013-07-25T11:08:07","modified_gmt":"2013-07-25T09:08:07","slug":"homenaje-al-expresidente-de-aexpe-paco-trejo-simoes","status":"publish","type":"post","link":"https:\/\/www.somospacientes.com\/aexpe\/noticias\/sin-categoria\/homenaje-al-expresidente-de-aexpe-paco-trejo-simoes\/","title":{"rendered":"Homenaje al expresidente de AEXPE Paco Trejo Simoes"},"content":{"rendered":"<p><a href=\"https:\/\/www.somospacientes.com\/aexpe\/files\/2013\/07\/121.jpg\"><img loading=\"lazy\" decoding=\"async\" class=\"alignleft size-medium wp-image-126\" src=\"https:\/\/www.somospacientes.com\/aexpe\/files\/2013\/07\/121-300x225.jpg\" alt=\"Etrega de una escultura en honor al trabajo realizado a lo largo de su presidencia en la asociaci\u00f3n AEXPE\" width=\"300\" height=\"225\" srcset=\"https:\/\/www.somospacientes.com\/aexpe\/files\/2013\/07\/121-300x225.jpg 300w, https:\/\/www.somospacientes.com\/aexpe\/files\/2013\/07\/121-1024x768.jpg 1024w, https:\/\/www.somospacientes.com\/aexpe\/files\/2013\/07\/121-50x37.jpg 50w, https:\/\/www.somospacientes.com\/aexpe\/files\/2013\/07\/121-150x112.jpg 150w, https:\/\/www.somospacientes.com\/aexpe\/files\/2013\/07\/121-85x63.jpg 85w, https:\/\/www.somospacientes.com\/aexpe\/files\/2013\/07\/121-191x143.jpg 191w, https:\/\/www.somospacientes.com\/aexpe\/files\/2013\/07\/121-630x472.jpg 630w\" sizes=\"auto, (max-width: 300px) 100vw, 300px\" \/><\/a><em><strong>El domingo d\u00eda 21 de julio de 2013 en un restaurante de Montijo, nos reunimos varios miembros de AEXPE, Asociaci\u00f3n Extreme\u00f1a de Pacientes con Espondilitis Anquilosante con el motivo de organizar un almuerzo homenaje al expresidente de esta asociaci\u00f3n Paco Trejo Simoes.<\/strong><\/em><\/p>\n<div>En los postres el actual presidente Juan Francisco Mart\u00edn Caba\u00f1as dedic\u00f3 unas palabras de agradecimiento a Paco. Igualmente hizo lo propio la psic\u00f3loga de AEXPE Nuria Moreno Rodr\u00edguez. Para que constara como recuerdo de este acto homenaje se le hizo entrega de una escultura en honor al trabajo realizado a lo largo de su presidencia en la<br \/>\nasociaci\u00f3n.<\/div>\n<p><\/p>\n<p>El 8 de Marzo de 2004 naci\u00f3 en Montijo en la provincia de Badajoz AEXPE y se redact\u00f3 el acta de constituci\u00f3n de la asociaci\u00f3n. Desde ese momento Paco ha venido desarrollando la labor de presidente hasta la fecha del 17 de Febrero del presente a\u00f1o en que tom\u00f3 el relevo de la presidencia Juan Francisco Mart\u00edn Caba\u00f1as.<\/p>\n<p>El camino hasta aqu\u00ed no ha sido f\u00e1cil, han surgido dificultades, situaciones complicadas de resolver, aunque las alegr\u00edas han superado todos los obst\u00e1culos. AEXPE naci\u00f3 con un cometido: informar y apoyar a todos los enfermos de Espondilitis Anquilosante.<\/p>\n<p>Aunque todos los miembros de esta asociaci\u00f3n han aportado su granito de arena, Paco ha dedicado mucho tiempo a tirar del carro, ese tiempo a veces se lo ha robado a su esposa, hijas\u2026 las cuales tambi\u00e9n se han visto implicadas ayudando todo lo que han podido, por eso creemos que se merece el homenaje que le hemos dado, \u00e9l es el verdadero art\u00edfice que ha propiciado que hayamos llegado a este punto de nivel asociativo, en cuanto a Espondilitis en Extremadura\u00a0 a pesar de las adversidades. Por su apoyo continuo, su dedicaci\u00f3n, su persistencia, porque ha sido una inspiraci\u00f3n para nosotros, ha dejado el camino despejado y marcadas algunas directrices para seguir adelante. Nos ha acompa\u00f1ado en momentos duros, ayudando a sacar de nuestro interior las fuerzas que ten\u00edamos perdidas, disfrutando de nuestras alegr\u00edas, ha luchado por el crecimiento de esta asociaci\u00f3n.<\/p>\n<p>Paco nos ha inculcado el valor del esfuerzo, nunca ha rehusado implicarse al m\u00e1ximo en todas las actividades de la asociaci\u00f3n: Jornadas m\u00e9dicas, Reuniones Termales, D\u00edas de Convivencia\u2026<\/p>\n<p>AEXPE naci\u00f3 con un saco al hombro vac\u00edo, saco que a lo largo del camino y de los a\u00f1os se ha ido llenado de muchas cosas, se han ido incorporando nuevos socios, nuevas actividades, relaci\u00f3n con otras asociaciones, formar parte de CEADE Coordinadora Espa\u00f1ola de Asociaciones de Espondilitis, presencia en las Redes Sociales\u2026<\/p>\n<p>Aunque Paco ya no preside AEXPE, sabemos que lo tenemos ah\u00ed a nuestro lado, como miembro activo, y nos consta que todo el tiempo que pueda lo va a seguir dedicando a echar una mano en lo que sea necesario. No debemos pecar de ego\u00edstas y debemos comprender que est\u00e1 bien que haya decidido pasar el relevo, ahora puede tener m\u00e1s tiempo para dedicarlo a su familia, a su tiempo libre, a sus ratos de ocio, en definitiva dedicarse m\u00e1s tiempo a s\u00ed<br \/>\nmismo.<\/p>\n<p>Todos los miembros de AEXPE te agradecemos profundamente tus esfuerzos y el ejemplo que nos has dado.<\/p>\n<p>Trataremos de copiarte.<\/p>\n<p>\u00a1Gracias amigo Paco!<\/p>\n","protected":false},"excerpt":{"rendered":"<p>El domingo d\u00eda 21 de julio de 2013 en un restaurante de Montijo, nos reunimos varios miembros de AEXPE, Asociaci\u00f3n Extreme\u00f1a de Pacientes con Espondilitis Anquilosante con el motivo de organizar un almuerzo homenaje al expresidente de esta asociaci\u00f3n Paco Trejo Simoes. En los postres el actual presidente Juan Francisco Mart\u00edn Caba\u00f1as dedic\u00f3 unas palabras [&hellip;]<\/p>\n","protected":false},"author":462,"featured_media":0,"comment_status":"open","ping_status":"open","sticky":false,"template":"","format":"standard","meta":{"_acf_changed":false,"footnotes":""},"categories":[1],"tags":[],"be_disease":[808],"be_general":[],"be_media_type":[],"class_list":["post-110","post","type-post","status-publish","format-standard","hentry","category-sin-categoria","be_disease-espondilitis-anquilosante"],"acf":[],"_links":{"self":[{"href":"https:\/\/www.somospacientes.com\/aexpe\/wp-json\/wp\/v2\/posts\/110","targetHints":{"allow":["GET"]}}],"collection":[{"href":"https:\/\/www.somospacientes.com\/aexpe\/wp-json\/wp\/v2\/posts"}],"about":[{"href":"https:\/\/www.somospacientes.com\/aexpe\/wp-json\/wp\/v2\/types\/post"}],"author":[{"embeddable":true,"href":"https:\/\/www.somospacientes.com\/aexpe\/wp-json\/wp\/v2\/users\/462"}],"replies":[{"embeddable":true,"href":"https:\/\/www.somospacientes.com\/aexpe\/wp-json\/wp\/v2\/comments?post=110"}],"version-history":[{"count":23,"href":"https:\/\/www.somospacientes.com\/aexpe\/wp-json\/wp\/v2\/posts\/110\/revisions"}],"predecessor-version":[{"id":133,"href":"https:\/\/www.somospacientes.com\/aexpe\/wp-json\/wp\/v2\/posts\/110\/revisions\/133"}],"wp:attachment":[{"href":"https:\/\/www.somospacientes.com\/aexpe\/wp-json\/wp\/v2\/media?parent=110"}],"wp:term":[{"taxonomy":"category","embeddable":true,"href":"https:\/\/www.somospacientes.com\/aexpe\/wp-json\/wp\/v2\/categories?post=110"},{"taxonomy":"post_tag","embeddable":true,"href":"https:\/\/www.somospacientes.com\/aexpe\/wp-json\/wp\/v2\/tags?post=110"},{"taxonomy":"be_disease","embeddable":true,"href":"https:\/\/www.somospacientes.com\/aexpe\/wp-json\/wp\/v2\/be_disease?post=110"},{"taxonomy":"be_general","embeddable":true,"href":"https:\/\/www.somospacientes.com\/aexpe\/wp-json\/wp\/v2\/be_general?post=110"},{"taxonomy":"be_media_type","embeddable":true,"href":"https:\/\/www.somospacientes.com\/aexpe\/wp-json\/wp\/v2\/be_media_type?post=110"}],"curies":[{"name":"wp","href":"https:\/\/api.w.org\/{rel}","templated":true}]}}