{"id":184,"date":"2013-10-24T01:50:04","date_gmt":"2013-10-23T23:50:04","guid":{"rendered":"https:\/\/www.somospacientes.com\/aexpe\/?p=184"},"modified":"2013-10-24T01:50:05","modified_gmt":"2013-10-23T23:50:05","slug":"jornada-de-convivencia-de-aexpe","status":"publish","type":"post","link":"https:\/\/www.somospacientes.com\/aexpe\/noticias\/sin-categoria\/jornada-de-convivencia-de-aexpe\/","title":{"rendered":"Jornada de Convivencia de AEXPE"},"content":{"rendered":"<p>Con motivo de la c<a href=\"https:\/\/www.somospacientes.com\/aexpe\/files\/2013\/10\/spa-arroyo-057.jpg\"><img loading=\"lazy\" decoding=\"async\" class=\"alignleft size-medium wp-image-187\" src=\"https:\/\/www.somospacientes.com\/aexpe\/files\/2013\/10\/spa-arroyo-057-300x225.jpg\" alt=\"\" width=\"300\" height=\"225\" srcset=\"https:\/\/www.somospacientes.com\/aexpe\/files\/2013\/10\/spa-arroyo-057-300x225.jpg 300w, https:\/\/www.somospacientes.com\/aexpe\/files\/2013\/10\/spa-arroyo-057-1024x768.jpg 1024w, https:\/\/www.somospacientes.com\/aexpe\/files\/2013\/10\/spa-arroyo-057-50x37.jpg 50w, https:\/\/www.somospacientes.com\/aexpe\/files\/2013\/10\/spa-arroyo-057-150x112.jpg 150w, https:\/\/www.somospacientes.com\/aexpe\/files\/2013\/10\/spa-arroyo-057-85x63.jpg 85w, https:\/\/www.somospacientes.com\/aexpe\/files\/2013\/10\/spa-arroyo-057-191x143.jpg 191w, https:\/\/www.somospacientes.com\/aexpe\/files\/2013\/10\/spa-arroyo-057-630x472.jpg 630w\" sizes=\"auto, (max-width: 300px) 100vw, 300px\" \/><\/a>elebraci\u00f3n del d\u00eda Nacional de la Espondilitis Anquilosante 20 de Octubre, el pasado s\u00e1bado d\u00eda 19, la Asociaci\u00f3n Extreme\u00f1a de Pacientes con Espondilitis Anquilosante AEXPE, realiz\u00f3 una Convivencia Termal, \u00a0bajo el lema, <strong>UNIDOS POR UNA MEJOR CALIDAD DE VIDA, HOY TIENES ESPERANZA<\/strong>, en el moderno y reci\u00e9n estrenado Spa de Arroyo de San Serv\u00e1n en Badajoz a la que asistieron socios de AEXPE de todos los puntos de Extremadura.<\/p>\n<p>Lo mejor de la tarde fue sin duda la gran comunicaci\u00f3n que se dio entre los socios, \u00a0motivada entre otras cosas por las distintas actividades acu\u00e1ticas que propiciaron esa relaci\u00f3n\u00a0 distendida: saunas, yacuzzi, chorros, etc., todo un grupo que se mostraba espont\u00e1neo facilitando as\u00ed un ambiente,\u00a0 dialogante,\u00a0 sereno,\u00a0 y relajado.<\/p>\n<p>Tras el circuito termal, tomamos caf\u00e9 y pastas para reponer fuerzas.<\/p>\n<p>En un saloncito que tiene el Spa, \u00a0el Presidente de AEXPE Juan Francisco Martin Caba\u00f1as, dio la bienvenida a varios socios nuevos y agradeci\u00f3 la asistencia a todos, \u00a0especialmente a los que hicieron un viaje en algunos casos de diferentes y lejanos lugares de Extremadura: Herv\u00e1s, Campanario, Calera de Le\u00f3n, C\u00e1ceres etc.<\/p>\n<p>En una tarde tan climatol\u00f3gicamente tormentosa durante una charla-coloquio que tuvo lugar, se pusieron de manifiesto los problemas que tienen algunos enfermos de espondilitis a los que la Directiva trato de orientar para resolverlos.<\/p>\n<p>Los cuatro socios nuevos que por primera vez tomaron contacto con el grupo, manifestaron gran alegr\u00eda y liberaci\u00f3n, porque se sintieron acogidos y comprendidos, dijeron que adem\u00e1s de la ropa mojada del ba\u00f1o en la mochila, se llevaban \u00a0fuerza y \u00e1nimos para plantarle cara a la enfermedad y hacerse cargo de ella, por lo que la Directiva de AEXPE valor\u00f3 de forma \u00a0muy positiva ese d\u00eda de Convivencia \u00a0Termal.<\/p>\n<p>V\u00eddeo del Canal de AEXPE en YouTube<\/p>\n<p><a href=\"http:\/\/www.youtube.com\/watch?v=MYQW4RKohck&amp;feature=c4-overview&amp;list=UUVwbtXP6ejVRZveuWTEQ4cA\">AEXPE Charla Coloquio Jornada de Convivencia en el Spa de Arroyo de San Serv\u00e1n (Badajoz)<\/a><\/p>\n<p>&nbsp;<\/p>\n<p>&nbsp;<\/p>\n","protected":false},"excerpt":{"rendered":"<p>Con motivo de la celebraci\u00f3n del d\u00eda Nacional de la Espondilitis Anquilosante 20 de Octubre, el pasado s\u00e1bado d\u00eda 19, la Asociaci\u00f3n Extreme\u00f1a de Pacientes con Espondilitis Anquilosante AEXPE, realiz\u00f3 una Convivencia Termal, \u00a0bajo el lema, UNIDOS POR UNA MEJOR CALIDAD DE VIDA, HOY TIENES ESPERANZA, en el moderno y reci\u00e9n estrenado Spa de Arroyo [&hellip;]<\/p>\n","protected":false},"author":462,"featured_media":0,"comment_status":"open","ping_status":"open","sticky":false,"template":"","format":"standard","meta":{"_acf_changed":false,"footnotes":""},"categories":[1],"tags":[],"be_disease":[],"be_general":[],"be_media_type":[],"class_list":["post-184","post","type-post","status-publish","format-standard","hentry","category-sin-categoria"],"acf":[],"_links":{"self":[{"href":"https:\/\/www.somospacientes.com\/aexpe\/wp-json\/wp\/v2\/posts\/184","targetHints":{"allow":["GET"]}}],"collection":[{"href":"https:\/\/www.somospacientes.com\/aexpe\/wp-json\/wp\/v2\/posts"}],"about":[{"href":"https:\/\/www.somospacientes.com\/aexpe\/wp-json\/wp\/v2\/types\/post"}],"author":[{"embeddable":true,"href":"https:\/\/www.somospacientes.com\/aexpe\/wp-json\/wp\/v2\/users\/462"}],"replies":[{"embeddable":true,"href":"https:\/\/www.somospacientes.com\/aexpe\/wp-json\/wp\/v2\/comments?post=184"}],"version-history":[{"count":9,"href":"https:\/\/www.somospacientes.com\/aexpe\/wp-json\/wp\/v2\/posts\/184\/revisions"}],"predecessor-version":[{"id":194,"href":"https:\/\/www.somospacientes.com\/aexpe\/wp-json\/wp\/v2\/posts\/184\/revisions\/194"}],"wp:attachment":[{"href":"https:\/\/www.somospacientes.com\/aexpe\/wp-json\/wp\/v2\/media?parent=184"}],"wp:term":[{"taxonomy":"category","embeddable":true,"href":"https:\/\/www.somospacientes.com\/aexpe\/wp-json\/wp\/v2\/categories?post=184"},{"taxonomy":"post_tag","embeddable":true,"href":"https:\/\/www.somospacientes.com\/aexpe\/wp-json\/wp\/v2\/tags?post=184"},{"taxonomy":"be_disease","embeddable":true,"href":"https:\/\/www.somospacientes.com\/aexpe\/wp-json\/wp\/v2\/be_disease?post=184"},{"taxonomy":"be_general","embeddable":true,"href":"https:\/\/www.somospacientes.com\/aexpe\/wp-json\/wp\/v2\/be_general?post=184"},{"taxonomy":"be_media_type","embeddable":true,"href":"https:\/\/www.somospacientes.com\/aexpe\/wp-json\/wp\/v2\/be_media_type?post=184"}],"curies":[{"name":"wp","href":"https:\/\/api.w.org\/{rel}","templated":true}]}}