{"id":50,"date":"2017-04-04T12:46:04","date_gmt":"2017-04-04T10:46:04","guid":{"rendered":"https:\/\/www.somospacientes.com\/afa-alicante\/?p=50"},"modified":"2017-04-04T12:46:04","modified_gmt":"2017-04-04T10:46:04","slug":"imborrables-una-campana-solidaria-para-la-concienciacion-del-alzheimer-en-alicante","status":"publish","type":"post","link":"https:\/\/www.somospacientes.com\/afa-alicante\/noticias\/sin-categoria\/imborrables-una-campana-solidaria-para-la-concienciacion-del-alzheimer-en-alicante\/","title":{"rendered":"\u201cIMBORRABLES\u201d, UNA CAMPA\u00d1A SOLIDARIA PARA LA CONCIENCIACI\u00d3N DEL ALZHEIMER EN ALICANTE."},"content":{"rendered":"<p><a href=\"https:\/\/www.somospacientes.com\/afa-alicante\/files\/2017\/04\/Imborrables-horizontal-1.jpg\"><img loading=\"lazy\" decoding=\"async\" class=\"alignnone size-medium wp-image-52\" src=\"https:\/\/www.somospacientes.com\/afa-alicante\/files\/2017\/04\/Imborrables-horizontal-1-300x211.jpg\" alt=\"\" width=\"300\" height=\"211\" srcset=\"https:\/\/www.somospacientes.com\/afa-alicante\/files\/2017\/04\/Imborrables-horizontal-1-300x211.jpg 300w, https:\/\/www.somospacientes.com\/afa-alicante\/files\/2017\/04\/Imborrables-horizontal-1-1024x722.jpg 1024w, https:\/\/www.somospacientes.com\/afa-alicante\/files\/2017\/04\/Imborrables-horizontal-1-50x35.jpg 50w, https:\/\/www.somospacientes.com\/afa-alicante\/files\/2017\/04\/Imborrables-horizontal-1-150x106.jpg 150w, https:\/\/www.somospacientes.com\/afa-alicante\/files\/2017\/04\/Imborrables-horizontal-1-85x60.jpg 85w, https:\/\/www.somospacientes.com\/afa-alicante\/files\/2017\/04\/Imborrables-horizontal-1-630x444.jpg 630w\" sizes=\"auto, (max-width: 300px) 100vw, 300px\" \/><\/a><\/p>\n<p>La Asociaci\u00f3n de Alzheimer de Alicante (AFA Alicante) inicia la campa\u00f1a \u201cImborrables\u201d, creada por la agencia Grupo Enfoca, con la que pretende concienciar a toda la poblaci\u00f3n Alicantina y a todas las instituciones acerca de la enfermedad, la necesidad de servicios y atenci\u00f3n que requieren las personas que la sufren, y comunicar que todos podemos aportar nuestro granito de arena para que los afectados y sus familias tengan m\u00e1s recursos para luchar contra el Alzheimer.<\/p>\n<p>La campa\u00f1a se compone inicialmente de una pieza audiovisual, producida con la colaboraci\u00f3n de \u00c1tico Cuatro, en la que todos podemos vernos reflejados y sentir en nuestra propia piel los problemas de esta enfermedad. La viralidad de este spot pretender\u00e1 acercar el problema y concienciar al mayor n\u00famero de personas posible afectados directa o indirectamente por el Alzheimer.<\/p>\n<p>Este spot\u00a0<a href=\"https:\/\/goo.gl\/Rj5U4i\">https:\/\/goo.gl\/Rj5U4i<\/a>\u00a0est\u00e1 apoyado por una p\u00e1gina web:\u00a0<a href=\"http:\/\/www.imborrables.es\/\">www.imborrables.es<\/a>\u00a0en la que se explica toda la campa\u00f1a y en la que todo aquel que quiera aportar su granito de arena a la causa podr\u00e1 preservar sus recuerdos m\u00e1s bonitos y especiales plasm\u00e1ndolos en un objeto cotidiano y as\u00ed recordarlo para siempre. Estos objetos se podr\u00e1n adquirir en la tienda de la web y todo el beneficio recaudado con la venta de los productos Imborrables dise\u00f1ados ser\u00e1 destinado \u00edntegramente a AFA Alicante, para mejorar los servicios y atenci\u00f3n de los pacientes en el centro.<\/p>\n<p>Estos recuerdos ser\u00e1n personalizados y plasmados en los objetos con ilustraciones de prestigiosos artistas de talla nacional e internacional tales como\u00a0<strong>Pablo Auladell<\/strong>, galardonado con el premio nacional del c\u00f3mic;\u00a0<strong>Manuel Gald\u00f3n<\/strong>, artista con m\u00e1s de 20 a\u00f1os de experiencia como dibujante en Walt Disney y creador entre otras obras del mural \u201cMosaico de miradas ah\u00ed arriba\u2026 \u00bfo ah\u00ed abajo? convertido ya en un icono de Alicante; \u00a0<strong>Bel\u00edn<\/strong>, reconocido mundialmente por su t\u00e9cnica hiperrealista adem\u00e1s de contar con vertiente art\u00edstica propia autodenominada como\u00a0<em>postneocubismo<\/em>;\u00a0<strong>Lawerta<\/strong>,\u00a0<strong>Jorge Ar\u00e9valo<\/strong>\u00a0o\u00a0<strong>Ana Galva\u00f1<\/strong>\u00a0entre otros.<\/p>\n<p><u>C\u00f3mo contribuir a la causa y crear un recuerdo imborrable:<\/u><\/p>\n<ul>\n<li>Entra en la Tienda de la web de imborrables\u00a0<a href=\"http:\/\/www.imborrables.es\/\">www.imborrables.es<\/a><\/li>\n<li>Piensa el recuerdo que desees inmortalizar<\/li>\n<li>Elige el producto donde quieres plasmar tu recuerdo<\/li>\n<li>Uno de nuestros ilustradores interpretar\u00e1 el recuerdo en el objeto elegido<\/li>\n<li>Recibes el recuerdo en casa<\/li>\n<li>Comp\u00e1rtelo en <strong>#imborrables<\/strong><\/li>\n<\/ul>\n<p>Ya se han unido a la causa numerosos\u00a0<em>celebrities<\/em>\u00a0con coraz\u00f3n alicantino como\u00a0<em>actores, actrices, blogueros\/as\u00a0<\/em>\u00a0o deportistas de \u00e9lite.<\/p>\n<p>Durante la campa\u00f1a se expondr\u00e1n los recuerdos imborrables en el\u00a0<strong>Museo de Arte Contempor\u00e1neo de Alicante<\/strong>\u00a0(MACA), unido con una agenda cultural con eventos en distintos puntos de Alicante.<\/p>\n<p>&nbsp;<\/p>\n","protected":false},"excerpt":{"rendered":"<p>La Asociaci\u00f3n de Alzheimer de Alicante (AFA Alicante) inicia la campa\u00f1a \u201cImborrables\u201d, creada por la agencia Grupo Enfoca, con la que pretende concienciar a toda la poblaci\u00f3n Alicantina y a todas las instituciones acerca de la enfermedad, la necesidad de servicios y atenci\u00f3n que requieren las personas que la sufren, y comunicar que todos podemos [&hellip;]<\/p>\n","protected":false},"author":1272,"featured_media":0,"comment_status":"open","ping_status":"open","sticky":false,"template":"","format":"standard","meta":{"_acf_changed":false,"footnotes":""},"categories":[1],"tags":[],"be_disease":[663,587],"be_general":[],"be_media_type":[],"class_list":["post-50","post","type-post","status-publish","format-standard","hentry","category-sin-categoria","be_disease-alzheimer","be_disease-discapacidad-y-dependencia"],"acf":[],"_links":{"self":[{"href":"https:\/\/www.somospacientes.com\/afa-alicante\/wp-json\/wp\/v2\/posts\/50","targetHints":{"allow":["GET"]}}],"collection":[{"href":"https:\/\/www.somospacientes.com\/afa-alicante\/wp-json\/wp\/v2\/posts"}],"about":[{"href":"https:\/\/www.somospacientes.com\/afa-alicante\/wp-json\/wp\/v2\/types\/post"}],"author":[{"embeddable":true,"href":"https:\/\/www.somospacientes.com\/afa-alicante\/wp-json\/wp\/v2\/users\/1272"}],"replies":[{"embeddable":true,"href":"https:\/\/www.somospacientes.com\/afa-alicante\/wp-json\/wp\/v2\/comments?post=50"}],"version-history":[{"count":1,"href":"https:\/\/www.somospacientes.com\/afa-alicante\/wp-json\/wp\/v2\/posts\/50\/revisions"}],"predecessor-version":[{"id":53,"href":"https:\/\/www.somospacientes.com\/afa-alicante\/wp-json\/wp\/v2\/posts\/50\/revisions\/53"}],"wp:attachment":[{"href":"https:\/\/www.somospacientes.com\/afa-alicante\/wp-json\/wp\/v2\/media?parent=50"}],"wp:term":[{"taxonomy":"category","embeddable":true,"href":"https:\/\/www.somospacientes.com\/afa-alicante\/wp-json\/wp\/v2\/categories?post=50"},{"taxonomy":"post_tag","embeddable":true,"href":"https:\/\/www.somospacientes.com\/afa-alicante\/wp-json\/wp\/v2\/tags?post=50"},{"taxonomy":"be_disease","embeddable":true,"href":"https:\/\/www.somospacientes.com\/afa-alicante\/wp-json\/wp\/v2\/be_disease?post=50"},{"taxonomy":"be_general","embeddable":true,"href":"https:\/\/www.somospacientes.com\/afa-alicante\/wp-json\/wp\/v2\/be_general?post=50"},{"taxonomy":"be_media_type","embeddable":true,"href":"https:\/\/www.somospacientes.com\/afa-alicante\/wp-json\/wp\/v2\/be_media_type?post=50"}],"curies":[{"name":"wp","href":"https:\/\/api.w.org\/{rel}","templated":true}]}}