{"id":51,"date":"2012-10-11T11:51:45","date_gmt":"2012-10-11T09:51:45","guid":{"rendered":"https:\/\/www.somospacientes.com\/agifes\/?p=51"},"modified":"2012-10-11T11:51:45","modified_gmt":"2012-10-11T09:51:45","slug":"agifes-convoca-un-concurso-de-relatos-cortos-sobre-salud-mental","status":"publish","type":"post","link":"https:\/\/www.somospacientes.com\/agifes\/noticias\/proyectos\/agifes-convoca-un-concurso-de-relatos-cortos-sobre-salud-mental\/","title":{"rendered":"Agifes convoca un concurso de relatos cortos sobre salud mental"},"content":{"rendered":"<ul>\n<li><strong>\u00a0<\/strong><strong>El certamen \u2018Libre Mente\u2019 est\u00e1 abierto a toda la sociedad y pretende romper con los mitos que afectan a las personas con enfermedad mental<\/strong><\/li>\n<\/ul>\n<ul>\n<li><strong>Esta iniciativa ha sido organizada en el marco de la campa\u00f1a de sensibilizaci\u00f3n \u2018<a href=\"http:\/\/www.pensamosenpositivo.org\/\">\u00bfTe apuntas al pensamiento positivo?<\/a>\u2019, que tiene como objetivo impulsar <\/strong><strong>la empat\u00eda social con las personas con enfermedad mental, as\u00ed como concienciar sobre la actitud positiva, que facilita la superaci\u00f3n de situaciones complicadas<\/strong><strong><\/strong><\/li>\n<\/ul>\n<p>&nbsp;<\/p>\n<p><a href=\"https:\/\/www.somospacientes.com\/agifes\/files\/2012\/10\/ICONO.png\"><img loading=\"lazy\" decoding=\"async\" class=\"size-full wp-image-52 aligncenter\" src=\"https:\/\/www.somospacientes.com\/agifes\/files\/2012\/10\/ICONO.png\" alt=\"\" width=\"463\" height=\"152\" srcset=\"https:\/\/www.somospacientes.com\/agifes\/files\/2012\/10\/ICONO.png 463w, https:\/\/www.somospacientes.com\/agifes\/files\/2012\/10\/ICONO-300x98.png 300w, https:\/\/www.somospacientes.com\/agifes\/files\/2012\/10\/ICONO-50x16.png 50w, https:\/\/www.somospacientes.com\/agifes\/files\/2012\/10\/ICONO-150x49.png 150w, https:\/\/www.somospacientes.com\/agifes\/files\/2012\/10\/ICONO-85x27.png 85w, https:\/\/www.somospacientes.com\/agifes\/files\/2012\/10\/ICONO-125x41.png 125w\" sizes=\"auto, (max-width: 463px) 100vw, 463px\" \/><\/a><\/p>\n<p>&nbsp;<\/p>\n<p><a href=\"http:\/\/www.agifes.org\/\">Agifes<\/a>, la asociaci\u00f3n guipuzcoana de familiares y personas con enfermedad mental, ofrece a toda la sociedad la oportunidad de participar en su <strong>I Concurso de Relatos Cortos \u2018Libre Mente\u2019<\/strong>, que pretende recopilar historias relacionadas con la salud mental y contribuir a la superaci\u00f3n de los mitos y prejuicios que afectan al colectivo de familiares y personas con enfermedad mental. Esta iniciativa se enmarca en la campa\u00f1a de sensibilizaci\u00f3n que la asociaci\u00f3n est\u00e1 llevando a cabo durante 2012, bajo el lema \u2018\u00bfTe apuntas al pensamiento positivo?\u2019, que tiene como objetivo impulsar la empat\u00eda social con las personas con enfermedad mental, adem\u00e1s de concienciar sobre la importancia de la actitud positiva, que facilita la superaci\u00f3n de situaciones complicadas.<strong><\/strong><\/p>\n<p>Los interesados podr\u00e1n presentar sus trabajos, a trav\u00e9s de la p\u00e1gina web de la campa\u00f1a, <a href=\"http:\/\/www.pensamosenpositivo.org\/\">www.pensamosenpositivo.org<\/a>, hasta el pr\u00f3ximo 16 de noviembre. La comisi\u00f3n de sensibilizaci\u00f3n de Agifes se encargar\u00e1 de seleccionar los tres trabajos ganadores. En total se repartir\u00e1n tres premios: el primero recibir\u00e1 400 euros; el segundo, 200, y el tercero 100, adem\u00e1s de un diploma que se entregar\u00e1 a los tres finalistas.<\/p>\n<p>Las <a href=\"http:\/\/www.pensamosenpositivo.org\/uploads\/Agifes_Bases_Concurso-Relatos-Cortos_LibreMente.pdf\">bases del concurso<\/a> est\u00e1n disponibles en la propia web de la campa\u00f1a.<\/p>\n","protected":false},"excerpt":{"rendered":"<p>\u00a0El certamen \u2018Libre Mente\u2019 est\u00e1 abierto a toda la sociedad y pretende romper con los mitos que afectan a las personas con enfermedad mental Esta iniciativa ha sido organizada en el marco de la campa\u00f1a de sensibilizaci\u00f3n \u2018\u00bfTe apuntas al pensamiento positivo?\u2019, que tiene como objetivo impulsar la empat\u00eda social con las personas con enfermedad [&hellip;]<\/p>\n","protected":false},"author":282,"featured_media":0,"comment_status":"open","ping_status":"open","sticky":false,"template":"","format":"standard","meta":{"_acf_changed":false,"footnotes":""},"categories":[1424],"tags":[],"be_disease":[799,809,646,825,829],"be_general":[],"be_media_type":[561],"class_list":["post-51","post","type-post","status-publish","format-standard","hentry","category-proyectos","be_disease-depresion","be_disease-esquizofrenia","be_disease-salud-mental","be_disease-trastorno-bipolar","be_disease-trastornos-de-la-personalidad","be_media_type-documentos-archivos"],"acf":[],"_links":{"self":[{"href":"https:\/\/www.somospacientes.com\/agifes\/wp-json\/wp\/v2\/posts\/51","targetHints":{"allow":["GET"]}}],"collection":[{"href":"https:\/\/www.somospacientes.com\/agifes\/wp-json\/wp\/v2\/posts"}],"about":[{"href":"https:\/\/www.somospacientes.com\/agifes\/wp-json\/wp\/v2\/types\/post"}],"author":[{"embeddable":true,"href":"https:\/\/www.somospacientes.com\/agifes\/wp-json\/wp\/v2\/users\/282"}],"replies":[{"embeddable":true,"href":"https:\/\/www.somospacientes.com\/agifes\/wp-json\/wp\/v2\/comments?post=51"}],"version-history":[{"count":2,"href":"https:\/\/www.somospacientes.com\/agifes\/wp-json\/wp\/v2\/posts\/51\/revisions"}],"predecessor-version":[{"id":54,"href":"https:\/\/www.somospacientes.com\/agifes\/wp-json\/wp\/v2\/posts\/51\/revisions\/54"}],"wp:attachment":[{"href":"https:\/\/www.somospacientes.com\/agifes\/wp-json\/wp\/v2\/media?parent=51"}],"wp:term":[{"taxonomy":"category","embeddable":true,"href":"https:\/\/www.somospacientes.com\/agifes\/wp-json\/wp\/v2\/categories?post=51"},{"taxonomy":"post_tag","embeddable":true,"href":"https:\/\/www.somospacientes.com\/agifes\/wp-json\/wp\/v2\/tags?post=51"},{"taxonomy":"be_disease","embeddable":true,"href":"https:\/\/www.somospacientes.com\/agifes\/wp-json\/wp\/v2\/be_disease?post=51"},{"taxonomy":"be_general","embeddable":true,"href":"https:\/\/www.somospacientes.com\/agifes\/wp-json\/wp\/v2\/be_general?post=51"},{"taxonomy":"be_media_type","embeddable":true,"href":"https:\/\/www.somospacientes.com\/agifes\/wp-json\/wp\/v2\/be_media_type?post=51"}],"curies":[{"name":"wp","href":"https:\/\/api.w.org\/{rel}","templated":true}]}}