{"id":330,"date":"2015-03-03T01:46:04","date_gmt":"2015-03-03T00:46:04","guid":{"rendered":"https:\/\/www.somospacientes.com\/alce-cv\/?p=330"},"modified":"2015-03-03T01:46:04","modified_gmt":"2015-03-03T00:46:04","slug":"28022015-alce-nueva-junta-directiva","status":"publish","type":"post","link":"https:\/\/www.somospacientes.com\/alce-cv\/noticias\/firmas\/28022015-alce-nueva-junta-directiva\/","title":{"rendered":"28\/02\/2015 &#8211; ALCE, NUEVA JUNTA DIRECTIVA"},"content":{"rendered":"<p><a href=\"https:\/\/www.somospacientes.com\/alce-cv\/files\/2015\/03\/IMG-20150228-WA0001.jpg\"><img loading=\"lazy\" decoding=\"async\" class=\"aligncenter size-large wp-image-332\" src=\"https:\/\/www.somospacientes.com\/alce-cv\/files\/2015\/03\/IMG-20150228-WA0001-e1425343196806-576x1024.jpg\" alt=\"\" width=\"576\" height=\"1024\" srcset=\"https:\/\/www.somospacientes.com\/alce-cv\/files\/2015\/03\/IMG-20150228-WA0001-e1425343196806-576x1024.jpg 576w, https:\/\/www.somospacientes.com\/alce-cv\/files\/2015\/03\/IMG-20150228-WA0001-e1425343196806-168x300.jpg 168w, https:\/\/www.somospacientes.com\/alce-cv\/files\/2015\/03\/IMG-20150228-WA0001-e1425343196806.jpg 585w\" sizes=\"auto, (max-width: 576px) 100vw, 576px\" \/><\/a><\/p>\n<p>&nbsp;<\/p>\n<p>Tras 12 a\u00f1os de esfuerzo y dedicaci\u00f3n por parte de nuestra presidenta LLanos Solvez, nos deja un legado dif\u00edcil de superar, pero arrancamos con ilusiones nuevas y ganas de trabajar por los derechos de las personas con epilepsia.<\/p>\n<p>Presidenta: Mercedes Hern\u00e1ndez<\/p>\n<p>Vicepresidenta y tesorera: Araceli Garc\u00eda<\/p>\n<p>Secretaria: Trinidad Ruiz<\/p>\n<p>Vocal Ocio: David Pe\u00f1alver<\/p>\n<p>Vocal Entidades: Teresa Monzonis<\/p>\n","protected":false},"excerpt":{"rendered":"<p>&nbsp; Tras 12 a\u00f1os de esfuerzo y dedicaci\u00f3n por parte de nuestra presidenta LLanos Solvez, nos deja un legado dif\u00edcil de superar, pero arrancamos con ilusiones nuevas y ganas de trabajar por los derechos de las personas con epilepsia. Presidenta: Mercedes Hern\u00e1ndez Vicepresidenta y tesorera: Araceli Garc\u00eda Secretaria: Trinidad Ruiz Vocal Ocio: David Pe\u00f1alver Vocal [&hellip;]<\/p>\n","protected":false},"author":1029,"featured_media":0,"comment_status":"open","ping_status":"open","sticky":false,"template":"","format":"standard","meta":{"_acf_changed":false,"footnotes":""},"categories":[1160],"tags":[],"be_disease":[807],"be_general":[],"be_media_type":[],"class_list":["post-330","post","type-post","status-publish","format-standard","hentry","category-firmas","be_disease-epilepsia"],"acf":[],"_links":{"self":[{"href":"https:\/\/www.somospacientes.com\/alce-cv\/wp-json\/wp\/v2\/posts\/330","targetHints":{"allow":["GET"]}}],"collection":[{"href":"https:\/\/www.somospacientes.com\/alce-cv\/wp-json\/wp\/v2\/posts"}],"about":[{"href":"https:\/\/www.somospacientes.com\/alce-cv\/wp-json\/wp\/v2\/types\/post"}],"author":[{"embeddable":true,"href":"https:\/\/www.somospacientes.com\/alce-cv\/wp-json\/wp\/v2\/users\/1029"}],"replies":[{"embeddable":true,"href":"https:\/\/www.somospacientes.com\/alce-cv\/wp-json\/wp\/v2\/comments?post=330"}],"version-history":[{"count":4,"href":"https:\/\/www.somospacientes.com\/alce-cv\/wp-json\/wp\/v2\/posts\/330\/revisions"}],"predecessor-version":[{"id":336,"href":"https:\/\/www.somospacientes.com\/alce-cv\/wp-json\/wp\/v2\/posts\/330\/revisions\/336"}],"wp:attachment":[{"href":"https:\/\/www.somospacientes.com\/alce-cv\/wp-json\/wp\/v2\/media?parent=330"}],"wp:term":[{"taxonomy":"category","embeddable":true,"href":"https:\/\/www.somospacientes.com\/alce-cv\/wp-json\/wp\/v2\/categories?post=330"},{"taxonomy":"post_tag","embeddable":true,"href":"https:\/\/www.somospacientes.com\/alce-cv\/wp-json\/wp\/v2\/tags?post=330"},{"taxonomy":"be_disease","embeddable":true,"href":"https:\/\/www.somospacientes.com\/alce-cv\/wp-json\/wp\/v2\/be_disease?post=330"},{"taxonomy":"be_general","embeddable":true,"href":"https:\/\/www.somospacientes.com\/alce-cv\/wp-json\/wp\/v2\/be_general?post=330"},{"taxonomy":"be_media_type","embeddable":true,"href":"https:\/\/www.somospacientes.com\/alce-cv\/wp-json\/wp\/v2\/be_media_type?post=330"}],"curies":[{"name":"wp","href":"https:\/\/api.w.org\/{rel}","templated":true}]}}