{"id":26,"date":"2012-10-19T13:09:11","date_gmt":"2012-10-19T11:09:11","guid":{"rendered":"https:\/\/www.somospacientes.com\/amapyp\/?p=26"},"modified":"2012-10-19T13:09:11","modified_gmt":"2012-10-19T11:09:11","slug":"presentacion-oficial-de-la-asociacion-malaguena-de-afectados-polio-y-postpolio-amapyp","status":"publish","type":"post","link":"https:\/\/www.somospacientes.com\/amapyp\/noticias\/sin-categoria\/presentacion-oficial-de-la-asociacion-malaguena-de-afectados-polio-y-postpolio-amapyp\/","title":{"rendered":"Presentaci\u00f3n oficial de la Asociaci\u00f3n Malague\u00f1a de Afectados Polio y Postpolio \u00abAMAPyP\u00bb"},"content":{"rendered":"<p><a href=\"https:\/\/www.somospacientes.com\/amapyp\/files\/2012\/10\/logo-sigla.jpg\"><img loading=\"lazy\" decoding=\"async\" class=\"alignleft size-medium wp-image-29\" src=\"https:\/\/www.somospacientes.com\/amapyp\/files\/2012\/10\/logo-sigla-227x300.jpg\" alt=\"\" width=\"227\" height=\"300\" srcset=\"https:\/\/www.somospacientes.com\/amapyp\/files\/2012\/10\/logo-sigla-227x300.jpg 227w, https:\/\/www.somospacientes.com\/amapyp\/files\/2012\/10\/logo-sigla-775x1024.jpg 775w, https:\/\/www.somospacientes.com\/amapyp\/files\/2012\/10\/logo-sigla-37x50.jpg 37w, https:\/\/www.somospacientes.com\/amapyp\/files\/2012\/10\/logo-sigla-113x150.jpg 113w, https:\/\/www.somospacientes.com\/amapyp\/files\/2012\/10\/logo-sigla-64x85.jpg 64w, https:\/\/www.somospacientes.com\/amapyp\/files\/2012\/10\/logo-sigla-115x152.jpg 115w, https:\/\/www.somospacientes.com\/amapyp\/files\/2012\/10\/logo-sigla-357x472.jpg 357w, https:\/\/www.somospacientes.com\/amapyp\/files\/2012\/10\/logo-sigla.jpg 777w\" sizes=\"auto, (max-width: 227px) 100vw, 227px\" \/><\/a>El pr\u00f3ximo martes, d\u00eda <strong>23 de octubre<\/strong>, a las <strong>11:00 h<\/strong>, tendr\u00e1 lugar el Acto de presentaci\u00f3n de la Asociaci\u00f3n Malague\u00f1a de Afectados Polio y Postpolio \u00abAMAPyP\u00bb, en el Patio de Banderas del <strong>Ayuntamiento de M\u00e1laga<\/strong>, sito Avda. de Cervantes, 4.<\/p>\n<p>En este acto se presentar\u00e1 el cartel conmemorativo \u00abD\u00eda Mundial de la Polio\u00bb, realizado por la artista malague\u00f1a D\u00aa Pilar Ruano.<\/p>\n<p>Terminar\u00e1 dicho acto, con la lectura del Manifiesto por el D\u00eda Mundial de la Polio, que ser\u00e1 le\u00eddo por los deportistas malague\u00f1os D\u00aa. Francisca Bazalo y D. Antonio Henares.<\/p>\n<p>Contaremos con la presencia de autoridades de la Administraci\u00f3n p\u00fablica, del H. Carlos Haya de M\u00e1laga, de los representantes de las asociaciones de personas con discapacidad de la provincia de M\u00e1laga y representantes de la FEAPET (Federaci\u00f3n Espa\u00f1ola de Asociaciones de Polio y sus Efectos Tard\u00edos), as\u00ed como de deportistas malague\u00f1os de \u00e9lite.<\/p>\n<p>Quedan invitados a participar, con nosotros, en este importante evento.<\/p>\n","protected":false},"excerpt":{"rendered":"<p>El pr\u00f3ximo martes, d\u00eda 23 de octubre, a las 11:00 h, tendr\u00e1 lugar el Acto de presentaci\u00f3n de la Asociaci\u00f3n Malague\u00f1a de Afectados Polio y Postpolio \u00abAMAPyP\u00bb, en el Patio de Banderas del Ayuntamiento de M\u00e1laga, sito Avda. de Cervantes, 4. En este acto se presentar\u00e1 el cartel conmemorativo \u00abD\u00eda Mundial de la Polio\u00bb, realizado [&hellip;]<\/p>\n","protected":false},"author":336,"featured_media":29,"comment_status":"open","ping_status":"open","sticky":false,"template":"","format":"standard","meta":{"_acf_changed":false,"footnotes":""},"categories":[1],"tags":[],"be_disease":[593,636,638],"be_general":[562],"be_media_type":[],"class_list":["post-26","post","type-post","status-publish","format-standard","has-post-thumbnail","hentry","category-sin-categoria","be_disease-enfermedades-raras","be_disease-trastornos-de-los-huesos-las-articulaciones-y-los-musculos","be_disease-trastornos-del-cerebro-y-del-sistema-nervioso","be_general-otras-enfermedades"],"acf":[],"_links":{"self":[{"href":"https:\/\/www.somospacientes.com\/amapyp\/wp-json\/wp\/v2\/posts\/26","targetHints":{"allow":["GET"]}}],"collection":[{"href":"https:\/\/www.somospacientes.com\/amapyp\/wp-json\/wp\/v2\/posts"}],"about":[{"href":"https:\/\/www.somospacientes.com\/amapyp\/wp-json\/wp\/v2\/types\/post"}],"author":[{"embeddable":true,"href":"https:\/\/www.somospacientes.com\/amapyp\/wp-json\/wp\/v2\/users\/336"}],"replies":[{"embeddable":true,"href":"https:\/\/www.somospacientes.com\/amapyp\/wp-json\/wp\/v2\/comments?post=26"}],"version-history":[{"count":2,"href":"https:\/\/www.somospacientes.com\/amapyp\/wp-json\/wp\/v2\/posts\/26\/revisions"}],"predecessor-version":[{"id":30,"href":"https:\/\/www.somospacientes.com\/amapyp\/wp-json\/wp\/v2\/posts\/26\/revisions\/30"}],"wp:featuredmedia":[{"embeddable":true,"href":"https:\/\/www.somospacientes.com\/amapyp\/wp-json\/wp\/v2\/media\/29"}],"wp:attachment":[{"href":"https:\/\/www.somospacientes.com\/amapyp\/wp-json\/wp\/v2\/media?parent=26"}],"wp:term":[{"taxonomy":"category","embeddable":true,"href":"https:\/\/www.somospacientes.com\/amapyp\/wp-json\/wp\/v2\/categories?post=26"},{"taxonomy":"post_tag","embeddable":true,"href":"https:\/\/www.somospacientes.com\/amapyp\/wp-json\/wp\/v2\/tags?post=26"},{"taxonomy":"be_disease","embeddable":true,"href":"https:\/\/www.somospacientes.com\/amapyp\/wp-json\/wp\/v2\/be_disease?post=26"},{"taxonomy":"be_general","embeddable":true,"href":"https:\/\/www.somospacientes.com\/amapyp\/wp-json\/wp\/v2\/be_general?post=26"},{"taxonomy":"be_media_type","embeddable":true,"href":"https:\/\/www.somospacientes.com\/amapyp\/wp-json\/wp\/v2\/be_media_type?post=26"}],"curies":[{"name":"wp","href":"https:\/\/api.w.org\/{rel}","templated":true}]}}