{"id":81,"date":"2013-10-24T15:12:57","date_gmt":"2013-10-24T13:12:57","guid":{"rendered":"https:\/\/www.somospacientes.com\/amapyp\/?p=81"},"modified":"2013-10-24T15:16:32","modified_gmt":"2013-10-24T13:16:32","slug":"en-el-dia-mundial-de-la-lucha-contra-la-polio","status":"publish","type":"post","link":"https:\/\/www.somospacientes.com\/amapyp\/noticias\/sin-categoria\/en-el-dia-mundial-de-la-lucha-contra-la-polio\/","title":{"rendered":"En el D\u00eda Mundial de la lucha contra la Polio&#8230;"},"content":{"rendered":"<p><img loading=\"lazy\" decoding=\"async\" class=\"aligncenter\" src=\"http:\/\/feapet.org\/images\/stories\/noticias\/2013\/cartel24octubre.jpg\" alt=\"\" width=\"635\" height=\"475\" \/><\/p>\n<p><em>El d\u00eda 24 de octubre se celebra el D\u00eda Mundial de la Lucha contra la Poliomielitis, y todos los actos est\u00e1n encaminados hacia su erradicaci\u00f3n; sin embargo, las personas con secuelas de polio, afectadas por sus efectos tard\u00edos y, entre ellos, el S\u00edndrome Postpolio, hemos sido olvidadas, y en la actualidad, estamos siendo ignoradas. Por ello, vemos que nuestros derechos, tanto humanos, sociales y laborales, son constantemente vulnerados.<\/em> (<a href=\"http:\/\/feapet.org\/index.php?option=com_content&amp;view=article&amp;id=40:dia-mundial-de-la-polio-2013&amp;catid=1:feapet\" target=\"_blank\">Manifiesto FEAPET, 2013<\/a>)<\/p>\n<p>AMAPyP conmemora el D\u00eda Mundial en lucha contra la Polio, 24 de octubre,\u00a0 con la colocaci\u00f3n de mesas informativas y reparto de tr\u00edpticos en diferentes hospitales de la capital y provincia de M\u00e1laga:<\/p>\n<ul>\n<li>Hospital Carlos Haya<\/li>\n<li>Hospital Civil<\/li>\n<li>Hospital Cl\u00ednico Virgen de la Victoria<\/li>\n<li>Hospital Comarcal de Antequera<\/li>\n<\/ul>\n<p>El pasado d\u00eda 22 de octubre, con motivo de este D\u00eda Mundial, organizamos unas Jornadas en el Hospital de Antequera: <a href=\"http:\/\/www.amapyp.com\/2\/post\/2013\/10\/jornada-sobre-sndrome-postpoliomielitis-y-otros-efectos-tardos-de-la-polio-antequera-2013.html\" target=\"_blank\">Jornada sobre S\u00edndrome Postpoliomielitis y otros Efectos Tard\u00edos de la Polio<\/a>. Asimismo, abrimos una Delegaci\u00f3n en Antequera, al frente de la cual estar\u00e1 Teresa Cruces Velasco.<\/p>\n<p>Este a\u00f1o, COCEMFE se hace eco de nuestras reivindicaciones, gracias: <a href=\"Los afectados denuncian el olvido al que est\u00e1n sometidos\" target=\"_blank\">D\u00eda Mundial de la Polio: Los afectados denuncian el olvido al que est\u00e1n sometidos<\/a>.<\/p>\n<p>&nbsp;<\/p>\n","protected":false},"excerpt":{"rendered":"<p>El d\u00eda 24 de octubre se celebra el D\u00eda Mundial de la Lucha contra la Poliomielitis, y todos los actos est\u00e1n encaminados hacia su erradicaci\u00f3n; sin embargo, las personas con secuelas de polio, afectadas por sus efectos tard\u00edos y, entre ellos, el S\u00edndrome Postpolio, hemos sido olvidadas, y en la actualidad, estamos siendo ignoradas. Por [&hellip;]<\/p>\n","protected":false},"author":336,"featured_media":0,"comment_status":"open","ping_status":"open","sticky":false,"template":"","format":"standard","meta":{"_acf_changed":false,"footnotes":""},"categories":[1],"tags":[],"be_disease":[],"be_general":[],"be_media_type":[],"class_list":["post-81","post","type-post","status-publish","format-standard","hentry","category-sin-categoria"],"acf":[],"_links":{"self":[{"href":"https:\/\/www.somospacientes.com\/amapyp\/wp-json\/wp\/v2\/posts\/81","targetHints":{"allow":["GET"]}}],"collection":[{"href":"https:\/\/www.somospacientes.com\/amapyp\/wp-json\/wp\/v2\/posts"}],"about":[{"href":"https:\/\/www.somospacientes.com\/amapyp\/wp-json\/wp\/v2\/types\/post"}],"author":[{"embeddable":true,"href":"https:\/\/www.somospacientes.com\/amapyp\/wp-json\/wp\/v2\/users\/336"}],"replies":[{"embeddable":true,"href":"https:\/\/www.somospacientes.com\/amapyp\/wp-json\/wp\/v2\/comments?post=81"}],"version-history":[{"count":3,"href":"https:\/\/www.somospacientes.com\/amapyp\/wp-json\/wp\/v2\/posts\/81\/revisions"}],"predecessor-version":[{"id":83,"href":"https:\/\/www.somospacientes.com\/amapyp\/wp-json\/wp\/v2\/posts\/81\/revisions\/83"}],"wp:attachment":[{"href":"https:\/\/www.somospacientes.com\/amapyp\/wp-json\/wp\/v2\/media?parent=81"}],"wp:term":[{"taxonomy":"category","embeddable":true,"href":"https:\/\/www.somospacientes.com\/amapyp\/wp-json\/wp\/v2\/categories?post=81"},{"taxonomy":"post_tag","embeddable":true,"href":"https:\/\/www.somospacientes.com\/amapyp\/wp-json\/wp\/v2\/tags?post=81"},{"taxonomy":"be_disease","embeddable":true,"href":"https:\/\/www.somospacientes.com\/amapyp\/wp-json\/wp\/v2\/be_disease?post=81"},{"taxonomy":"be_general","embeddable":true,"href":"https:\/\/www.somospacientes.com\/amapyp\/wp-json\/wp\/v2\/be_general?post=81"},{"taxonomy":"be_media_type","embeddable":true,"href":"https:\/\/www.somospacientes.com\/amapyp\/wp-json\/wp\/v2\/be_media_type?post=81"}],"curies":[{"name":"wp","href":"https:\/\/api.w.org\/{rel}","templated":true}]}}