{"id":234,"date":"2013-02-04T07:21:50","date_gmt":"2013-02-04T06:21:50","guid":{"rendered":"https:\/\/www.somospacientes.com\/asaco\/?p=234"},"modified":"2013-11-07T19:41:09","modified_gmt":"2013-11-07T18:41:09","slug":"asaco-con-el-dia-mundial-contra-el-cancer","status":"publish","type":"post","link":"https:\/\/www.somospacientes.com\/asaco\/noticias\/proyectos\/asaco-con-el-dia-mundial-contra-el-cancer\/","title":{"rendered":"ASACO con el D\u00eda Mundial contra el C\u00e1ncer"},"content":{"rendered":"<p style=\"text-align: justify\">La Asociaci\u00f3n de Afectados por C\u00e1ncer de Ovario (ASACO) conmemora el D\u00eda Mundial contra el C\u00e1ncer:<\/p>\n<p style=\"text-align: justify\"><a href=\"https:\/\/www.somospacientes.com\/asaco\/files\/2013\/02\/4-febrero-tarjeton.jpg\"><img loading=\"lazy\" decoding=\"async\" class=\"aligncenter\" src=\"https:\/\/www.somospacientes.com\/asaco\/files\/2013\/02\/4-febrero-tarjeton-300x160.jpg\" alt=\"\" width=\"400\" height=\"260\" \/><\/a><\/p>\n<p style=\"text-align: justify\">ASACO ha asistido el pasado viernes 1 de febrero al \u00ab<a href=\"http:\/\/www.asociacionasaco.es\/puertas-abiertas-del-cnio\/\" target=\"_blank\">Acto de puertas abiertas<\/a>\u00bb del Centro Nacional de Investigaciones Oncol\u00f3gicas (CNIO) d\u00f3nde se dieron a conocer los \u00faltimos avances en c\u00e1ncer de esta instituci\u00f3n mundialmente reconocida como puntera.<\/p>\n<p style=\"text-align: justify\">Se present\u00f3 el libro <a href=\"http:\/\/www.cnio.es\/es\/news\/docs\/libro-desarmando-al-cancer-7dic12-es.pdf\" target=\"_blank\">Desarmando al C\u00e1ncer<\/a>, una edici\u00f3n divulgativa de los \u00faltimos hallazgos y avances del CNIO en investigaci\u00f3n. Al mismo tiempo, los fondos obtenidos por <a href=\"http:\/\/player.vimeo.com\/video\/54004042\" target=\"_blank\">la edici\u00f3n de este libro<\/a> ser\u00e1n destinados igualmente a la investigaci\u00f3n.<\/p>\n<p>Despu\u00e9s del acto<span style=\"text-align: justify\">, ASACO dialog\u00f3 con el investigador Javier Ben\u00edtez\u00a0quien est\u00e1 trabajando con su equipo en el c\u00e1ncer de ovario hereditario. Informaci\u00f3n sobre este tipo de c\u00e1ncer se puede obtener en la siguiente presentaci\u00f3n, <\/span><a href=\"http:\/\/www.asociacionasaco.es\/test-hereditario\/\" target=\"_blank\">elaborada por ASACO con asesoramiento profesional<\/a><span style=\"text-align: justify\">. No obstante, es un trabajo divulgativo para pacientes interesados en conocer en qu\u00e9 consiste un test de estudio gen\u00e9tico o hereditario para c\u00e1ncer de ovario o mama.<\/span><\/p>\n<p style=\"text-align: justify\">Tambi\u00e9n ASACO participa en las actividades propuestas por el Grupo Espa\u00f1ol de Pacientes con C\u00e1ncer (GEPAC) b<span style=\"text-align: justify\">ajo el lema: :<\/span><strong><span style=\"text-decoration: underline\">\u201cSin tus derechos est\u00e1s desnudo frente al c\u00e1ncer\u201d<\/span><\/strong><span style=\"text-align: justify\">\u00a0.<\/span><\/p>\n<p style=\"text-align: justify\"><span style=\"text-align: justify\">GEPAC ha organizado una serie de iniciativas que tienen como objetivo concienciar e informar a la sociedad sobre las repercusiones de las recientes reformas del Sistema Nacional de Salud y sobre la labor que realizamos las asociaciones de pacientes con c\u00e1ncer de representaci\u00f3n y defensa de los derechos de los pacientes con c\u00e1ncer.<\/span><\/p>\n<p style=\"text-align: justify\">o <strong><a href=\"http:\/\/www.gepac.es\/dmcc2013\/seminarios-online.html\" target=\"_blank\">Charlas-seminarios formativos para pacientes y familiares<\/a>.<\/strong><\/p>\n<p style=\"text-align: justify\"><a href=\"http:\/\/www.asociacionasaco.es\/wp-content\/uploads\/2013\/01\/Gepac-CABECERA_FACEBOOK_DMCC2013.jpg\"><img loading=\"lazy\" decoding=\"async\" class=\"aligncenter size-full wp-image-2070\" src=\"http:\/\/www.asociacionasaco.es\/wp-content\/uploads\/2013\/01\/Gepac-CABECERA_FACEBOOK_DMCC2013.jpg\" alt=\"\" width=\"650\" height=\"300\" \/><\/a><\/p>\n<p style=\"text-align: justify\"><strong>Actividades<\/strong><\/p>\n<p style=\"text-align: justify\">o <strong>Rueda de prensa con la presentaci\u00f3n del informe sobre el RD 16\/2012 \u2013 Sede GEPAC Madrid \u2013 29 de enero<\/strong><\/p>\n<p style=\"text-align: justify\"><strong> GEPAC <\/strong>nos invita a asistir a la rueda de prensa que organizar\u00e1 el pr\u00f3ximo 29 de enero a las 11:00 de la ma\u00f1ana, donde presentar\u00e1 el informe sobre el an\u00e1lisis del RD 16\/2012 desde el punto de vista del paciente oncol\u00f3gico, el cual nos har\u00e1 llegar tras la rueda de prensa. En el informe se analizan cada uno de los cambios que la nueva normativa del Gobierno introduce en la atenci\u00f3n a los pacientes con c\u00e1ncer.<\/p>\n<p style=\"text-align: justify\"><strong> <\/strong>o <strong>I Foro GEPAC de los pacientes con c\u00e1ncer \u2013 Madrid (Sala Edimburgo del Hotel NH Eurobuilding) &#8211; 5 de febrero<\/strong><\/p>\n<p style=\"text-align: justify\"><strong> GEPAC<\/strong> invita a todas las asociaciones miembros de GEPAC y a sus socios al \u201cI Foro GEPAC de los pacientes con c\u00e1ncer\u201d d\u00f3nde se analizar\u00e1n las reformas en el Sistema Nacional de Salud y el papel que jugamos los pacientes oncol\u00f3gicos, los profesionales sanitarios y las organizaciones. Este encuentro se emitir\u00e1 en directo por Internet. Se podr\u00e1 visualizar desde la web del d\u00eda mundial: <a href=\"http:\/\/www.gepac.es\/dmcc2013\" target=\"_blank\">www.gepac.es\/dmcc2013<\/a> y se proyectar\u00e1 en las sedes de GEPAC: Barcelona, Madrid y Zaragoza. El <a href=\"http:\/\/www.gepac.es\/dmcc2013\/foro-gepac.html\" target=\"_blank\">programa del foro<\/a>.<\/p>\n<p style=\"text-align: justify\">Una de las mesas de debate del foro est\u00e1 directamente relacionada con el papel de las asociaciones en la situaci\u00f3n actual de recortes sanitarios. Desde GEPAC se resalta la importancia que tienen para las asociaciones de pacientes los temas a tratar en este<strong> I Foro GEPAC<\/strong> y, para los pacientes, familiares y afectados, la disposici\u00f3n de la informaci\u00f3n sobre el mismo.<\/p>\n<p style=\"text-align: justify\">o<strong> Formaci\u00f3n en C\u00e1ncer 2.0. Del lunes 4 al viernes 8 de febrero, seminarios impartidos por los mejores especialistas en su \u00e1mbito<\/strong><\/p>\n<p style=\"text-align: justify\">Se podr\u00e1 acceder a ellos a trav\u00e9s de Internet y realizar preguntas en directo. Todos los seminarios se proyectar\u00e1n en las sedes de GEPAC de Barcelona, Madrid y Zaragoza y quedar\u00e1n grabados para poder escucharlos posteriormente en la web del d\u00eda mundial. Este a\u00f1o se abordan temas como: las Incapacidades laborales en el paciente con c\u00e1ncer, la perspectiva de futuro en el tratamiento de las enfermedades oncohematol\u00f3gicas, la fertilidad en pacientes con c\u00e1ncer, etc. En este enlace se puede consultar el <a href=\"http:\/\/www.gepac.es\/dmcc2013\/seminarios-online.html\" target=\"_blank\">Programa. <\/a><\/p>\n<p style=\"text-align: justify\">o <strong>Jornada informativa<\/strong> <strong>\u2013 Barcelona (Sala d\u2019Actes del Hospital de la Santa Creu i Sant Pau) &#8211; 9 de febrero<\/strong><\/p>\n<p style=\"text-align: justify\"><strong> <\/strong>Todas las asociaciones miembros de GEPAC y sus socios est\u00e1n invitados a asistir a la jornada donde se tratar\u00e1n las reformas del Sistema Nacional de Salud y otros temas de inter\u00e9s como nutrici\u00f3n, fertilidad o investigaci\u00f3n. <a href=\"http:\/\/www.gepac.es\/dmcc2013\/actividades\/barcelona.html\" target=\"_blank\">Programa Jornada Barcelona<\/a>.<\/p>\n<p style=\"text-align: justify\">o <strong>Jornada informativa \u2013 Zaragoza (Centro Joaqu\u00edn Roncal C\/ San Braulio 5 -7) \u2013 4 de febrero<\/strong><\/p>\n<p style=\"text-align: justify\">Todas las asociaciones miembros de GEPAC y sus socios est\u00e1n invitados a asistir a esta jornada donde se tratar\u00e1n temas de inter\u00e9s como nutrici\u00f3n y t\u00e9cnicas del manejo de la ansiedad. <a href=\"http:\/\/www.gepac.es\/dmcc2013\/actividades\/zaragoza.html\" target=\"_blank\">Programa Jornada Zaragoza<\/a>.<\/p>\n<p style=\"text-align: justify\">o <strong>Autob\u00fas informativo.<\/strong><\/p>\n<p style=\"text-align: justify\">Del 30 de enero al 5 de febrero, un autob\u00fas informativo realizar\u00e1 una ruta por distintos hospitales de Madrid y Barcelona ofreciendo informaci\u00f3n a pacientes con c\u00e1ncer, familiares y profesionales. \u00c9ste es el <a href=\"http:\/\/www.gepac.es\/dmcc2013\/recorrido-autobuses.html\" target=\"_blank\">recorrido del autob\u00fas<\/a>.<\/p>\n<p style=\"text-align: justify\"><a href=\"http:\/\/www.asociacionasaco.es\/wp-content\/uploads\/2013\/01\/gepac-STOP_CANCER.png\"><img loading=\"lazy\" decoding=\"async\" class=\"size-full wp-image-2072\" src=\"http:\/\/www.asociacionasaco.es\/wp-content\/uploads\/2013\/01\/gepac-STOP_CANCER.png\" alt=\"\" width=\"450\" height=\"338\" \/><\/a><\/p>\n","protected":false},"excerpt":{"rendered":"<p>La Asociaci\u00f3n de Afectados por C\u00e1ncer de Ovario (ASACO) conmemora el D\u00eda Mundial contra el C\u00e1ncer: ASACO ha asistido el pasado viernes 1 de febrero al \u00abActo de puertas abiertas\u00bb del Centro Nacional de Investigaciones Oncol\u00f3gicas (CNIO) d\u00f3nde se dieron a conocer los \u00faltimos avances en c\u00e1ncer de esta instituci\u00f3n mundialmente reconocida como puntera. Se [&hellip;]<\/p>\n","protected":false},"author":262,"featured_media":235,"comment_status":"open","ping_status":"open","sticky":false,"template":"","format":"standard","meta":{"_acf_changed":false,"footnotes":""},"categories":[1424],"tags":[],"be_disease":[552,2687],"be_general":[],"be_media_type":[],"class_list":["post-234","post","type-post","status-publish","format-standard","has-post-thumbnail","hentry","category-proyectos","be_disease-cancer","be_disease-cancer-ginecologico"],"acf":[],"_links":{"self":[{"href":"https:\/\/www.somospacientes.com\/asaco\/wp-json\/wp\/v2\/posts\/234","targetHints":{"allow":["GET"]}}],"collection":[{"href":"https:\/\/www.somospacientes.com\/asaco\/wp-json\/wp\/v2\/posts"}],"about":[{"href":"https:\/\/www.somospacientes.com\/asaco\/wp-json\/wp\/v2\/types\/post"}],"author":[{"embeddable":true,"href":"https:\/\/www.somospacientes.com\/asaco\/wp-json\/wp\/v2\/users\/262"}],"replies":[{"embeddable":true,"href":"https:\/\/www.somospacientes.com\/asaco\/wp-json\/wp\/v2\/comments?post=234"}],"version-history":[{"count":10,"href":"https:\/\/www.somospacientes.com\/asaco\/wp-json\/wp\/v2\/posts\/234\/revisions"}],"predecessor-version":[{"id":375,"href":"https:\/\/www.somospacientes.com\/asaco\/wp-json\/wp\/v2\/posts\/234\/revisions\/375"}],"wp:featuredmedia":[{"embeddable":true,"href":"https:\/\/www.somospacientes.com\/asaco\/wp-json\/wp\/v2\/media\/235"}],"wp:attachment":[{"href":"https:\/\/www.somospacientes.com\/asaco\/wp-json\/wp\/v2\/media?parent=234"}],"wp:term":[{"taxonomy":"category","embeddable":true,"href":"https:\/\/www.somospacientes.com\/asaco\/wp-json\/wp\/v2\/categories?post=234"},{"taxonomy":"post_tag","embeddable":true,"href":"https:\/\/www.somospacientes.com\/asaco\/wp-json\/wp\/v2\/tags?post=234"},{"taxonomy":"be_disease","embeddable":true,"href":"https:\/\/www.somospacientes.com\/asaco\/wp-json\/wp\/v2\/be_disease?post=234"},{"taxonomy":"be_general","embeddable":true,"href":"https:\/\/www.somospacientes.com\/asaco\/wp-json\/wp\/v2\/be_general?post=234"},{"taxonomy":"be_media_type","embeddable":true,"href":"https:\/\/www.somospacientes.com\/asaco\/wp-json\/wp\/v2\/be_media_type?post=234"}],"curies":[{"name":"wp","href":"https:\/\/api.w.org\/{rel}","templated":true}]}}