{"id":289,"date":"2013-05-19T12:37:20","date_gmt":"2013-05-19T10:37:20","guid":{"rendered":"https:\/\/www.somospacientes.com\/asaco\/?p=289"},"modified":"2013-11-07T19:38:20","modified_gmt":"2013-11-07T18:38:20","slug":"asaco-con-el-dia-internacional-del-ensayo-clinico","status":"publish","type":"post","link":"https:\/\/www.somospacientes.com\/asaco\/noticias\/proyectos\/asaco-con-el-dia-internacional-del-ensayo-clinico\/","title":{"rendered":"ASACO con el D\u00eda Internacional del Ensayo Cl\u00ednico"},"content":{"rendered":"<p>20 de mayo de 2013, desde las 9.00 a las 14.00 horas, el Ministerio de Sanidad, Servicios Sociales e Igualdad realiza la\u00a0<strong>JORNADA DEL DIA INTERNACIONAL DEL ENSAYO CL\u00cdNICO,\u00a0<\/strong>a la que acude <a href=\"http:\/\/www.asociacionasaco.es\" target=\"_blank\">ASACO<\/a>.<\/p>\n<p><a href=\"http:\/\/www.aemps.gob.es\/eventosCongresos\/AEMPS\/2013\/docs\/J-dia-ensayo-clinico\/programa_J_dia-internacional_ensayo_clinico.pdf\" target=\"_blank\">Programa de la Jornada<\/a>.<\/p>\n<p><a href=\"http:\/\/www.asociacionasaco.es\/ensayos-clinicos-por-patologias-y-localizacion\/\" target=\"_blank\"><img loading=\"lazy\" decoding=\"async\" class=\"aligncenter size-full wp-image-3139\" src=\"http:\/\/www.asociacionasaco.es\/wp-content\/uploads\/2013\/05\/ensayos-clinicos-dia-mundial.jpg\" alt=\"ensayos clinicos dia mundial\" width=\"355\" height=\"190\" \/><\/a><\/p>\n<p>Sirva este d\u00eda como renovaci\u00f3n de nuestro inter\u00e9s\u00a0sobre los <a href=\"http:\/\/www.asociacionasaco.es\/ensayos-clinicos-por-patologias-y-localizacion\/\" target=\"_blank\">ensayos cl\u00ednicos relacionados con el c\u00e1ncer de ovario<\/a>.<\/p>\n","protected":false},"excerpt":{"rendered":"<p>20 de mayo de 2013, desde las 9.00 a las 14.00 horas, el Ministerio de Sanidad, Servicios Sociales e Igualdad realiza la\u00a0JORNADA DEL DIA INTERNACIONAL DEL ENSAYO CL\u00cdNICO,\u00a0a la que acude ASACO. Programa de la Jornada. Sirva este d\u00eda como renovaci\u00f3n de nuestro inter\u00e9s\u00a0sobre los ensayos cl\u00ednicos relacionados con el c\u00e1ncer de ovario.<\/p>\n","protected":false},"author":262,"featured_media":0,"comment_status":"open","ping_status":"open","sticky":false,"template":"","format":"standard","meta":{"_acf_changed":false,"footnotes":""},"categories":[1424],"tags":[],"be_disease":[552,2687],"be_general":[],"be_media_type":[],"class_list":["post-289","post","type-post","status-publish","format-standard","hentry","category-proyectos","be_disease-cancer","be_disease-cancer-ginecologico"],"acf":[],"_links":{"self":[{"href":"https:\/\/www.somospacientes.com\/asaco\/wp-json\/wp\/v2\/posts\/289","targetHints":{"allow":["GET"]}}],"collection":[{"href":"https:\/\/www.somospacientes.com\/asaco\/wp-json\/wp\/v2\/posts"}],"about":[{"href":"https:\/\/www.somospacientes.com\/asaco\/wp-json\/wp\/v2\/types\/post"}],"author":[{"embeddable":true,"href":"https:\/\/www.somospacientes.com\/asaco\/wp-json\/wp\/v2\/users\/262"}],"replies":[{"embeddable":true,"href":"https:\/\/www.somospacientes.com\/asaco\/wp-json\/wp\/v2\/comments?post=289"}],"version-history":[{"count":2,"href":"https:\/\/www.somospacientes.com\/asaco\/wp-json\/wp\/v2\/posts\/289\/revisions"}],"predecessor-version":[{"id":370,"href":"https:\/\/www.somospacientes.com\/asaco\/wp-json\/wp\/v2\/posts\/289\/revisions\/370"}],"wp:attachment":[{"href":"https:\/\/www.somospacientes.com\/asaco\/wp-json\/wp\/v2\/media?parent=289"}],"wp:term":[{"taxonomy":"category","embeddable":true,"href":"https:\/\/www.somospacientes.com\/asaco\/wp-json\/wp\/v2\/categories?post=289"},{"taxonomy":"post_tag","embeddable":true,"href":"https:\/\/www.somospacientes.com\/asaco\/wp-json\/wp\/v2\/tags?post=289"},{"taxonomy":"be_disease","embeddable":true,"href":"https:\/\/www.somospacientes.com\/asaco\/wp-json\/wp\/v2\/be_disease?post=289"},{"taxonomy":"be_general","embeddable":true,"href":"https:\/\/www.somospacientes.com\/asaco\/wp-json\/wp\/v2\/be_general?post=289"},{"taxonomy":"be_media_type","embeddable":true,"href":"https:\/\/www.somospacientes.com\/asaco\/wp-json\/wp\/v2\/be_media_type?post=289"}],"curies":[{"name":"wp","href":"https:\/\/api.w.org\/{rel}","templated":true}]}}