{"id":291,"date":"2013-08-23T06:56:55","date_gmt":"2013-08-23T04:56:55","guid":{"rendered":"https:\/\/www.somospacientes.com\/asaco\/?p=291"},"modified":"2013-11-07T19:37:04","modified_gmt":"2013-11-07T18:37:04","slug":"proyecto-globeathon","status":"publish","type":"post","link":"https:\/\/www.somospacientes.com\/asaco\/noticias\/proyectos\/proyecto-globeathon\/","title":{"rendered":"Proyecto Globeathon"},"content":{"rendered":"<p>Globeathon es un proyecto en el que participan m\u00e1s de 80 pa\u00edses para dar visibilidad a los c\u00e1nceres ginecol\u00f3gicos.<\/p>\n<p><a href=\"https:\/\/www.somospacientes.com\/asaco\/files\/2013\/08\/Logo-Globeathon-2013-moviles-castellano-1.jpg\"><img loading=\"lazy\" decoding=\"async\" class=\"aligncenter size-medium wp-image-300\" src=\"https:\/\/www.somospacientes.com\/asaco\/files\/2013\/08\/Logo-Globeathon-2013-moviles-castellano-1-300x214.jpg\" alt=\"\" width=\"300\" height=\"214\" srcset=\"https:\/\/www.somospacientes.com\/asaco\/files\/2013\/08\/Logo-Globeathon-2013-moviles-castellano-1-300x214.jpg 300w, https:\/\/www.somospacientes.com\/asaco\/files\/2013\/08\/Logo-Globeathon-2013-moviles-castellano-1-1024x733.jpg 1024w, https:\/\/www.somospacientes.com\/asaco\/files\/2013\/08\/Logo-Globeathon-2013-moviles-castellano-1-50x35.jpg 50w, https:\/\/www.somospacientes.com\/asaco\/files\/2013\/08\/Logo-Globeathon-2013-moviles-castellano-1-150x107.jpg 150w, https:\/\/www.somospacientes.com\/asaco\/files\/2013\/08\/Logo-Globeathon-2013-moviles-castellano-1-85x60.jpg 85w, https:\/\/www.somospacientes.com\/asaco\/files\/2013\/08\/Logo-Globeathon-2013-moviles-castellano-1-630x451.jpg 630w\" sizes=\"auto, (max-width: 300px) 100vw, 300px\" \/><\/a><br \/>\nEn septiembre se realizar\u00e1 la <a href=\"http:\/\/globeathon.com\" target=\"_blank\">I Marcha Globeathon<\/a>\u00a0a nivel mundial.<\/p>\n<p>Ver v\u00eddeo\u00a0<a href=\"http:\/\/www.youtube.com\/watch?v=FDSNLgbzRVY&amp;feature=share&amp;list=UU4GjWY-J2lPdNwPGXgfnAdw\">Globeathon alrededor del mundo<\/a>.<\/p>\n<p><a href=\"http:\/\/www.asociacionasaco.es\/asaco-con-globeathon\/\" target=\"_blank\">M\u00e1s informaci\u00f3n en el blog de ASACO<\/a>.<\/p>\n","protected":false},"excerpt":{"rendered":"<p>Globeathon es un proyecto en el que participan m\u00e1s de 80 pa\u00edses para dar visibilidad a los c\u00e1nceres ginecol\u00f3gicos. En septiembre se realizar\u00e1 la I Marcha Globeathon\u00a0a nivel mundial. Ver v\u00eddeo\u00a0Globeathon alrededor del mundo. M\u00e1s informaci\u00f3n en el blog de ASACO.<\/p>\n","protected":false},"author":262,"featured_media":300,"comment_status":"open","ping_status":"open","sticky":false,"template":"","format":"standard","meta":{"_acf_changed":false,"footnotes":""},"categories":[1424],"tags":[],"be_disease":[552,2687],"be_general":[],"be_media_type":[],"class_list":["post-291","post","type-post","status-publish","format-standard","has-post-thumbnail","hentry","category-proyectos","be_disease-cancer","be_disease-cancer-ginecologico"],"acf":[],"_links":{"self":[{"href":"https:\/\/www.somospacientes.com\/asaco\/wp-json\/wp\/v2\/posts\/291","targetHints":{"allow":["GET"]}}],"collection":[{"href":"https:\/\/www.somospacientes.com\/asaco\/wp-json\/wp\/v2\/posts"}],"about":[{"href":"https:\/\/www.somospacientes.com\/asaco\/wp-json\/wp\/v2\/types\/post"}],"author":[{"embeddable":true,"href":"https:\/\/www.somospacientes.com\/asaco\/wp-json\/wp\/v2\/users\/262"}],"replies":[{"embeddable":true,"href":"https:\/\/www.somospacientes.com\/asaco\/wp-json\/wp\/v2\/comments?post=291"}],"version-history":[{"count":6,"href":"https:\/\/www.somospacientes.com\/asaco\/wp-json\/wp\/v2\/posts\/291\/revisions"}],"predecessor-version":[{"id":369,"href":"https:\/\/www.somospacientes.com\/asaco\/wp-json\/wp\/v2\/posts\/291\/revisions\/369"}],"wp:featuredmedia":[{"embeddable":true,"href":"https:\/\/www.somospacientes.com\/asaco\/wp-json\/wp\/v2\/media\/300"}],"wp:attachment":[{"href":"https:\/\/www.somospacientes.com\/asaco\/wp-json\/wp\/v2\/media?parent=291"}],"wp:term":[{"taxonomy":"category","embeddable":true,"href":"https:\/\/www.somospacientes.com\/asaco\/wp-json\/wp\/v2\/categories?post=291"},{"taxonomy":"post_tag","embeddable":true,"href":"https:\/\/www.somospacientes.com\/asaco\/wp-json\/wp\/v2\/tags?post=291"},{"taxonomy":"be_disease","embeddable":true,"href":"https:\/\/www.somospacientes.com\/asaco\/wp-json\/wp\/v2\/be_disease?post=291"},{"taxonomy":"be_general","embeddable":true,"href":"https:\/\/www.somospacientes.com\/asaco\/wp-json\/wp\/v2\/be_general?post=291"},{"taxonomy":"be_media_type","embeddable":true,"href":"https:\/\/www.somospacientes.com\/asaco\/wp-json\/wp\/v2\/be_media_type?post=291"}],"curies":[{"name":"wp","href":"https:\/\/api.w.org\/{rel}","templated":true}]}}