{"id":416,"date":"2013-11-30T09:50:32","date_gmt":"2013-11-30T08:50:32","guid":{"rendered":"https:\/\/www.somospacientes.com\/asaco\/?p=416"},"modified":"2013-11-30T10:41:33","modified_gmt":"2013-11-30T09:41:33","slug":"asaco-en-la-i-jornada-somos-pacientes-2013","status":"publish","type":"post","link":"https:\/\/www.somospacientes.com\/asaco\/noticias\/sin-categoria\/asaco-en-la-i-jornada-somos-pacientes-2013\/","title":{"rendered":"ASACO en la I Jornada Somos Pacientes 2013"},"content":{"rendered":"<p style=\"text-align: justify\">ASACO asiste a la \u00abI Jornada Somos Pacientes 2013\u00bb en el Centro de Innovaci\u00f3n del BBVA el 27 de noviembre de 2013 con un alto grado de satisfacci\u00f3n.<\/p>\n<p style=\"text-align: justify\">La <a href=\"https:\/\/www.somospacientes.com\/wp-content\/uploads\/2013\/11\/Programa-Jornada-SP2013.pdf\" target=\"_blank\">programaci\u00f3n de la jornada<\/a> se materializ\u00f3 en un interesante foro de personas cuyas ponencias (tan intensiva como ilustradora la de periodista Yolanda Quintana en el min. 2h 30\u00b4) se pueden ver en este v\u00eddeo:<\/p>\n<p style=\"text-align: center\"><a href=\"http:\/\/www.youtube.com\/watch?v=mmxj3Om1aVY#t=16\">I Jornada de Somos Pacientes 2013<\/a><\/p>\n<p style=\"text-align: justify\">La Jornada fue un despliegue de tecnolog\u00eda: el centro de innovaci\u00f3n del BBVA, la retransmisi\u00f3n de la jornada en <em>streaming<\/em>, acceso a wifi, pantallas informativas en las cuatro paredes. Era la \u00abcuarta pared\u00bb la que generaba una cascada de tuits que se visualizaban en una tercera. Fue toda una experiencia que nos invita a seguir trabajando para ofrecer lo mejor a los pacientes.<\/p>\n<p><a href=\"http:\/\/www.asociacionasaco.es\/wp-content\/uploads\/2013\/11\/Tuits_sosmospacientes_ASACO_2013.png\"><img loading=\"lazy\" decoding=\"async\" class=\"aligncenter size-full wp-image-4645\" src=\"http:\/\/www.asociacionasaco.es\/wp-content\/uploads\/2013\/11\/Tuits_sosmospacientes_ASACO_2013.png\" alt=\"Tuits_#sosmospacientes_ASACO_2013\" width=\"363\" height=\"633\" \/><\/a><\/p>\n<p style=\"text-align: justify\">Tras las ponencias, ASACO asisti\u00f3 a la mesa de \u00abGesti\u00f3n de asociaciones de pacientes\u00bb dentro del \u00abEncuentro WAP: Web, aplicaciones y pacientes\u00bb, que reuni\u00f3 a asociaciones de pacientes, desarrolladores de aplicaciones y laboratorios farmac\u00e9uticos. Se buscaba identificar qu\u00e9 necesidades tienen las asociaciones y qu\u00e9 nos pueden proporcionar las aplicaciones para optimizar la gesti\u00f3n de las asociaciones y de los pacientes durante su enfermedad.<\/p>\n<table class=\" aligncenter\">\n<tbody>\n<tr>\n<td style=\"text-align: center\"><a href=\"http:\/\/www.asociacionasaco.es\/wp-content\/uploads\/2013\/11\/JornadaSomosPacientes_ASACO_WAP_Panel1-Gestion_Asocicaicones_Pacientes_2013-e1385799413939.jpg\"><img loading=\"lazy\" decoding=\"async\" class=\"size-full wp-image-4638\" src=\"http:\/\/www.asociacionasaco.es\/wp-content\/uploads\/2013\/11\/JornadaSomosPacientes_ASACO_WAP_Panel1-Gestion_Asocicaicones_Pacientes_2013-e1385799413939.jpg\" alt=\"JornadaSomosPacientes_ASACO_WAP_Panel1_Gestion_Asociaciones_Pacientes_2013\" width=\"239\" height=\"320\" \/><\/a><\/p>\n<p>Panel de necesidades centradas en atender al paciente.<\/td>\n<td style=\"text-align: center\"><a href=\"http:\/\/www.asociacionasaco.es\/wp-content\/uploads\/2013\/11\/Jornada_Somos_pacientes_ASACO_WAP_2013_Panel2-e1385799581871.jpg\"><img loading=\"lazy\" decoding=\"async\" class=\"size-full wp-image-4637\" src=\"http:\/\/www.asociacionasaco.es\/wp-content\/uploads\/2013\/11\/Jornada_Somos_pacientes_ASACO_WAP_2013_Panel2-e1385799581871.jpg\" alt=\"Jornada_Somos_pacientes_ASACO_WAP_2013_Panel2_Gestion_Asociaciones_Pacientes\" width=\"239\" height=\"320\" \/><\/a><\/p>\n<p>Panel de conclusiones<\/td>\n<\/tr>\n<\/tbody>\n<\/table>\n<p style=\"text-align: center\">\u00a1\u00a1Muchas gracias a Farma Industria y Somos Pacientes por invitarnos!!<\/p>\n","protected":false},"excerpt":{"rendered":"<p>ASACO asiste a la \u00abI Jornada Somos Pacientes 2013\u00bb en el Centro de Innovaci\u00f3n del BBVA el 27 de noviembre de 2013 con un alto grado de satisfacci\u00f3n. La programaci\u00f3n de la jornada se materializ\u00f3 en un interesante foro de personas cuyas ponencias (tan intensiva como ilustradora la de periodista Yolanda Quintana en el min. [&hellip;]<\/p>\n","protected":false},"author":262,"featured_media":0,"comment_status":"open","ping_status":"open","sticky":false,"template":"","format":"standard","meta":{"_acf_changed":false,"footnotes":""},"categories":[1],"tags":[],"be_disease":[552,2687],"be_general":[],"be_media_type":[],"class_list":["post-416","post","type-post","status-publish","format-standard","hentry","category-sin-categoria","be_disease-cancer","be_disease-cancer-ginecologico"],"acf":[],"_links":{"self":[{"href":"https:\/\/www.somospacientes.com\/asaco\/wp-json\/wp\/v2\/posts\/416","targetHints":{"allow":["GET"]}}],"collection":[{"href":"https:\/\/www.somospacientes.com\/asaco\/wp-json\/wp\/v2\/posts"}],"about":[{"href":"https:\/\/www.somospacientes.com\/asaco\/wp-json\/wp\/v2\/types\/post"}],"author":[{"embeddable":true,"href":"https:\/\/www.somospacientes.com\/asaco\/wp-json\/wp\/v2\/users\/262"}],"replies":[{"embeddable":true,"href":"https:\/\/www.somospacientes.com\/asaco\/wp-json\/wp\/v2\/comments?post=416"}],"version-history":[{"count":5,"href":"https:\/\/www.somospacientes.com\/asaco\/wp-json\/wp\/v2\/posts\/416\/revisions"}],"predecessor-version":[{"id":421,"href":"https:\/\/www.somospacientes.com\/asaco\/wp-json\/wp\/v2\/posts\/416\/revisions\/421"}],"wp:attachment":[{"href":"https:\/\/www.somospacientes.com\/asaco\/wp-json\/wp\/v2\/media?parent=416"}],"wp:term":[{"taxonomy":"category","embeddable":true,"href":"https:\/\/www.somospacientes.com\/asaco\/wp-json\/wp\/v2\/categories?post=416"},{"taxonomy":"post_tag","embeddable":true,"href":"https:\/\/www.somospacientes.com\/asaco\/wp-json\/wp\/v2\/tags?post=416"},{"taxonomy":"be_disease","embeddable":true,"href":"https:\/\/www.somospacientes.com\/asaco\/wp-json\/wp\/v2\/be_disease?post=416"},{"taxonomy":"be_general","embeddable":true,"href":"https:\/\/www.somospacientes.com\/asaco\/wp-json\/wp\/v2\/be_general?post=416"},{"taxonomy":"be_media_type","embeddable":true,"href":"https:\/\/www.somospacientes.com\/asaco\/wp-json\/wp\/v2\/be_media_type?post=416"}],"curies":[{"name":"wp","href":"https:\/\/api.w.org\/{rel}","templated":true}]}}