{"id":607,"date":"2014-11-30T22:58:29","date_gmt":"2014-11-30T21:58:29","guid":{"rendered":"https:\/\/www.somospacientes.com\/asaco\/?p=607"},"modified":"2014-11-30T22:58:41","modified_gmt":"2014-11-30T21:58:41","slug":"los-expertos-reivindican-revisiones-exhaustivas-innovacion-tecnologica-y-apoyo-institucional-para-hacer-frente-al-cancer-de-ovario","status":"publish","type":"post","link":"https:\/\/www.somospacientes.com\/asaco\/noticias\/sin-categoria\/los-expertos-reivindican-revisiones-exhaustivas-innovacion-tecnologica-y-apoyo-institucional-para-hacer-frente-al-cancer-de-ovario\/","title":{"rendered":"Los expertos reivindican revisiones exhaustivas, innovaci\u00f3n tecnol\u00f3gica y apoyo institucional para hacer frente al c\u00e1ncer de ovario"},"content":{"rendered":"<p><strong>ASACO en la XII Jornadas de actualizaci\u00f3n en ginecolog\u00eda oncol\u00f3gica<\/strong><\/p>\n<p>&nbsp;<\/p>\n<p>ASACO, Asociaci\u00f3n de Afectados por C\u00e1ncer de Ovario, estuvo presente en la XII Jornadas de Actualizaci\u00f3n de Ginecolog\u00eda Oncol\u00f3gica que se han celebrado en Granada este fin de semana. Invitada por Pharmamar y en colaboraci\u00f3n, entre otras empresas, con Roche, la Asociaci\u00f3n ha sido testigo de las \u00faltimas innovaciones realizadas en el campo de mano de\u00a0<a href=\"http:\/\/www.asociacionasaco.es\/wp-content\/uploads\/2014\/10\/ginecologia-onco-granada.pdf\" target=\"_blank\">grandes expertos<\/a>.<\/p>\n<p>La jornada del viernes estuvo dedicada en exclusividad al c\u00e1ncer de mama precoz, donde las intervenciones y el debate giraron en torno a las t\u00e9cnicas que se deben aplicar en estas ocasiones; desde el ganglio centinela, la linfadenectom\u00eda, la quimioterapia y la radioterapia fueron temas que contribuyeron a una discusi\u00f3n enriquecedora para todos los asistentes.<\/p>\n<p>El s\u00e1bado, con especialistas de la talla del Dr. Chiva, el Dr. Ponce, el Dr. Le\u00f3n, la Dra. D\u00edaz, el Dr. Barahona y el profesor Garrido, se profundiz\u00f3 en el tratamiento y las \u00faltimas novedades acerca del c\u00e1ncer de c\u00e9rvix, \u00fatero, endometrio y ovario.<\/p>\n<p style=\"text-align: center\"><a href=\"https:\/\/www.somospacientes.com\/asaco\/files\/2014\/11\/2014-11-29-11.10.19.jpg\"><img loading=\"lazy\" decoding=\"async\" class=\"size-medium wp-image-608 aligncenter\" src=\"https:\/\/www.somospacientes.com\/asaco\/files\/2014\/11\/2014-11-29-11.10.19-300x224.jpg\" alt=\"\" width=\"300\" height=\"224\" srcset=\"https:\/\/www.somospacientes.com\/asaco\/files\/2014\/11\/2014-11-29-11.10.19-300x224.jpg 300w, https:\/\/www.somospacientes.com\/asaco\/files\/2014\/11\/2014-11-29-11.10.19-1024x764.jpg 1024w, https:\/\/www.somospacientes.com\/asaco\/files\/2014\/11\/2014-11-29-11.10.19-50x37.jpg 50w, https:\/\/www.somospacientes.com\/asaco\/files\/2014\/11\/2014-11-29-11.10.19-150x112.jpg 150w, https:\/\/www.somospacientes.com\/asaco\/files\/2014\/11\/2014-11-29-11.10.19-85x63.jpg 85w, https:\/\/www.somospacientes.com\/asaco\/files\/2014\/11\/2014-11-29-11.10.19-191x143.jpg 191w, https:\/\/www.somospacientes.com\/asaco\/files\/2014\/11\/2014-11-29-11.10.19-630x470.jpg 630w\" sizes=\"auto, (max-width: 300px) 100vw, 300px\" \/><\/a><\/p>\n<p>Entre las conclusiones m\u00e1s relevantes, se volvi\u00f3 a confirmar la dificultad del diagn\u00f3stico precoz a la hora de detectar el c\u00e1ncer de ovario, uno de los m\u00e1s agresivos dado su alto grado de mortalidad. En este sentido, los expertos volvieron a hacer hincapi\u00e9 en la necesidad de que las revisiones ginecol\u00f3gicas sean m\u00e1s exhaustivas, de mayor duraci\u00f3n y con tecnolog\u00eda de \u00faltima generaci\u00f3n. Para ello, solicitaron mayor implicaci\u00f3n y colaboraci\u00f3n a las instituciones p\u00fablico-privadas.<\/p>\n<p>La alusi\u00f3n a los test gen\u00f3micos, a los avances en materia de imagen y tratamientos con menor grado de morbilidad fueron temas estrella en unas Jornadas que cada vez est\u00e1n adquiriendo mayor relevancia, tanto en cantidad de participantes, pero, ante todo, por la calidad de las exposiciones.<\/p>\n<p>Las sesiones no pod\u00edan terminar sin los principales protagonistas; los afectados, momento en el que una afectada por el c\u00e1ncer de mama conmovi\u00f3 y emocion\u00f3 a la sala.<\/p>\n<p>ASACO aprovech\u00f3 para estrechar relaciones con la Comunidad andaluza; pacientes, afectados, as\u00ed como profesionales del sector pudieron conocer de primera mano el Proyecto \u201c<a href=\"https:\/\/www.google.com\/maps\/d\/viewer?mid=zY-7z1OvwSRA.kHYmrajDxxOE\" target=\"_blank\">Piedra a Piedra<\/a>\u201d y, sobre todo, el \u201c<a href=\"http:\/\/www.asociacionasaco.es\/servicios-a-pacientes-ginecologicas-y-familiares\/\" target=\"_blank\">Proyecto Bienestar<\/a>\u201d que est\u00e1 desarrollando ASACO gracias a la colaboraci\u00f3n de la Fundaci\u00f3n \u201cla Caixa\u201d; un plan que ofrece servicios gratuitos de psicooncolog\u00eda, terapias complementarias y bienestar social.<\/p>\n","protected":false},"excerpt":{"rendered":"<p>ASACO en la XII Jornadas de actualizaci\u00f3n en ginecolog\u00eda oncol\u00f3gica &nbsp; ASACO, Asociaci\u00f3n de Afectados por C\u00e1ncer de Ovario, estuvo presente en la XII Jornadas de Actualizaci\u00f3n de Ginecolog\u00eda Oncol\u00f3gica que se han celebrado en Granada este fin de semana. Invitada por Pharmamar y en colaboraci\u00f3n, entre otras empresas, con Roche, la Asociaci\u00f3n ha sido [&hellip;]<\/p>\n","protected":false},"author":262,"featured_media":0,"comment_status":"open","ping_status":"open","sticky":false,"template":"","format":"standard","meta":{"_acf_changed":false,"footnotes":""},"categories":[1],"tags":[],"be_disease":[2687],"be_general":[],"be_media_type":[],"class_list":["post-607","post","type-post","status-publish","format-standard","hentry","category-sin-categoria","be_disease-cancer-ginecologico"],"acf":[],"_links":{"self":[{"href":"https:\/\/www.somospacientes.com\/asaco\/wp-json\/wp\/v2\/posts\/607","targetHints":{"allow":["GET"]}}],"collection":[{"href":"https:\/\/www.somospacientes.com\/asaco\/wp-json\/wp\/v2\/posts"}],"about":[{"href":"https:\/\/www.somospacientes.com\/asaco\/wp-json\/wp\/v2\/types\/post"}],"author":[{"embeddable":true,"href":"https:\/\/www.somospacientes.com\/asaco\/wp-json\/wp\/v2\/users\/262"}],"replies":[{"embeddable":true,"href":"https:\/\/www.somospacientes.com\/asaco\/wp-json\/wp\/v2\/comments?post=607"}],"version-history":[{"count":4,"href":"https:\/\/www.somospacientes.com\/asaco\/wp-json\/wp\/v2\/posts\/607\/revisions"}],"predecessor-version":[{"id":612,"href":"https:\/\/www.somospacientes.com\/asaco\/wp-json\/wp\/v2\/posts\/607\/revisions\/612"}],"wp:attachment":[{"href":"https:\/\/www.somospacientes.com\/asaco\/wp-json\/wp\/v2\/media?parent=607"}],"wp:term":[{"taxonomy":"category","embeddable":true,"href":"https:\/\/www.somospacientes.com\/asaco\/wp-json\/wp\/v2\/categories?post=607"},{"taxonomy":"post_tag","embeddable":true,"href":"https:\/\/www.somospacientes.com\/asaco\/wp-json\/wp\/v2\/tags?post=607"},{"taxonomy":"be_disease","embeddable":true,"href":"https:\/\/www.somospacientes.com\/asaco\/wp-json\/wp\/v2\/be_disease?post=607"},{"taxonomy":"be_general","embeddable":true,"href":"https:\/\/www.somospacientes.com\/asaco\/wp-json\/wp\/v2\/be_general?post=607"},{"taxonomy":"be_media_type","embeddable":true,"href":"https:\/\/www.somospacientes.com\/asaco\/wp-json\/wp\/v2\/be_media_type?post=607"}],"curies":[{"name":"wp","href":"https:\/\/api.w.org\/{rel}","templated":true}]}}