{"id":134,"date":"2020-11-20T12:22:45","date_gmt":"2020-11-20T11:22:45","guid":{"rendered":"https:\/\/www.somospacientes.com\/asanehmo\/?p=134"},"modified":"2020-11-20T12:23:36","modified_gmt":"2020-11-20T11:23:36","slug":"seminario-web-formacion-en-voluntariado","status":"publish","type":"post","link":"https:\/\/www.somospacientes.com\/asanehmo\/noticias\/sin-categoria\/seminario-web-formacion-en-voluntariado\/","title":{"rendered":"Seminario Web: Formaci\u00f3n en Voluntariado."},"content":{"rendered":"\n<figure class=\"wp-block-image size-large\"><img loading=\"lazy\" decoding=\"async\" width=\"1024\" height=\"724\" src=\"https:\/\/www.somospacientes.com\/asanehmo\/files\/2020\/11\/informate-2-1-1024x724.jpg\" alt=\"\" class=\"wp-image-137\" srcset=\"https:\/\/www.somospacientes.com\/asanehmo\/files\/2020\/11\/informate-2-1-1024x724.jpg 1024w, https:\/\/www.somospacientes.com\/asanehmo\/files\/2020\/11\/informate-2-1-300x212.jpg 300w, https:\/\/www.somospacientes.com\/asanehmo\/files\/2020\/11\/informate-2-1-768x543.jpg 768w, https:\/\/www.somospacientes.com\/asanehmo\/files\/2020\/11\/informate-2-1-1536x1086.jpg 1536w, https:\/\/www.somospacientes.com\/asanehmo\/files\/2020\/11\/informate-2-1-2048x1448.jpg 2048w, https:\/\/www.somospacientes.com\/asanehmo\/files\/2020\/11\/informate-2-1-50x35.jpg 50w, https:\/\/www.somospacientes.com\/asanehmo\/files\/2020\/11\/informate-2-1-150x106.jpg 150w, https:\/\/www.somospacientes.com\/asanehmo\/files\/2020\/11\/informate-2-1-85x60.jpg 85w, https:\/\/www.somospacientes.com\/asanehmo\/files\/2020\/11\/informate-2-1-630x445.jpg 630w\" sizes=\"auto, (max-width: 1024px) 100vw, 1024px\" \/><\/figure>\n\n\n\n<p>Ap\u00fantate al WEBINAR: \u00abFormaci\u00f3n en Voluntariado\u00bb <\/p>\n\n\n\n<p>Esta actividad se enmarca dentro de la campa\u00f1a \u00abConecta con Tu Entorno: Hazte Voluntari@\u00bb y ser\u00e1 impartida por Matilde Mora G\u00f3mez, Trabajadora Social de Asanhemo, con la Colaboraci\u00f3n de la <a href=\"https:\/\/www.facebook.com\/IgualdadAND\/?__cft__[0]=AZUp3SCAGBwLYfZohnLSTqKmnWn1-6VQYzO2IeuP9nRHi6NBxLgcwTQV3IIOKaVi9AInqdv9a7ZIS7-7m7yHufHnNwj6pE4adRmHm3l8auQW-FVikaur32De_xycuHmC_vOze3dbmPt_MkpuF4rmP6qZ7G5HkNNqt8JRf-L3RfrYNpLg7ZfV-1dm-jaDAguw8mo&amp;__tn__=kK-R\">Consejer\u00eda de Igualdad, Pol\u00edticas Sociales y Conciliaci\u00f3n<\/a> de la <a href=\"https:\/\/www.facebook.com\/AndaluciaJunta\/?__cft__[0]=AZUp3SCAGBwLYfZohnLSTqKmnWn1-6VQYzO2IeuP9nRHi6NBxLgcwTQV3IIOKaVi9AInqdv9a7ZIS7-7m7yHufHnNwj6pE4adRmHm3l8auQW-FVikaur32De_xycuHmC_vOze3dbmPt_MkpuF4rmP6qZ7G5HkNNqt8JRf-L3RfrYNpLg7ZfV-1dm-jaDAguw8mo&amp;__tn__=kK-R\">Junta de Andaluc\u00eda<\/a>, siendo dirigida a todas las personas que conforman o quieran ser parte del <a href=\"https:\/\/www.facebook.com\/hashtag\/voluntariado?__eep__=6&amp;__cft__[0]=AZUp3SCAGBwLYfZohnLSTqKmnWn1-6VQYzO2IeuP9nRHi6NBxLgcwTQV3IIOKaVi9AInqdv9a7ZIS7-7m7yHufHnNwj6pE4adRmHm3l8auQW-FVikaur32De_xycuHmC_vOze3dbmPt_MkpuF4rmP6qZ7G5HkNNqt8JRf-L3RfrYNpLg7ZfV-1dm-jaDAguw8mo&amp;__tn__=*NK-R\">#voluntariado<\/a> de Asanhemo, as\u00ed como conocer m\u00e1s de cerca que significa padecer una enfermedad rara como es la hemofilia y otras coagulopat\u00edas cong\u00e9nitas como son el d\u00e9ficit de factor V, Von Willebran\u2026<\/p>\n\n\n\n<p>Este a\u00f1o, teniendo en cuenta la situaci\u00f3n que estamos viviendo de Alerta Sanitaria por la Covid-19 el taller se realizar\u00e1 de FORMA TELEM\u00c1TICA, un d\u00eda antes del taller os mandaremos un correo electr\u00f3nico con las instrucciones para que os pod\u00e1is conectar a trav\u00e9s de GOOGLE MEET.<\/p>\n\n\n\n<p>Inscripciones: <a href=\"https:\/\/docs.google.com\/forms\/d\/e\/1FAIpQLSfbovDxVOaCk0mpeFbD34nuqilarfjLJoaFWtjuTbtiYG8zEw\/viewform\">https:\/\/docs.google.com\/forms\/d\/e\/1FAIpQLSfbovDxVOaCk0mpeFbD34nuqilarfjLJoaFWtjuTbtiYG8zEw\/viewform<\/a><\/p>\n\n\n\n<p>M\u00e1s info: <a rel=\"noreferrer noopener\" href=\"https:\/\/l.facebook.com\/l.php?u=http%3A%2F%2Fwww.asanhemo.org%2F%3Ffbclid%3DIwAR1hhodyjtbuly0hG_htS5oTPUprQ_Rg8n43TjAtwVDD1IpfSbAJiegLbuQ&amp;h=AT31GXMSBePdVViLameLPeisup08NrN0soC0N9k6Qo1a06B9GRcBUw1jJdmfRdAnU0AXtX5J2FPwXIzzur6VkwaUqtSjV6GcvUQcb9ZxkGtnMM8VppanwVXe2Ygo3x5v-Q&amp;__tn__=-UK-R&amp;c[0]=AT3VpAa3WKTmBcb96q4K69DqkFeAIFuXiX_8raDZJT7wrfL9uXHwAfd9dQJ9VjrR1paxSyf9sWo-67ySmDjwhnsM1GYMu0z7PGUNOhWPbuitV_v_vXphpTVNN8eYC4iH4-iyb3chEIaM6DTEbqrDyke9y6Luk9qtPgcESyb2N1pk9OueHmtVCeKkItllvRd4ugUu2nvmjRZOj5X3vhKtF_o\" target=\"_blank\">www.asanhemo.org<\/a><\/p>\n","protected":false},"excerpt":{"rendered":"<p>Ap\u00fantate al WEBINAR: \u00abFormaci\u00f3n en Voluntariado\u00bb Esta actividad se enmarca dentro de la campa\u00f1a \u00abConecta con Tu Entorno: Hazte Voluntari@\u00bb y ser\u00e1 impartida por Matilde Mora G\u00f3mez, Trabajadora Social de Asanhemo, con la Colaboraci\u00f3n de la Consejer\u00eda de Igualdad, Pol\u00edticas Sociales y Conciliaci\u00f3n de la Junta de Andaluc\u00eda, siendo dirigida a todas las personas que [&hellip;]<\/p>\n","protected":false},"author":1038,"featured_media":0,"comment_status":"open","ping_status":"open","sticky":false,"template":"","format":"standard","meta":{"_acf_changed":false,"footnotes":""},"categories":[1],"tags":[],"be_disease":[],"be_general":[],"be_media_type":[],"class_list":["post-134","post","type-post","status-publish","format-standard","hentry","category-sin-categoria"],"acf":[],"_links":{"self":[{"href":"https:\/\/www.somospacientes.com\/asanehmo\/wp-json\/wp\/v2\/posts\/134","targetHints":{"allow":["GET"]}}],"collection":[{"href":"https:\/\/www.somospacientes.com\/asanehmo\/wp-json\/wp\/v2\/posts"}],"about":[{"href":"https:\/\/www.somospacientes.com\/asanehmo\/wp-json\/wp\/v2\/types\/post"}],"author":[{"embeddable":true,"href":"https:\/\/www.somospacientes.com\/asanehmo\/wp-json\/wp\/v2\/users\/1038"}],"replies":[{"embeddable":true,"href":"https:\/\/www.somospacientes.com\/asanehmo\/wp-json\/wp\/v2\/comments?post=134"}],"version-history":[{"count":3,"href":"https:\/\/www.somospacientes.com\/asanehmo\/wp-json\/wp\/v2\/posts\/134\/revisions"}],"predecessor-version":[{"id":140,"href":"https:\/\/www.somospacientes.com\/asanehmo\/wp-json\/wp\/v2\/posts\/134\/revisions\/140"}],"wp:attachment":[{"href":"https:\/\/www.somospacientes.com\/asanehmo\/wp-json\/wp\/v2\/media?parent=134"}],"wp:term":[{"taxonomy":"category","embeddable":true,"href":"https:\/\/www.somospacientes.com\/asanehmo\/wp-json\/wp\/v2\/categories?post=134"},{"taxonomy":"post_tag","embeddable":true,"href":"https:\/\/www.somospacientes.com\/asanehmo\/wp-json\/wp\/v2\/tags?post=134"},{"taxonomy":"be_disease","embeddable":true,"href":"https:\/\/www.somospacientes.com\/asanehmo\/wp-json\/wp\/v2\/be_disease?post=134"},{"taxonomy":"be_general","embeddable":true,"href":"https:\/\/www.somospacientes.com\/asanehmo\/wp-json\/wp\/v2\/be_general?post=134"},{"taxonomy":"be_media_type","embeddable":true,"href":"https:\/\/www.somospacientes.com\/asanehmo\/wp-json\/wp\/v2\/be_media_type?post=134"}],"curies":[{"name":"wp","href":"https:\/\/api.w.org\/{rel}","templated":true}]}}