{"id":73,"date":"2013-04-25T13:37:27","date_gmt":"2013-04-25T11:37:27","guid":{"rendered":"https:\/\/www.somospacientes.com\/asociacion-espanola-de-pacientes-con-cefalea-aepac\/?p=73"},"modified":"2013-04-25T13:37:27","modified_gmt":"2013-04-25T11:37:27","slug":"aepac-en-la-feria-de-la-salud-de-alfafar-valencia","status":"publish","type":"post","link":"https:\/\/www.somospacientes.com\/asociacion-espanola-de-pacientes-con-cefalea-aepac\/noticias\/sin-categoria\/aepac-en-la-feria-de-la-salud-de-alfafar-valencia\/","title":{"rendered":"AEPAC EN LA FERIA DE LA SALUD DE ALFAFAR. VALENCIA"},"content":{"rendered":"<p><strong>AEPAC, participa en la I<br \/>\nFERIA DE LA SALUD DE ALFAFAR, VALENCIA. 13 Y 14 DE ABRIL 2013.<\/strong><\/p>\n<p>El pasado domingo 14<br \/>\nde abril tuvo lugar la clausura de la I Feria de la Salud de Alfafar, que<br \/>\ncomenz\u00f3 el pasado martes 9 de abril y que ha sido un \u00e9xito de participaci\u00f3n,<br \/>\ntanto en las actividades realizadas entre semana, como en la feria propiamente<br \/>\ndicha, que se celebr\u00f3 el fin de semana en la Pla\u00e7a de l\u2019Ajuntament.<\/p>\n<p>La inauguraci\u00f3n<br \/>\noficial de la I Feria de la Salud de Alfafar, tuvo lugar el s\u00e1bado 13 a las 12h<br \/>\ndel mediod\u00eda, a la cual asistieron numerosas autoridades del \u00e1mbito de la<br \/>\nsalud, entre los que destacaron la Diputada de Bienestar Social y Educaci\u00f3n<br \/>\nD\u00f1a. Amparo Mora, el Secretario Auton\u00f3mico de Sanidad de la Generalitat<br \/>\nValenciana, \u00a0D. Manuel Escolano, el<br \/>\nDirector de Salud P\u00fablica de La Ribera, D. Rosendo Sanz, el Jefe de Secci\u00f3n y<br \/>\nPromoci\u00f3n de Salud P\u00fablica de Valencia, D.Francisco Javier Roig, la Jefa del<br \/>\nServicio del Plan Oncol\u00f3gico, D\u00f1a. Dolores Salas y el T\u00e9cnico de Promoci\u00f3n de<br \/>\nSalud, D. Xavi Torremocha, adem\u00e1s de alcaldes y concejales de municipios<br \/>\nvecinos.<\/p>\n<p><strong><span style=\"text-decoration: underline\">Voluntarios de las AEPAC<\/span><\/strong> atendieron durante el fin de semana a<br \/>\ntodas aquellas personas que se acercaron al stand informativo, con la finalidad<br \/>\nde informar y sensibilizar a la sociedad sobre esta enfermedad y colaboraron<br \/>\ncon sus compras en nuestros rastrillo solidario. Desde aqu\u00ed agradecemos su<br \/>\nparticipaci\u00f3n\u00a1\u00a1\u00a1\u00a1\u00a1\u00a1 MUCHAS GRACIAS\u00a1\u00a1<\/p>\n<p>&nbsp;<\/p>\n<p>Esta I Feria de la<br \/>\nSalud, se ha convertido en un referente en este tipo de acontecimientos en toda<br \/>\nla comarca, ha sido posible gracias a la colaboraci\u00f3n de la Conselleria de<br \/>\nSanitat, que ha aportado material divulgativo, expositivo y apoyo t\u00e9cnico, y a<br \/>\nla Diputaci\u00f3 de Val\u00e8ncia mediante subvenci\u00f3n que ha financiado el 50% del<br \/>\nproyecto, adem\u00e1s de todos los participantes, colaboradores y patrocinadores<br \/>\nlocales y de la comarca de l\u2019Horta Sud.<\/p>\n<p><strong>AEPAC<\/strong>, contribuyo con una<br \/>\ncharla sobre <strong>\u00abC\u00f3mo afrontar el dolor de cabeza\u00bb, <\/strong>en la Carpa Central el<br \/>\ndomingo a las 19.00h finalizando as\u00ed su participaci\u00f3n en dicha feria.<\/p>\n<p>Estuvieron<br \/>\nrepresentadas m\u00e1s de 40 entidades y organizaciones, entre participantes (que<br \/>\ninformaban desde los stands), colaboradores (que apoyaron en la organizaci\u00f3n y<br \/>\nrealizaci\u00f3n de actividades), y patrocinadores (que aportaron desde material<br \/>\ndid\u00e1ctico hasta materias primas y obsequios para la realizaci\u00f3n de diferentes<br \/>\ntalleres).<\/p>\n","protected":false},"excerpt":{"rendered":"<p>AEPAC, participa en la I FERIA DE LA SALUD DE ALFAFAR, VALENCIA. 13 Y 14 DE ABRIL 2013. El pasado domingo 14 de abril tuvo lugar la clausura de la I Feria de la Salud de Alfafar, que comenz\u00f3 el pasado martes 9 de abril y que ha sido un \u00e9xito de participaci\u00f3n, tanto en [&hellip;]<\/p>\n","protected":false},"author":219,"featured_media":0,"comment_status":"open","ping_status":"open","sticky":false,"template":"","format":"standard","meta":{"_acf_changed":false,"footnotes":""},"categories":[1],"tags":[],"be_disease":[],"be_general":[],"be_media_type":[],"class_list":["post-73","post","type-post","status-publish","format-standard","hentry","category-sin-categoria"],"acf":[],"_links":{"self":[{"href":"https:\/\/www.somospacientes.com\/asociacion-espanola-de-pacientes-con-cefalea-aepac\/wp-json\/wp\/v2\/posts\/73","targetHints":{"allow":["GET"]}}],"collection":[{"href":"https:\/\/www.somospacientes.com\/asociacion-espanola-de-pacientes-con-cefalea-aepac\/wp-json\/wp\/v2\/posts"}],"about":[{"href":"https:\/\/www.somospacientes.com\/asociacion-espanola-de-pacientes-con-cefalea-aepac\/wp-json\/wp\/v2\/types\/post"}],"author":[{"embeddable":true,"href":"https:\/\/www.somospacientes.com\/asociacion-espanola-de-pacientes-con-cefalea-aepac\/wp-json\/wp\/v2\/users\/219"}],"replies":[{"embeddable":true,"href":"https:\/\/www.somospacientes.com\/asociacion-espanola-de-pacientes-con-cefalea-aepac\/wp-json\/wp\/v2\/comments?post=73"}],"version-history":[{"count":1,"href":"https:\/\/www.somospacientes.com\/asociacion-espanola-de-pacientes-con-cefalea-aepac\/wp-json\/wp\/v2\/posts\/73\/revisions"}],"predecessor-version":[{"id":74,"href":"https:\/\/www.somospacientes.com\/asociacion-espanola-de-pacientes-con-cefalea-aepac\/wp-json\/wp\/v2\/posts\/73\/revisions\/74"}],"wp:attachment":[{"href":"https:\/\/www.somospacientes.com\/asociacion-espanola-de-pacientes-con-cefalea-aepac\/wp-json\/wp\/v2\/media?parent=73"}],"wp:term":[{"taxonomy":"category","embeddable":true,"href":"https:\/\/www.somospacientes.com\/asociacion-espanola-de-pacientes-con-cefalea-aepac\/wp-json\/wp\/v2\/categories?post=73"},{"taxonomy":"post_tag","embeddable":true,"href":"https:\/\/www.somospacientes.com\/asociacion-espanola-de-pacientes-con-cefalea-aepac\/wp-json\/wp\/v2\/tags?post=73"},{"taxonomy":"be_disease","embeddable":true,"href":"https:\/\/www.somospacientes.com\/asociacion-espanola-de-pacientes-con-cefalea-aepac\/wp-json\/wp\/v2\/be_disease?post=73"},{"taxonomy":"be_general","embeddable":true,"href":"https:\/\/www.somospacientes.com\/asociacion-espanola-de-pacientes-con-cefalea-aepac\/wp-json\/wp\/v2\/be_general?post=73"},{"taxonomy":"be_media_type","embeddable":true,"href":"https:\/\/www.somospacientes.com\/asociacion-espanola-de-pacientes-con-cefalea-aepac\/wp-json\/wp\/v2\/be_media_type?post=73"}],"curies":[{"name":"wp","href":"https:\/\/api.w.org\/{rel}","templated":true}]}}