{"id":92,"date":"2013-09-24T14:11:15","date_gmt":"2013-09-24T12:11:15","guid":{"rendered":"https:\/\/www.somospacientes.com\/asociacion-espanola-de-pacientes-con-cefalea-aepac\/?p=92"},"modified":"2013-09-24T14:11:15","modified_gmt":"2013-09-24T12:11:15","slug":"aepac-y-fundacion-vodafone-crean-una-app-para-controlar-la-migrana-con-el-movil","status":"publish","type":"post","link":"https:\/\/www.somospacientes.com\/asociacion-espanola-de-pacientes-con-cefalea-aepac\/noticias\/sin-categoria\/aepac-y-fundacion-vodafone-crean-una-app-para-controlar-la-migrana-con-el-movil\/","title":{"rendered":"AEPAC y Fundaci\u00f3n Vodafone crean una app para controlar la migra\u00f1a con el m\u00f3vil"},"content":{"rendered":"<p><strong>AEPAC y Fundaci\u00f3n Vodafone<\/strong><br \/>\n<strong>crean una app para controlar la migra\u00f1a con el m\u00f3vil<\/strong><\/p>\n<p>Quince pacientes con migra\u00f1a han probado la aplicaci\u00f3n bajo la supervisi\u00f3n de un Neur\u00f3logo especialista en esta patolog\u00eda.<\/p>\n<p>En el marco del congreso \u2018La Migra\u00f1a, un paso m\u00e1s hacia el manejo inteligente\u2019, que se ha<br \/>\ncelebrado en la sede del Ministerio de Sanidad con motivo del d\u00eda internacional<br \/>\nde la Migra\u00f1a,\u00a0 12 de Septiembre , la Fundaci\u00f3n Vodafone present\u00f3 la aplicaci\u00f3n m\u00f3vil MigrAPP.<\/p>\n<p>Aproximadamente el 12% de la poblaci\u00f3n en Espa\u00f1a sufren migra\u00f1a, una patolog\u00eda considerada como<br \/>\nuna de las 10 enfermedades m\u00e1s incapacitantes.<\/p>\n<p>La soluci\u00f3n desarrollada, presentada por el director de <a href=\"http:\/\/fundacion.vodafone.es\/fundacion\/es\">Fundaci\u00f3n Vodafone Espa\u00f1a<\/a>, Santiago Moreno, permite a los<br \/>\npacientes con migra\u00f1a introducir los datos cada vez que sufren una crisis. En su propio m\u00f3vil, de forma ubicua y sencilla, generan un registro preciso de los posibles desencadenantes que pueden producir las crisis de Migra\u00f1a, lo que les permite realizar un seguimiento de lo que se ha hecho, comido, bebido o sentido las horas antes de la crisis.<\/p>\n<p>MigrAPP est\u00e1 disponible actualmente en su versi\u00f3n \u201cConectAEPAC\u201d, para los asociados de AEPAC, incluyendo adem\u00e1s la opci\u00f3n<br \/>\nde acceso web a trav\u00e9s de un portal de forma personalizada y segura.<\/p>\n<p>Durante el mes de octubre estar\u00e1 tambi\u00e9n disponible la versi\u00f3n <em>pocket<\/em> para cualquier usuario que quiera<br \/>\nutilizarla a modo de cuaderno de notas especializado.<\/p>\n<p>Esta aplicaci\u00f3n ha estado bajo la supervisi\u00f3n del Doctor Joan Izquierdo, coordinador del Grupo de Cefaleas del Hospital General de Catalu\u00f1a, profesor de la Universitat Internacional de Catalunya y miembro de la Sociedad Espa\u00f1ola de Neurolog\u00eda.<\/p>\n<p>Los participantes han destacado que su uso es muy intuitivo y les permite tener un <strong>mejor conocimiento de las crisis<\/strong> y<br \/>\nsus desencadenantes, adem\u00e1s de facilitar la comunicaci\u00f3n con su m\u00e9dico a la hora del seguimiento de su patolog\u00eda.<\/p>\n<p>fuente: corresponsables.com 12\/09\/2013<\/p>\n<p>&nbsp;<\/p>\n<p>&nbsp;<\/p>\n<p>&nbsp;<\/p>\n","protected":false},"excerpt":{"rendered":"<p>AEPAC y Fundaci\u00f3n Vodafone crean una app para controlar la migra\u00f1a con el m\u00f3vil Quince pacientes con migra\u00f1a han probado la aplicaci\u00f3n bajo la supervisi\u00f3n de un Neur\u00f3logo especialista en esta patolog\u00eda. En el marco del congreso \u2018La Migra\u00f1a, un paso m\u00e1s hacia el manejo inteligente\u2019, que se ha celebrado en la sede del Ministerio [&hellip;]<\/p>\n","protected":false},"author":219,"featured_media":0,"comment_status":"open","ping_status":"open","sticky":false,"template":"","format":"standard","meta":{"_acf_changed":false,"footnotes":""},"categories":[1],"tags":[],"be_disease":[],"be_general":[],"be_media_type":[],"class_list":["post-92","post","type-post","status-publish","format-standard","hentry","category-sin-categoria"],"acf":[],"_links":{"self":[{"href":"https:\/\/www.somospacientes.com\/asociacion-espanola-de-pacientes-con-cefalea-aepac\/wp-json\/wp\/v2\/posts\/92","targetHints":{"allow":["GET"]}}],"collection":[{"href":"https:\/\/www.somospacientes.com\/asociacion-espanola-de-pacientes-con-cefalea-aepac\/wp-json\/wp\/v2\/posts"}],"about":[{"href":"https:\/\/www.somospacientes.com\/asociacion-espanola-de-pacientes-con-cefalea-aepac\/wp-json\/wp\/v2\/types\/post"}],"author":[{"embeddable":true,"href":"https:\/\/www.somospacientes.com\/asociacion-espanola-de-pacientes-con-cefalea-aepac\/wp-json\/wp\/v2\/users\/219"}],"replies":[{"embeddable":true,"href":"https:\/\/www.somospacientes.com\/asociacion-espanola-de-pacientes-con-cefalea-aepac\/wp-json\/wp\/v2\/comments?post=92"}],"version-history":[{"count":3,"href":"https:\/\/www.somospacientes.com\/asociacion-espanola-de-pacientes-con-cefalea-aepac\/wp-json\/wp\/v2\/posts\/92\/revisions"}],"predecessor-version":[{"id":95,"href":"https:\/\/www.somospacientes.com\/asociacion-espanola-de-pacientes-con-cefalea-aepac\/wp-json\/wp\/v2\/posts\/92\/revisions\/95"}],"wp:attachment":[{"href":"https:\/\/www.somospacientes.com\/asociacion-espanola-de-pacientes-con-cefalea-aepac\/wp-json\/wp\/v2\/media?parent=92"}],"wp:term":[{"taxonomy":"category","embeddable":true,"href":"https:\/\/www.somospacientes.com\/asociacion-espanola-de-pacientes-con-cefalea-aepac\/wp-json\/wp\/v2\/categories?post=92"},{"taxonomy":"post_tag","embeddable":true,"href":"https:\/\/www.somospacientes.com\/asociacion-espanola-de-pacientes-con-cefalea-aepac\/wp-json\/wp\/v2\/tags?post=92"},{"taxonomy":"be_disease","embeddable":true,"href":"https:\/\/www.somospacientes.com\/asociacion-espanola-de-pacientes-con-cefalea-aepac\/wp-json\/wp\/v2\/be_disease?post=92"},{"taxonomy":"be_general","embeddable":true,"href":"https:\/\/www.somospacientes.com\/asociacion-espanola-de-pacientes-con-cefalea-aepac\/wp-json\/wp\/v2\/be_general?post=92"},{"taxonomy":"be_media_type","embeddable":true,"href":"https:\/\/www.somospacientes.com\/asociacion-espanola-de-pacientes-con-cefalea-aepac\/wp-json\/wp\/v2\/be_media_type?post=92"}],"curies":[{"name":"wp","href":"https:\/\/api.w.org\/{rel}","templated":true}]}}