{"id":410,"date":"2013-03-03T15:42:58","date_gmt":"2013-03-03T14:42:58","guid":{"rendered":"https:\/\/www.somospacientes.com\/asociacion-espanola-de-sindrome-de-piernas-inquietas\/?p=410"},"modified":"2013-03-03T15:42:58","modified_gmt":"2013-03-03T14:42:58","slug":"nueva-junta-directiva-aespi","status":"publish","type":"post","link":"https:\/\/www.somospacientes.com\/asociacion-espanola-de-sindrome-de-piernas-inquietas\/noticias\/sin-categoria\/nueva-junta-directiva-aespi\/","title":{"rendered":"Nueva Junta Directiva AESPI"},"content":{"rendered":"<div id=\"attachment_413\" style=\"width: 411px\" class=\"wp-caption alignleft\"><a href=\"https:\/\/www.somospacientes.com\/asociacion-espanola-de-sindrome-de-piernas-inquietas\/files\/2013\/03\/Junta-directiva-web.jpg\"><img loading=\"lazy\" decoding=\"async\" aria-describedby=\"caption-attachment-413\" class=\"size-full wp-image-413\" src=\"https:\/\/www.somospacientes.com\/asociacion-espanola-de-sindrome-de-piernas-inquietas\/files\/2013\/03\/Junta-directiva-web.jpg\" alt=\"\" width=\"401\" height=\"336\" srcset=\"https:\/\/www.somospacientes.com\/asociacion-espanola-de-sindrome-de-piernas-inquietas\/files\/2013\/03\/Junta-directiva-web.jpg 401w, https:\/\/www.somospacientes.com\/asociacion-espanola-de-sindrome-de-piernas-inquietas\/files\/2013\/03\/Junta-directiva-web-300x251.jpg 300w, https:\/\/www.somospacientes.com\/asociacion-espanola-de-sindrome-de-piernas-inquietas\/files\/2013\/03\/Junta-directiva-web-50x41.jpg 50w, https:\/\/www.somospacientes.com\/asociacion-espanola-de-sindrome-de-piernas-inquietas\/files\/2013\/03\/Junta-directiva-web-150x125.jpg 150w, https:\/\/www.somospacientes.com\/asociacion-espanola-de-sindrome-de-piernas-inquietas\/files\/2013\/03\/Junta-directiva-web-85x71.jpg 85w\" sizes=\"auto, (max-width: 401px) 100vw, 401px\" \/><\/a><p id=\"caption-attachment-413\" class=\"wp-caption-text\">Secretaria, Presidenta, Vicepresidenta y Tesorera AESPI <\/p><\/div>\n<p>&nbsp;<\/p>\n<p>&nbsp;<\/p>\n<p>&nbsp;<\/p>\n<p>&nbsp;<\/p>\n<p>&nbsp;<\/p>\n<p>&nbsp;<\/p>\n<p>&nbsp;<\/p>\n<p>&nbsp;<\/p>\n<p>&nbsp;<\/p>\n<p>&nbsp;<\/p>\n<p>&nbsp;<\/p>\n<p>&nbsp;<\/p>\n<p><span style=\"color: #000080\">Una vez celebradas las elecciones a Junta Directiva, la composici\u00f3n de la nueva junta es:<\/span><\/p>\n<ol>\n<li><span style=\"color: #000080\"> Esperanza L\u00f3pez Maquieira, Presidenta, (Pontevedra)<\/span><\/li>\n<li><span style=\"color: #000080\"> Lourdes Darribas Castro, Vicepresidenta, (Madrid)<\/span><\/li>\n<li><span style=\"color: #000080\"> M\u00aa Antonia D\u00edaz Mu\u00f1oz, Secretaria, (Madrid)<\/span><\/li>\n<li><span style=\"color: #000080\"> M\u00aa Josefa Gil Escriche, Tesorera, (Teruel)<\/span><\/li>\n<li><span style=\"color: #000080\"> Montserrat Roca Pallas, Vocal, (Barcelona)<\/span><\/li>\n<li><span style=\"color: #000080\"> Juan Badiola Del Campo, Vocal, (Madrid)<\/span><\/li>\n<li><span style=\"color: #000080\"> Puri Titos Gali\u00e1n, Vocal, (Granada)<\/span><\/li>\n<li><span style=\"color: #000080\"> Yolanda Garde Pla, Vocal, (Madrid)<\/span><\/li>\n<li><span style=\"color: #000080\"> \u00c1ngeles Cuevas Bellido, Vocal, (Toledo)<\/span><\/li>\n<\/ol>\n<p><span style=\"color: #000080\"> Algunos de sus miembros, ya han formado parte de anteriores Juntas Directivas, otros es la primera vez que participan, pero todos tienen la misma ilusi\u00f3n, por conseguir lo mejor para esta Asociaci\u00f3n y la enfermedad que representa, es decir el SPI.<\/span><\/p>\n<p><span style=\"color: #000080\">En esta \u00e9poca de crisis, es muy problem\u00e1tica la supervivencia de las asociaciones, las subvenciones son dif\u00edciles de conseguir, las donaciones escasas y los asociados se dan de baja (la mayor\u00eda de las veces), por dificultades econ\u00f3micas. Todo esto se agrava en nuestro caso, al ser una asociaci\u00f3n de \u00e1mbito nacional, que los gastos se duplican y estamos en todas partes y en ninguna. A pesar de todo, hay un nuevo equipo solidario, dispuesto a trabajar y vencer las muchas dificultades que se avecinan.<\/span><\/p>\n<p><span style=\"color: #000080\">La AESPI, necesita tu ayuda \u00a1Colabora con nosotros!<\/span><\/p>\n<p><a href=\"http:\/\/www.aespi.net\">www.aespi.net<\/a><\/p>\n","protected":false},"excerpt":{"rendered":"<p>&nbsp; &nbsp; &nbsp; &nbsp; &nbsp; &nbsp; &nbsp; &nbsp; &nbsp; &nbsp; &nbsp; &nbsp; Una vez celebradas las elecciones a Junta Directiva, la composici\u00f3n de la nueva junta es: Esperanza L\u00f3pez Maquieira, Presidenta, (Pontevedra) Lourdes Darribas Castro, Vicepresidenta, (Madrid) M\u00aa Antonia D\u00edaz Mu\u00f1oz, Secretaria, (Madrid) M\u00aa Josefa Gil Escriche, Tesorera, (Teruel) Montserrat Roca Pallas, Vocal, (Barcelona) Juan [&hellip;]<\/p>\n","protected":false},"author":59,"featured_media":0,"comment_status":"open","ping_status":"open","sticky":false,"template":"","format":"standard","meta":{"_acf_changed":false,"footnotes":""},"categories":[1],"tags":[],"be_disease":[640,643],"be_general":[556],"be_media_type":[],"class_list":["post-410","post","type-post","status-publish","format-standard","hentry","category-sin-categoria","be_disease-trastornos-del-movimiento","be_disease-trastornos-del-sueno","be_general-ministerio-de-sanidad"],"acf":[],"_links":{"self":[{"href":"https:\/\/www.somospacientes.com\/asociacion-espanola-de-sindrome-de-piernas-inquietas\/wp-json\/wp\/v2\/posts\/410","targetHints":{"allow":["GET"]}}],"collection":[{"href":"https:\/\/www.somospacientes.com\/asociacion-espanola-de-sindrome-de-piernas-inquietas\/wp-json\/wp\/v2\/posts"}],"about":[{"href":"https:\/\/www.somospacientes.com\/asociacion-espanola-de-sindrome-de-piernas-inquietas\/wp-json\/wp\/v2\/types\/post"}],"author":[{"embeddable":true,"href":"https:\/\/www.somospacientes.com\/asociacion-espanola-de-sindrome-de-piernas-inquietas\/wp-json\/wp\/v2\/users\/59"}],"replies":[{"embeddable":true,"href":"https:\/\/www.somospacientes.com\/asociacion-espanola-de-sindrome-de-piernas-inquietas\/wp-json\/wp\/v2\/comments?post=410"}],"version-history":[{"count":2,"href":"https:\/\/www.somospacientes.com\/asociacion-espanola-de-sindrome-de-piernas-inquietas\/wp-json\/wp\/v2\/posts\/410\/revisions"}],"predecessor-version":[{"id":415,"href":"https:\/\/www.somospacientes.com\/asociacion-espanola-de-sindrome-de-piernas-inquietas\/wp-json\/wp\/v2\/posts\/410\/revisions\/415"}],"wp:attachment":[{"href":"https:\/\/www.somospacientes.com\/asociacion-espanola-de-sindrome-de-piernas-inquietas\/wp-json\/wp\/v2\/media?parent=410"}],"wp:term":[{"taxonomy":"category","embeddable":true,"href":"https:\/\/www.somospacientes.com\/asociacion-espanola-de-sindrome-de-piernas-inquietas\/wp-json\/wp\/v2\/categories?post=410"},{"taxonomy":"post_tag","embeddable":true,"href":"https:\/\/www.somospacientes.com\/asociacion-espanola-de-sindrome-de-piernas-inquietas\/wp-json\/wp\/v2\/tags?post=410"},{"taxonomy":"be_disease","embeddable":true,"href":"https:\/\/www.somospacientes.com\/asociacion-espanola-de-sindrome-de-piernas-inquietas\/wp-json\/wp\/v2\/be_disease?post=410"},{"taxonomy":"be_general","embeddable":true,"href":"https:\/\/www.somospacientes.com\/asociacion-espanola-de-sindrome-de-piernas-inquietas\/wp-json\/wp\/v2\/be_general?post=410"},{"taxonomy":"be_media_type","embeddable":true,"href":"https:\/\/www.somospacientes.com\/asociacion-espanola-de-sindrome-de-piernas-inquietas\/wp-json\/wp\/v2\/be_media_type?post=410"}],"curies":[{"name":"wp","href":"https:\/\/api.w.org\/{rel}","templated":true}]}}