{"id":418,"date":"2013-03-05T22:25:26","date_gmt":"2013-03-05T21:25:26","guid":{"rendered":"https:\/\/www.somospacientes.com\/asociacion-espanola-de-sindrome-de-piernas-inquietas\/?p=418"},"modified":"2013-03-05T22:25:26","modified_gmt":"2013-03-05T21:25:26","slug":"revista-n%c2%ba-8","status":"publish","type":"post","link":"https:\/\/www.somospacientes.com\/asociacion-espanola-de-sindrome-de-piernas-inquietas\/noticias\/sin-categoria\/revista-n%c2%ba-8\/","title":{"rendered":"Revista n\u00ba 8"},"content":{"rendered":"<p><a href=\"https:\/\/www.somospacientes.com\/asociacion-espanola-de-sindrome-de-piernas-inquietas\/files\/2013\/03\/revista-8.jpg\"><img loading=\"lazy\" decoding=\"async\" class=\"alignleft size-full wp-image-419\" src=\"https:\/\/www.somospacientes.com\/asociacion-espanola-de-sindrome-de-piernas-inquietas\/files\/2013\/03\/revista-8.jpg\" alt=\"\" width=\"612\" height=\"859\" srcset=\"https:\/\/www.somospacientes.com\/asociacion-espanola-de-sindrome-de-piernas-inquietas\/files\/2013\/03\/revista-8.jpg 612w, https:\/\/www.somospacientes.com\/asociacion-espanola-de-sindrome-de-piernas-inquietas\/files\/2013\/03\/revista-8-213x300.jpg 213w, https:\/\/www.somospacientes.com\/asociacion-espanola-de-sindrome-de-piernas-inquietas\/files\/2013\/03\/revista-8-35x50.jpg 35w, https:\/\/www.somospacientes.com\/asociacion-espanola-de-sindrome-de-piernas-inquietas\/files\/2013\/03\/revista-8-106x150.jpg 106w, https:\/\/www.somospacientes.com\/asociacion-espanola-de-sindrome-de-piernas-inquietas\/files\/2013\/03\/revista-8-60x85.jpg 60w, https:\/\/www.somospacientes.com\/asociacion-espanola-de-sindrome-de-piernas-inquietas\/files\/2013\/03\/revista-8-336x472.jpg 336w\" sizes=\"auto, (max-width: 612px) 100vw, 612px\" \/><\/a><\/p>\n<p>Con mucho esfuerzo y dedicaci\u00f3n esta asociaci\u00f3n acaba de enviar a la imprenta el n\u00famero 8 de nuestra revista AESPI.<\/p>\n<p>Como ya es habitual, han colaborado diferentes especialistas, que hemos agrupado en tres grupos: Las medicinas alternativas (homeopat\u00eda, aromaterapia, m\u00e1s los consejos de la psic\u00f3loga y la pedagoga), las enfermedades asociadas (Fibromialgia y embarazo) y los especialistas en S\u00edndrome de Piernas Inquietas.<\/p>\n<p>Adem\u00e1s de las colaboraciones citadas, se incluyen las actividades de la asociaci\u00f3n, las interesantes y pr\u00e1cticas colaboraciones de nuestros asociados y simpatizantes, adem\u00e1s de nuestra \u201cPropuesta Cultural\u201d dedicada esta vez al Valle del Bo\u00ed.<\/p>\n<p>Si estas interesado en nuestra enfermedad y quieres conocernos un poco mejor, puedes ver y descargarte\u00a0 la revista desde nuestra web: <a href=\"http:\/\/www.aespi.net\">www.aespi.net<\/a><\/p>\n","protected":false},"excerpt":{"rendered":"<p>Con mucho esfuerzo y dedicaci\u00f3n esta asociaci\u00f3n acaba de enviar a la imprenta el n\u00famero 8 de nuestra revista AESPI. Como ya es habitual, han colaborado diferentes especialistas, que hemos agrupado en tres grupos: Las medicinas alternativas (homeopat\u00eda, aromaterapia, m\u00e1s los consejos de la psic\u00f3loga y la pedagoga), las enfermedades asociadas (Fibromialgia y embarazo) y [&hellip;]<\/p>\n","protected":false},"author":59,"featured_media":0,"comment_status":"open","ping_status":"open","sticky":false,"template":"","format":"standard","meta":{"_acf_changed":false,"footnotes":""},"categories":[1],"tags":[],"be_disease":[638,640,643],"be_general":[556],"be_media_type":[],"class_list":["post-418","post","type-post","status-publish","format-standard","hentry","category-sin-categoria","be_disease-trastornos-del-cerebro-y-del-sistema-nervioso","be_disease-trastornos-del-movimiento","be_disease-trastornos-del-sueno","be_general-ministerio-de-sanidad"],"acf":[],"_links":{"self":[{"href":"https:\/\/www.somospacientes.com\/asociacion-espanola-de-sindrome-de-piernas-inquietas\/wp-json\/wp\/v2\/posts\/418","targetHints":{"allow":["GET"]}}],"collection":[{"href":"https:\/\/www.somospacientes.com\/asociacion-espanola-de-sindrome-de-piernas-inquietas\/wp-json\/wp\/v2\/posts"}],"about":[{"href":"https:\/\/www.somospacientes.com\/asociacion-espanola-de-sindrome-de-piernas-inquietas\/wp-json\/wp\/v2\/types\/post"}],"author":[{"embeddable":true,"href":"https:\/\/www.somospacientes.com\/asociacion-espanola-de-sindrome-de-piernas-inquietas\/wp-json\/wp\/v2\/users\/59"}],"replies":[{"embeddable":true,"href":"https:\/\/www.somospacientes.com\/asociacion-espanola-de-sindrome-de-piernas-inquietas\/wp-json\/wp\/v2\/comments?post=418"}],"version-history":[{"count":2,"href":"https:\/\/www.somospacientes.com\/asociacion-espanola-de-sindrome-de-piernas-inquietas\/wp-json\/wp\/v2\/posts\/418\/revisions"}],"predecessor-version":[{"id":421,"href":"https:\/\/www.somospacientes.com\/asociacion-espanola-de-sindrome-de-piernas-inquietas\/wp-json\/wp\/v2\/posts\/418\/revisions\/421"}],"wp:attachment":[{"href":"https:\/\/www.somospacientes.com\/asociacion-espanola-de-sindrome-de-piernas-inquietas\/wp-json\/wp\/v2\/media?parent=418"}],"wp:term":[{"taxonomy":"category","embeddable":true,"href":"https:\/\/www.somospacientes.com\/asociacion-espanola-de-sindrome-de-piernas-inquietas\/wp-json\/wp\/v2\/categories?post=418"},{"taxonomy":"post_tag","embeddable":true,"href":"https:\/\/www.somospacientes.com\/asociacion-espanola-de-sindrome-de-piernas-inquietas\/wp-json\/wp\/v2\/tags?post=418"},{"taxonomy":"be_disease","embeddable":true,"href":"https:\/\/www.somospacientes.com\/asociacion-espanola-de-sindrome-de-piernas-inquietas\/wp-json\/wp\/v2\/be_disease?post=418"},{"taxonomy":"be_general","embeddable":true,"href":"https:\/\/www.somospacientes.com\/asociacion-espanola-de-sindrome-de-piernas-inquietas\/wp-json\/wp\/v2\/be_general?post=418"},{"taxonomy":"be_media_type","embeddable":true,"href":"https:\/\/www.somospacientes.com\/asociacion-espanola-de-sindrome-de-piernas-inquietas\/wp-json\/wp\/v2\/be_media_type?post=418"}],"curies":[{"name":"wp","href":"https:\/\/api.w.org\/{rel}","templated":true}]}}