{"id":493,"date":"2013-08-11T09:56:16","date_gmt":"2013-08-11T07:56:16","guid":{"rendered":"https:\/\/www.somospacientes.com\/asociacion-espanola-de-sindrome-de-piernas-inquietas\/?p=493"},"modified":"2013-08-11T09:56:16","modified_gmt":"2013-08-11T07:56:16","slug":"la-importancia-del-hierro-en-el-sindrome-de-piernas-inquietas-o-enfermedad-de-willis-ekbom","status":"publish","type":"post","link":"https:\/\/www.somospacientes.com\/asociacion-espanola-de-sindrome-de-piernas-inquietas\/noticias\/sin-categoria\/la-importancia-del-hierro-en-el-sindrome-de-piernas-inquietas-o-enfermedad-de-willis-ekbom\/","title":{"rendered":"LA IMPORTANCIA DEL HIERRO EN EL SINDROME DE PIERNAS INQUIETAS O ENFERMEDAD DE WILLIS-EKBOM"},"content":{"rendered":"<p style=\"text-align: justify\"><span style=\"font-family: Calibri\"><a href=\"https:\/\/www.somospacientes.com\/asociacion-espanola-de-sindrome-de-piernas-inquietas\/files\/2013\/08\/El-hierro1.jpg\"><img loading=\"lazy\" decoding=\"async\" class=\"alignleft size-medium wp-image-495\" src=\"https:\/\/www.somospacientes.com\/asociacion-espanola-de-sindrome-de-piernas-inquietas\/files\/2013\/08\/El-hierro1-300x214.jpg\" alt=\"\" width=\"300\" height=\"214\" srcset=\"https:\/\/www.somospacientes.com\/asociacion-espanola-de-sindrome-de-piernas-inquietas\/files\/2013\/08\/El-hierro1-300x214.jpg 300w, https:\/\/www.somospacientes.com\/asociacion-espanola-de-sindrome-de-piernas-inquietas\/files\/2013\/08\/El-hierro1-1024x731.jpg 1024w, https:\/\/www.somospacientes.com\/asociacion-espanola-de-sindrome-de-piernas-inquietas\/files\/2013\/08\/El-hierro1-50x35.jpg 50w, https:\/\/www.somospacientes.com\/asociacion-espanola-de-sindrome-de-piernas-inquietas\/files\/2013\/08\/El-hierro1-150x107.jpg 150w, https:\/\/www.somospacientes.com\/asociacion-espanola-de-sindrome-de-piernas-inquietas\/files\/2013\/08\/El-hierro1-85x60.jpg 85w, https:\/\/www.somospacientes.com\/asociacion-espanola-de-sindrome-de-piernas-inquietas\/files\/2013\/08\/El-hierro1-630x450.jpg 630w, https:\/\/www.somospacientes.com\/asociacion-espanola-de-sindrome-de-piernas-inquietas\/files\/2013\/08\/El-hierro1.jpg 1400w\" sizes=\"auto, (max-width: 300px) 100vw, 300px\" \/><\/a><\/span><\/p>\n<p style=\"text-align: justify\"><span style=\"font-family: Calibri\">En el origen del s\u00edndrome las piernas inquietas (SPI) podemos distinguir una forma ?primaria? (sin causa conocida) y una forma ?secundaria? (donde detectamos la causa del SPI). La forma primaria la podemos dividir en ?familiar? (donde el paciente con SPI nos dice que alguno de sus familiares cercanos tiene los mismos s\u00edntomas) y\u00a0 ?espor\u00e1dica? (sin agrupaci\u00f3n familiar). Existen tres formas secundarias claras en el SPI; el embarazo, la insuficiencia renal cr\u00f3nica y las anemias ferrop\u00e9nicas. Estas tres formas secundarias tienen en com\u00fan que existe un d\u00e9ficit de hierro en la sangre. Esto ha hecho pensar, que junto a la dopamina, el metabolismo del hierro tiene un papel importante en el origen del SPI.<\/span><\/p>\n<p style=\"text-align: justify\"><span style=\"font-family: Calibri\">Si estas interesado en seguir leyendo puedes <a href=\"http:\/\/www.aespi.net\/sindrome-piernas-inquietas\/actionServlet?accio=activar_publicaciones\">pinchar aqui<\/a><\/span><\/p>\n","protected":false},"excerpt":{"rendered":"<p>En el origen del s\u00edndrome las piernas inquietas (SPI) podemos distinguir una forma ?primaria? (sin causa conocida) y una forma ?secundaria? (donde detectamos la causa del SPI). La forma primaria la podemos dividir en ?familiar? (donde el paciente con SPI nos dice que alguno de sus familiares cercanos tiene los mismos s\u00edntomas) y\u00a0 ?espor\u00e1dica? (sin [&hellip;]<\/p>\n","protected":false},"author":59,"featured_media":0,"comment_status":"open","ping_status":"open","sticky":false,"template":"","format":"standard","meta":{"_acf_changed":false,"footnotes":""},"categories":[1],"tags":[],"be_disease":[638,640,643],"be_general":[556],"be_media_type":[],"class_list":["post-493","post","type-post","status-publish","format-standard","hentry","category-sin-categoria","be_disease-trastornos-del-cerebro-y-del-sistema-nervioso","be_disease-trastornos-del-movimiento","be_disease-trastornos-del-sueno","be_general-ministerio-de-sanidad"],"acf":[],"_links":{"self":[{"href":"https:\/\/www.somospacientes.com\/asociacion-espanola-de-sindrome-de-piernas-inquietas\/wp-json\/wp\/v2\/posts\/493","targetHints":{"allow":["GET"]}}],"collection":[{"href":"https:\/\/www.somospacientes.com\/asociacion-espanola-de-sindrome-de-piernas-inquietas\/wp-json\/wp\/v2\/posts"}],"about":[{"href":"https:\/\/www.somospacientes.com\/asociacion-espanola-de-sindrome-de-piernas-inquietas\/wp-json\/wp\/v2\/types\/post"}],"author":[{"embeddable":true,"href":"https:\/\/www.somospacientes.com\/asociacion-espanola-de-sindrome-de-piernas-inquietas\/wp-json\/wp\/v2\/users\/59"}],"replies":[{"embeddable":true,"href":"https:\/\/www.somospacientes.com\/asociacion-espanola-de-sindrome-de-piernas-inquietas\/wp-json\/wp\/v2\/comments?post=493"}],"version-history":[{"count":5,"href":"https:\/\/www.somospacientes.com\/asociacion-espanola-de-sindrome-de-piernas-inquietas\/wp-json\/wp\/v2\/posts\/493\/revisions"}],"predecessor-version":[{"id":500,"href":"https:\/\/www.somospacientes.com\/asociacion-espanola-de-sindrome-de-piernas-inquietas\/wp-json\/wp\/v2\/posts\/493\/revisions\/500"}],"wp:attachment":[{"href":"https:\/\/www.somospacientes.com\/asociacion-espanola-de-sindrome-de-piernas-inquietas\/wp-json\/wp\/v2\/media?parent=493"}],"wp:term":[{"taxonomy":"category","embeddable":true,"href":"https:\/\/www.somospacientes.com\/asociacion-espanola-de-sindrome-de-piernas-inquietas\/wp-json\/wp\/v2\/categories?post=493"},{"taxonomy":"post_tag","embeddable":true,"href":"https:\/\/www.somospacientes.com\/asociacion-espanola-de-sindrome-de-piernas-inquietas\/wp-json\/wp\/v2\/tags?post=493"},{"taxonomy":"be_disease","embeddable":true,"href":"https:\/\/www.somospacientes.com\/asociacion-espanola-de-sindrome-de-piernas-inquietas\/wp-json\/wp\/v2\/be_disease?post=493"},{"taxonomy":"be_general","embeddable":true,"href":"https:\/\/www.somospacientes.com\/asociacion-espanola-de-sindrome-de-piernas-inquietas\/wp-json\/wp\/v2\/be_general?post=493"},{"taxonomy":"be_media_type","embeddable":true,"href":"https:\/\/www.somospacientes.com\/asociacion-espanola-de-sindrome-de-piernas-inquietas\/wp-json\/wp\/v2\/be_media_type?post=493"}],"curies":[{"name":"wp","href":"https:\/\/api.w.org\/{rel}","templated":true}]}}