{"id":501,"date":"2013-09-08T07:20:50","date_gmt":"2013-09-08T05:20:50","guid":{"rendered":"https:\/\/www.somospacientes.com\/asociacion-espanola-de-sindrome-de-piernas-inquietas\/?p=501"},"modified":"2013-09-08T07:20:50","modified_gmt":"2013-09-08T05:20:50","slug":"21-septiembre-2013","status":"publish","type":"post","link":"https:\/\/www.somospacientes.com\/asociacion-espanola-de-sindrome-de-piernas-inquietas\/noticias\/sin-categoria\/21-septiembre-2013\/","title":{"rendered":"21 SEPTIEMBRE 2013"},"content":{"rendered":"<p><span style=\"color: #008000\"><strong><a href=\"https:\/\/www.somospacientes.com\/asociacion-espanola-de-sindrome-de-piernas-inquietas\/files\/2013\/09\/marca-2013.jpg\"><img loading=\"lazy\" decoding=\"async\" class=\"alignleft size-medium wp-image-502\" src=\"https:\/\/www.somospacientes.com\/asociacion-espanola-de-sindrome-de-piernas-inquietas\/files\/2013\/09\/marca-2013-174x300.jpg\" alt=\"Marcapaginas conmemorativo del dia Mundial del SPI \/ EWE\" width=\"174\" height=\"300\" srcset=\"https:\/\/www.somospacientes.com\/asociacion-espanola-de-sindrome-de-piernas-inquietas\/files\/2013\/09\/marca-2013-174x300.jpg 174w, https:\/\/www.somospacientes.com\/asociacion-espanola-de-sindrome-de-piernas-inquietas\/files\/2013\/09\/marca-2013-29x50.jpg 29w, https:\/\/www.somospacientes.com\/asociacion-espanola-de-sindrome-de-piernas-inquietas\/files\/2013\/09\/marca-2013-87x150.jpg 87w, https:\/\/www.somospacientes.com\/asociacion-espanola-de-sindrome-de-piernas-inquietas\/files\/2013\/09\/marca-2013-49x85.jpg 49w, https:\/\/www.somospacientes.com\/asociacion-espanola-de-sindrome-de-piernas-inquietas\/files\/2013\/09\/marca-2013.jpg 260w\" sizes=\"auto, (max-width: 174px) 100vw, 174px\" \/><\/a><\/strong><\/span><\/p>\n<p style=\"text-align: justify\">El 21 de septiembre, s\u00e1bado, esta pr\u00f3ximo, la asociaci\u00f3n sigue trabajando, en la organizaci\u00f3n de los actos que tendr\u00e1n lugar en Madrid, para la celebracion del DIA MUNDIAL DEL SPI \/ EWE.<\/p>\n<p style=\"text-align: justify\">Nos hubiese gustado, haber organizado actividades en todas las CC. AA., por ser AESPI, una asociaci\u00f3n de \u00e1mbito nacional, pero la falta de medios, tanto econ\u00f3micos como humanos, impiden que as\u00ed sea.<\/p>\n<p style=\"text-align: justify\">Hemos actualizado el <a href=\"http:\/\/www.aespi.net\/upload\/prog.%20spi%202013.pdf\">programa<\/a>, con los cambios de \u00faltima hora, debidos a los problemas de agenda de los doctores Albares y Paniagua. Agradecemos a la Dra. Teijeira y al Dr. Larrosa, que hayan aceptado sustituirlos.<\/p>\n<p style=\"text-align: justify\">Para los que deseen asistir, les recordamos, que la entrega de <a href=\"http:\/\/www.madrono-hotel.com\/es\/ubicacion\/\">documentaci\u00f3n<\/a>, ser\u00e1 a partir de las 10,30h y la inauguraci\u00f3n a las 11h, agradeceremos puntualidad, para no entorpecer el desarrollo de los actos programados y abiertos al p\u00fablico, en su mayor\u00eda.<\/p>\n<p style=\"text-align: justify\">Igualmente, os recordamos, que los que deseen asistir al <a href=\"http:\/\/11870.com\/pro\/la-flecha\">almuerzo<\/a>, deber\u00e1n reservar en <a href=\"http:\/\/www.aespi.net\/sindrome-piernas-inquietas\/conocenos.html\">AESPI<\/a> (por tel\u00e9fono o email).<\/p>\n<p style=\"text-align: justify\">Te esperamos. <span style=\"color: #008000\"><strong>\u00a1CAMINA CON NOSOTROS!<\/strong><\/span><\/p>\n","protected":false},"excerpt":{"rendered":"<p>El 21 de septiembre, s\u00e1bado, esta pr\u00f3ximo, la asociaci\u00f3n sigue trabajando, en la organizaci\u00f3n de los actos que tendr\u00e1n lugar en Madrid, para la celebracion del DIA MUNDIAL DEL SPI \/ EWE. Nos hubiese gustado, haber organizado actividades en todas las CC. AA., por ser AESPI, una asociaci\u00f3n de \u00e1mbito nacional, pero la falta de [&hellip;]<\/p>\n","protected":false},"author":59,"featured_media":0,"comment_status":"open","ping_status":"open","sticky":false,"template":"","format":"standard","meta":{"_acf_changed":false,"footnotes":""},"categories":[1],"tags":[],"be_disease":[587,2018,638,640,643],"be_general":[556],"be_media_type":[],"class_list":["post-501","post","type-post","status-publish","format-standard","hentry","category-sin-categoria","be_disease-discapacidad-y-dependencia","be_disease-tdah","be_disease-trastornos-del-cerebro-y-del-sistema-nervioso","be_disease-trastornos-del-movimiento","be_disease-trastornos-del-sueno","be_general-ministerio-de-sanidad"],"acf":[],"_links":{"self":[{"href":"https:\/\/www.somospacientes.com\/asociacion-espanola-de-sindrome-de-piernas-inquietas\/wp-json\/wp\/v2\/posts\/501","targetHints":{"allow":["GET"]}}],"collection":[{"href":"https:\/\/www.somospacientes.com\/asociacion-espanola-de-sindrome-de-piernas-inquietas\/wp-json\/wp\/v2\/posts"}],"about":[{"href":"https:\/\/www.somospacientes.com\/asociacion-espanola-de-sindrome-de-piernas-inquietas\/wp-json\/wp\/v2\/types\/post"}],"author":[{"embeddable":true,"href":"https:\/\/www.somospacientes.com\/asociacion-espanola-de-sindrome-de-piernas-inquietas\/wp-json\/wp\/v2\/users\/59"}],"replies":[{"embeddable":true,"href":"https:\/\/www.somospacientes.com\/asociacion-espanola-de-sindrome-de-piernas-inquietas\/wp-json\/wp\/v2\/comments?post=501"}],"version-history":[{"count":3,"href":"https:\/\/www.somospacientes.com\/asociacion-espanola-de-sindrome-de-piernas-inquietas\/wp-json\/wp\/v2\/posts\/501\/revisions"}],"predecessor-version":[{"id":505,"href":"https:\/\/www.somospacientes.com\/asociacion-espanola-de-sindrome-de-piernas-inquietas\/wp-json\/wp\/v2\/posts\/501\/revisions\/505"}],"wp:attachment":[{"href":"https:\/\/www.somospacientes.com\/asociacion-espanola-de-sindrome-de-piernas-inquietas\/wp-json\/wp\/v2\/media?parent=501"}],"wp:term":[{"taxonomy":"category","embeddable":true,"href":"https:\/\/www.somospacientes.com\/asociacion-espanola-de-sindrome-de-piernas-inquietas\/wp-json\/wp\/v2\/categories?post=501"},{"taxonomy":"post_tag","embeddable":true,"href":"https:\/\/www.somospacientes.com\/asociacion-espanola-de-sindrome-de-piernas-inquietas\/wp-json\/wp\/v2\/tags?post=501"},{"taxonomy":"be_disease","embeddable":true,"href":"https:\/\/www.somospacientes.com\/asociacion-espanola-de-sindrome-de-piernas-inquietas\/wp-json\/wp\/v2\/be_disease?post=501"},{"taxonomy":"be_general","embeddable":true,"href":"https:\/\/www.somospacientes.com\/asociacion-espanola-de-sindrome-de-piernas-inquietas\/wp-json\/wp\/v2\/be_general?post=501"},{"taxonomy":"be_media_type","embeddable":true,"href":"https:\/\/www.somospacientes.com\/asociacion-espanola-de-sindrome-de-piernas-inquietas\/wp-json\/wp\/v2\/be_media_type?post=501"}],"curies":[{"name":"wp","href":"https:\/\/api.w.org\/{rel}","templated":true}]}}