{"id":53,"date":"2013-05-06T08:52:48","date_gmt":"2013-05-06T06:52:48","guid":{"rendered":"https:\/\/www.somospacientes.com\/asociacion-espanola-de-trasplantados\/?p=53"},"modified":"2013-05-06T08:52:48","modified_gmt":"2013-05-06T06:52:48","slug":"no-a-los-recortes-en-dependencia","status":"publish","type":"post","link":"https:\/\/www.somospacientes.com\/asociacion-espanola-de-trasplantados\/noticias\/sin-categoria\/no-a-los-recortes-en-dependencia\/","title":{"rendered":"No a los recortes en dependencia"},"content":{"rendered":"<p>No al recorte a las prestaciones de la dependencia, evitemoslo pues siempre perjudican a los m\u00e1s d\u00e9biles: enfermos cr\u00f3nicos, pensionistas y dependientes. Que el poder legislativo recorte de otro lado y no a este sector, que el Rey interceda para frenar leyes que atentan contra los espa\u00f1oles m\u00e1s vulnerables.<\/p>\n","protected":false},"excerpt":{"rendered":"<p>No al recorte a las prestaciones de la dependencia, evitemoslo pues siempre perjudican a los m\u00e1s d\u00e9biles: enfermos cr\u00f3nicos, pensionistas y dependientes. Que el poder legislativo recorte de otro lado y no a este sector, que el Rey interceda para frenar leyes que atentan contra los espa\u00f1oles m\u00e1s vulnerables.<\/p>\n","protected":false},"author":243,"featured_media":0,"comment_status":"open","ping_status":"open","sticky":false,"template":"","format":"standard","meta":{"_acf_changed":false,"footnotes":""},"categories":[1],"tags":[],"be_disease":[],"be_general":[],"be_media_type":[],"class_list":["post-53","post","type-post","status-publish","format-standard","hentry","category-sin-categoria"],"acf":[],"_links":{"self":[{"href":"https:\/\/www.somospacientes.com\/asociacion-espanola-de-trasplantados\/wp-json\/wp\/v2\/posts\/53","targetHints":{"allow":["GET"]}}],"collection":[{"href":"https:\/\/www.somospacientes.com\/asociacion-espanola-de-trasplantados\/wp-json\/wp\/v2\/posts"}],"about":[{"href":"https:\/\/www.somospacientes.com\/asociacion-espanola-de-trasplantados\/wp-json\/wp\/v2\/types\/post"}],"author":[{"embeddable":true,"href":"https:\/\/www.somospacientes.com\/asociacion-espanola-de-trasplantados\/wp-json\/wp\/v2\/users\/243"}],"replies":[{"embeddable":true,"href":"https:\/\/www.somospacientes.com\/asociacion-espanola-de-trasplantados\/wp-json\/wp\/v2\/comments?post=53"}],"version-history":[{"count":2,"href":"https:\/\/www.somospacientes.com\/asociacion-espanola-de-trasplantados\/wp-json\/wp\/v2\/posts\/53\/revisions"}],"predecessor-version":[{"id":55,"href":"https:\/\/www.somospacientes.com\/asociacion-espanola-de-trasplantados\/wp-json\/wp\/v2\/posts\/53\/revisions\/55"}],"wp:attachment":[{"href":"https:\/\/www.somospacientes.com\/asociacion-espanola-de-trasplantados\/wp-json\/wp\/v2\/media?parent=53"}],"wp:term":[{"taxonomy":"category","embeddable":true,"href":"https:\/\/www.somospacientes.com\/asociacion-espanola-de-trasplantados\/wp-json\/wp\/v2\/categories?post=53"},{"taxonomy":"post_tag","embeddable":true,"href":"https:\/\/www.somospacientes.com\/asociacion-espanola-de-trasplantados\/wp-json\/wp\/v2\/tags?post=53"},{"taxonomy":"be_disease","embeddable":true,"href":"https:\/\/www.somospacientes.com\/asociacion-espanola-de-trasplantados\/wp-json\/wp\/v2\/be_disease?post=53"},{"taxonomy":"be_general","embeddable":true,"href":"https:\/\/www.somospacientes.com\/asociacion-espanola-de-trasplantados\/wp-json\/wp\/v2\/be_general?post=53"},{"taxonomy":"be_media_type","embeddable":true,"href":"https:\/\/www.somospacientes.com\/asociacion-espanola-de-trasplantados\/wp-json\/wp\/v2\/be_media_type?post=53"}],"curies":[{"name":"wp","href":"https:\/\/api.w.org\/{rel}","templated":true}]}}