{"id":32,"date":"2012-03-08T17:41:39","date_gmt":"2012-03-08T16:41:39","guid":{"rendered":"https:\/\/www.somospacientes.com\/associacio-catalana-de-malalts-dhepatitis-asscat\/?p=32"},"modified":"2012-03-08T17:41:53","modified_gmt":"2012-03-08T16:41:53","slug":"%c2%bflos-recortes-son-mas-importantes-que-las-vidas","status":"publish","type":"post","link":"https:\/\/www.somospacientes.com\/associacio-catalana-de-malalts-dhepatitis-asscat\/noticias\/firmas\/%c2%bflos-recortes-son-mas-importantes-que-las-vidas\/","title":{"rendered":"\u00bfLos recortes son m\u00e1s importantes que las vidas?"},"content":{"rendered":"<p><a href=\"https:\/\/www.somospacientes.com\/associacio-catalana-de-malalts-dhepatitis-asscat\/files\/2012\/03\/ImagenCartaSESPA.jpg\"><img loading=\"lazy\" decoding=\"async\" class=\"size-medium wp-image-34 alignleft\" title=\"ImagenCartaSESPA\" src=\"https:\/\/www.somospacientes.com\/associacio-catalana-de-malalts-dhepatitis-asscat\/files\/2012\/03\/ImagenCartaSESPA-205x300.jpg\" alt=\"\" width=\"205\" height=\"300\" srcset=\"https:\/\/www.somospacientes.com\/associacio-catalana-de-malalts-dhepatitis-asscat\/files\/2012\/03\/ImagenCartaSESPA-205x300.jpg 205w, https:\/\/www.somospacientes.com\/associacio-catalana-de-malalts-dhepatitis-asscat\/files\/2012\/03\/ImagenCartaSESPA-34x50.jpg 34w, https:\/\/www.somospacientes.com\/associacio-catalana-de-malalts-dhepatitis-asscat\/files\/2012\/03\/ImagenCartaSESPA-102x150.jpg 102w, https:\/\/www.somospacientes.com\/associacio-catalana-de-malalts-dhepatitis-asscat\/files\/2012\/03\/ImagenCartaSESPA-58x85.jpg 58w, https:\/\/www.somospacientes.com\/associacio-catalana-de-malalts-dhepatitis-asscat\/files\/2012\/03\/ImagenCartaSESPA-104x152.jpg 104w, https:\/\/www.somospacientes.com\/associacio-catalana-de-malalts-dhepatitis-asscat\/files\/2012\/03\/ImagenCartaSESPA-323x472.jpg 323w, https:\/\/www.somospacientes.com\/associacio-catalana-de-malalts-dhepatitis-asscat\/files\/2012\/03\/ImagenCartaSESPA.jpg 526w\" sizes=\"auto, (max-width: 205px) 100vw, 205px\" \/><\/a>Muchos pacientes ya est\u00e1n sufriendo en primera persona los recortes en las prestaciones sanitarias, especialmente por las dificultades para acceder a los tratamientos. Numerosas personas se han puesto en contacto con ASSCAT para mostrar su preocupaci\u00f3n por una situaci\u00f3n que afecta directa y peligrosamente a su salud.<\/p>\n<p>A modo de ejemplo, ASSCAT quiere <a href=\"https:\/\/www.somospacientes.com\/associacio-catalana-de-malalts-dhepatitis-asscat\/files\/2012\/03\/CartaHepatitisC.pdf\">hacer p\u00fablica la carta<\/a> que Marta Isabel M. R., paciente de Hepatitis C Genotipo 1B con domicilio en Gij\u00f3n, ha remitido al SESPA (Servicio de Salud del Principado de Asturias) en la que denuncia que se le ha negado el acceso al mejor tratamiento disponible en el mercado, pese a haber sido aprobada su financiaci\u00f3n por la Comisi\u00f3n Interministerialde Precios de los Medicamentos, dependiente del Ministerio de Sanidad. La eficacia del nuevo f\u00e1rmaco supera en un 30% a los tratamientos tradicionales y dobla la tasa de curaci\u00f3n de pacientes con Hepatitis C. De acuerdo con el testimonio de la paciente, su m\u00e9dico ha reconocido que se le deniega el tratamiento m\u00e1s eficaz para esta grave enfermedad por razones econ\u00f3micas y no sanitarias.<\/p>\n<p><a href=\"https:\/\/www.somospacientes.com\/associacio-catalana-de-malalts-dhepatitis-asscat\/files\/2012\/03\/CartaHepatitisC.pdf\">Leer la carta enviada al SESPA<\/a><\/p>\n","protected":false},"excerpt":{"rendered":"<p>Muchos pacientes ya est\u00e1n sufriendo en primera persona los recortes en las prestaciones sanitarias, especialmente por las dificultades para acceder a los tratamientos. Numerosas personas se han puesto en contacto con ASSCAT para mostrar su preocupaci\u00f3n por una situaci\u00f3n que afecta directa y peligrosamente a su salud. A modo de ejemplo, ASSCAT quiere hacer p\u00fablica [&hellip;]<\/p>\n","protected":false},"author":82,"featured_media":0,"comment_status":"open","ping_status":"open","sticky":false,"template":"","format":"standard","meta":{"_acf_changed":false,"footnotes":""},"categories":[1160],"tags":[],"be_disease":[814],"be_general":[],"be_media_type":[],"class_list":["post-32","post","type-post","status-publish","format-standard","hentry","category-firmas","be_disease-hepatitis"],"acf":[],"_links":{"self":[{"href":"https:\/\/www.somospacientes.com\/associacio-catalana-de-malalts-dhepatitis-asscat\/wp-json\/wp\/v2\/posts\/32","targetHints":{"allow":["GET"]}}],"collection":[{"href":"https:\/\/www.somospacientes.com\/associacio-catalana-de-malalts-dhepatitis-asscat\/wp-json\/wp\/v2\/posts"}],"about":[{"href":"https:\/\/www.somospacientes.com\/associacio-catalana-de-malalts-dhepatitis-asscat\/wp-json\/wp\/v2\/types\/post"}],"author":[{"embeddable":true,"href":"https:\/\/www.somospacientes.com\/associacio-catalana-de-malalts-dhepatitis-asscat\/wp-json\/wp\/v2\/users\/82"}],"replies":[{"embeddable":true,"href":"https:\/\/www.somospacientes.com\/associacio-catalana-de-malalts-dhepatitis-asscat\/wp-json\/wp\/v2\/comments?post=32"}],"version-history":[{"count":6,"href":"https:\/\/www.somospacientes.com\/associacio-catalana-de-malalts-dhepatitis-asscat\/wp-json\/wp\/v2\/posts\/32\/revisions"}],"predecessor-version":[{"id":39,"href":"https:\/\/www.somospacientes.com\/associacio-catalana-de-malalts-dhepatitis-asscat\/wp-json\/wp\/v2\/posts\/32\/revisions\/39"}],"wp:attachment":[{"href":"https:\/\/www.somospacientes.com\/associacio-catalana-de-malalts-dhepatitis-asscat\/wp-json\/wp\/v2\/media?parent=32"}],"wp:term":[{"taxonomy":"category","embeddable":true,"href":"https:\/\/www.somospacientes.com\/associacio-catalana-de-malalts-dhepatitis-asscat\/wp-json\/wp\/v2\/categories?post=32"},{"taxonomy":"post_tag","embeddable":true,"href":"https:\/\/www.somospacientes.com\/associacio-catalana-de-malalts-dhepatitis-asscat\/wp-json\/wp\/v2\/tags?post=32"},{"taxonomy":"be_disease","embeddable":true,"href":"https:\/\/www.somospacientes.com\/associacio-catalana-de-malalts-dhepatitis-asscat\/wp-json\/wp\/v2\/be_disease?post=32"},{"taxonomy":"be_general","embeddable":true,"href":"https:\/\/www.somospacientes.com\/associacio-catalana-de-malalts-dhepatitis-asscat\/wp-json\/wp\/v2\/be_general?post=32"},{"taxonomy":"be_media_type","embeddable":true,"href":"https:\/\/www.somospacientes.com\/associacio-catalana-de-malalts-dhepatitis-asscat\/wp-json\/wp\/v2\/be_media_type?post=32"}],"curies":[{"name":"wp","href":"https:\/\/api.w.org\/{rel}","templated":true}]}}