{"id":80,"date":"2013-07-26T09:50:05","date_gmt":"2013-07-26T07:50:05","guid":{"rendered":"https:\/\/www.somospacientes.com\/associacio-catalana-de-malalts-dhepatitis-asscat\/?p=80"},"modified":"2013-07-26T09:51:13","modified_gmt":"2013-07-26T07:51:13","slug":"solamente-trabajando-todos-juntos-podremos-frenar-la-pandemia-de-las-hepatitis-virales","status":"publish","type":"post","link":"https:\/\/www.somospacientes.com\/associacio-catalana-de-malalts-dhepatitis-asscat\/noticias\/sin-categoria\/solamente-trabajando-todos-juntos-podremos-frenar-la-pandemia-de-las-hepatitis-virales\/","title":{"rendered":"Solamente trabajando todos juntos podremos frenar la pandemia de las hepatitis virales"},"content":{"rendered":"<p>La infecci\u00f3n por el virus de la hepatitis C (VHC) es la causa principal de <strong>hepatitis cr\u00f3nica, cirrosis y carcinoma hepatocelular<\/strong>, as\u00ed como la indicaci\u00f3n m\u00e1s frecuente de trasplante hep\u00e1tico. Seg\u00fan los datos m\u00e1s recientes de la Organizaci\u00f3n Mundial de la Salud (OMS), la hepatitis cr\u00f3nica C afecta aproximadamente a unos 150 millones de personas. Se estima que el VHC infecta cada a\u00f1o a 3-4 millones de personas y que anualmente mueren m\u00e1s de 350.000 personas por enfermedades hep\u00e1ticas relacionadas con el VHC (WHO, Fact sheet No.164, julio 2012:\u00a0<a href=\"http:\/\/www.who.int\/mediacentre\/factsheets\/fs164\/es\/index.html\">http:\/\/www.who.int\/mediacentre\/factsheets\/fs164\/es\/index.html<\/a>)<\/p>\n<p>En Espa\u00f1a se estima que <strong>800.000 personas<\/strong> padecen hepatitis C pero m\u00e1s del 60 % lo desconoce. En el per\u00edodo 2005-2009 el virus de la hepatitis C genotipo 1 fue responsable en Espa\u00f1a de 43.217 episodios de cirrosis, 12.900 c\u00e1nceres hep\u00e1ticos, 1.632 trasplantes adem\u00e1s de 27.871 muertes.<\/p>\n<p>La hepatitis B es una infecci\u00f3n hep\u00e1tica potencialmente mortal causada por el virus de la hepatitis B (VHB). Puede causar hepatopat\u00eda cr\u00f3nica y conlleva un alto riesgo de muerte por cirrosis y c\u00e1ncer hep\u00e1tico.<\/p>\n<p>Unas <strong>600.000 personas mueren cada a\u00f1o<\/strong> como consecuencia del VHB (WHO, Fact sheet No.204, julio 2012 (<a href=\"http:\/\/www.who.int\/mediacentre\/factsheets\/fs204\/es\/index.html\">http:\/\/www.who.int\/mediacentre\/factsheets\/fs204\/es\/index.html<\/a>)<\/p>\n<p>Estudios internacionales han demostrado que la progresi\u00f3n de la hepatitis C, si no se trata en las fases iniciales de la enfermedad, ocasiona al sistema de salud\u00a0 un aumento exponencial del gasto con el paso del tiempo. Por eso es tan importante abordar la hepatitis C en sus fases iniciales, informar m\u00e1s a la poblaci\u00f3n general y realizar un screnning a la poblaci\u00f3n que ha estado o est\u00e1 en situaciones de riesgo.<\/p>\n<p>Actualmente <strong>la hepatitis C mata m\u00e1s que el SIDA<\/strong>, siendo la principal causa de trasplantes de h\u00edgado. La hepatitis C es llamada la \u00abasesina silenciosa\u00bb, ya que por no presentar s\u00edntomas agrede de forma lenta y constante el h\u00edgado, llevando a 1 de cada 4 infectados a desarrollar cirrosis o c\u00e1ncer de h\u00edgado despu\u00e9s de 25 a\u00f1os de haber tenido lugar la infecci\u00f3n. En la d\u00e9cada pasada habl\u00e1bamos de una verdadera bomba viral que estallar\u00eda en a\u00f1os futuros. En la actualidad la bomba est\u00e1 empezando a causar estragos. De los pacientes actualmente diagnosticados un 57% ya se encuentran en estado avanzado de fibrosis (F3) o cirrosis (F4).<\/p>\n<p>Las organizaciones de pacientes estamos trabajando, con los pocos recursos disponibles. Una de las acciones m\u00e1s importantes que podemos realizar todos los que de una manera u otra luchamos por hacer valer los derechos de todos los afectados por la hepatitis viral, sea de manera directa o indirecta, es preparar a nuestros conciudadanos.\u00a0 La verdad es que el <strong>estigma<\/strong> a\u00fan existe y hace m\u00e1s dif\u00edcil nuestro trabajo. Los \u00a0m\u00e9dicos y los cient\u00edficos tambi\u00e9n est\u00e1n a la altura de la carga que supone la enfermedad pero los gobernantes no est\u00e1n enfrentando el problema de manera efectiva.<\/p>\n<p>La inacci\u00f3n de la administraci\u00f3n sanitaria en materia de informaci\u00f3n a la ciudadan\u00eda hace que la hepatitis viral siga su camino; la falta de informaci\u00f3n da lugar a que las personas no sean conscientes que tienen hepatitis viral, a conceptos err\u00f3neos, v\u00edas de transmisi\u00f3n, falta de concienciaci\u00f3n, sistemas de detecci\u00f3n y registros, mientras el tratamiento no sea accesible a todos los que los necesitan, tenemos mucho por hacer.<\/p>\n<p>Es urgente que el gobierno tome consciencia del problema de las hepatitis virales, que implemente acciones de prevenci\u00f3n pero tambi\u00e9n de curaci\u00f3n, en definitiva que se realice una estrategia (<strong>Plan Nacional para las Hepatitis<\/strong>) para poder combatirlas eficazmente. Para enfrentarse a una epidemia de hepatitis C, para la cual no existe vacuna, pero para la que afortunadamente existen tratamientos que curan definitivamente la enfermedad, el diagn\u00f3stico del mayor n\u00famero de infectados es el camino para evaluar las necesidades que\u00a0 implica la carga de la enfermedad, para aplicar las acciones necesarias, salvar vidas y ahorrar recursos p\u00fablicos.<\/p>\n<p><strong>Los gobernantes deben afrontar seriamente la hepatitis C<\/strong> realizando amplias campa\u00f1as de informaci\u00f3n y diagn\u00f3stico para encontrar los infectados. Es inaplazable ofrecer la prueba de la hepatitis C a toda persona con edad entre 40 y 65 a\u00f1os. Como asociaci\u00f3n comunitaria de pacientes queremos ser parte activa para afrontar el problema y en las acciones para resolverlo, pues solamente trabajando todos juntos, gobierno, sociedad civil, sociedades m\u00e9dicas, investigadores e industria farmac\u00e9utica podremos frenar la pandemia de las hepatitis virales.<\/p>\n<div>\n<p>Hay <strong>grandes expectativas con los nuevos f\u00e1rmacos<\/strong>, cada vez m\u00e1s eficaces y menos agresivos. Todo lo que necesitamos es la voluntad pol\u00edtica para apoyar la investigaci\u00f3n, desarrollar o ampliar la infraestructura para dispensar los tratamientos y facilitar el acceso generalizado al tratamiento del VHC.<\/p>\n<h5><strong>Sobre la Asociaci\u00f3n Catalana de Enfermos de Hepatitis (ASSCAT)<\/strong><\/h5>\n<\/div>\n<p>ASSCAT, asociaci\u00f3n creada en el a\u00f1o 2000, agrupa a personas afectadas por hepatitis v\u00edricas\u00a0 con el objetivo de afrontar de una forma conjunta los retos, necesidades y condicionantes que presentan estas enfermedades. ASSCAT lucha para minimizar en lo posible el impacto de la hepatitis, haciendo hincapi\u00e9 en la necesidad de un diagn\u00f3stico precoz y est\u00e1\u00a0 trabajando en la prevenci\u00f3n de la transmisi\u00f3n de las hepatitis y en la defensa de los derechos de las personas afectadas por estas enfermedades.<\/p>\n<p>&nbsp;<\/p>\n","protected":false},"excerpt":{"rendered":"<p>La infecci\u00f3n por el virus de la hepatitis C (VHC) es la causa principal de hepatitis cr\u00f3nica, cirrosis y carcinoma hepatocelular, as\u00ed como la indicaci\u00f3n m\u00e1s frecuente de trasplante hep\u00e1tico. Seg\u00fan los datos m\u00e1s recientes de la Organizaci\u00f3n Mundial de la Salud (OMS), la hepatitis cr\u00f3nica C afecta aproximadamente a unos 150 millones de personas. [&hellip;]<\/p>\n","protected":false},"author":82,"featured_media":0,"comment_status":"open","ping_status":"open","sticky":false,"template":"","format":"standard","meta":{"_acf_changed":false,"footnotes":""},"categories":[1],"tags":[],"be_disease":[814],"be_general":[],"be_media_type":[],"class_list":["post-80","post","type-post","status-publish","format-standard","hentry","category-sin-categoria","be_disease-hepatitis"],"acf":[],"_links":{"self":[{"href":"https:\/\/www.somospacientes.com\/associacio-catalana-de-malalts-dhepatitis-asscat\/wp-json\/wp\/v2\/posts\/80","targetHints":{"allow":["GET"]}}],"collection":[{"href":"https:\/\/www.somospacientes.com\/associacio-catalana-de-malalts-dhepatitis-asscat\/wp-json\/wp\/v2\/posts"}],"about":[{"href":"https:\/\/www.somospacientes.com\/associacio-catalana-de-malalts-dhepatitis-asscat\/wp-json\/wp\/v2\/types\/post"}],"author":[{"embeddable":true,"href":"https:\/\/www.somospacientes.com\/associacio-catalana-de-malalts-dhepatitis-asscat\/wp-json\/wp\/v2\/users\/82"}],"replies":[{"embeddable":true,"href":"https:\/\/www.somospacientes.com\/associacio-catalana-de-malalts-dhepatitis-asscat\/wp-json\/wp\/v2\/comments?post=80"}],"version-history":[{"count":3,"href":"https:\/\/www.somospacientes.com\/associacio-catalana-de-malalts-dhepatitis-asscat\/wp-json\/wp\/v2\/posts\/80\/revisions"}],"predecessor-version":[{"id":83,"href":"https:\/\/www.somospacientes.com\/associacio-catalana-de-malalts-dhepatitis-asscat\/wp-json\/wp\/v2\/posts\/80\/revisions\/83"}],"wp:attachment":[{"href":"https:\/\/www.somospacientes.com\/associacio-catalana-de-malalts-dhepatitis-asscat\/wp-json\/wp\/v2\/media?parent=80"}],"wp:term":[{"taxonomy":"category","embeddable":true,"href":"https:\/\/www.somospacientes.com\/associacio-catalana-de-malalts-dhepatitis-asscat\/wp-json\/wp\/v2\/categories?post=80"},{"taxonomy":"post_tag","embeddable":true,"href":"https:\/\/www.somospacientes.com\/associacio-catalana-de-malalts-dhepatitis-asscat\/wp-json\/wp\/v2\/tags?post=80"},{"taxonomy":"be_disease","embeddable":true,"href":"https:\/\/www.somospacientes.com\/associacio-catalana-de-malalts-dhepatitis-asscat\/wp-json\/wp\/v2\/be_disease?post=80"},{"taxonomy":"be_general","embeddable":true,"href":"https:\/\/www.somospacientes.com\/associacio-catalana-de-malalts-dhepatitis-asscat\/wp-json\/wp\/v2\/be_general?post=80"},{"taxonomy":"be_media_type","embeddable":true,"href":"https:\/\/www.somospacientes.com\/associacio-catalana-de-malalts-dhepatitis-asscat\/wp-json\/wp\/v2\/be_media_type?post=80"}],"curies":[{"name":"wp","href":"https:\/\/api.w.org\/{rel}","templated":true}]}}