{"id":60,"date":"2014-01-15T16:45:33","date_gmt":"2014-01-15T15:45:33","guid":{"rendered":"https:\/\/www.somospacientes.com\/ceafa\/?p=60"},"modified":"2014-01-15T16:45:59","modified_gmt":"2014-01-15T15:45:59","slug":"comunicado-de-las-organizaciones-espanolas-de-pacientes-cronicos-mas-importantes-sobre-la-implantacion-del-copago-en-farmacos-de-dispensacion-hospitalaria","status":"publish","type":"post","link":"https:\/\/www.somospacientes.com\/ceafa\/noticias\/sin-categoria\/comunicado-de-las-organizaciones-espanolas-de-pacientes-cronicos-mas-importantes-sobre-la-implantacion-del-copago-en-farmacos-de-dispensacion-hospitalaria\/","title":{"rendered":"Comunicado de las organizaciones espa\u00f1olas de pacientes cr\u00f3nicos m\u00e1s importantes sobre la implantaci\u00f3n del copago en f\u00e1rmacos de dispensaci\u00f3n hospitalaria"},"content":{"rendered":"<p>Madrid 15 de enero de 2013<\/p>\n<p>A pesar de la entrada en vigor del copago de algunos f\u00e1rmacos de dispensaci\u00f3n hospitalaria el pasado 1 de octubre en el real decreto-ley de medidas urgentes de sostenibilidad del Sistema Nacional de Salud, durante estos tres meses la medida ha quedado en suspenso por diferentes motivos. Sin embargo y ante la intenci\u00f3n del Ministerio de Sanidad de finalmente poner en marcha desde este mes de enero de 2014, recordando a las CCAA su obligado cumplimiento:<\/p>\n<p>Las organizaciones espa\u00f1olas de pacientes cr\u00f3nicos m\u00e1s importantes (representamos a m\u00e1s de 10 millones de personas) queremos mostrar p\u00fablicamente nuestro <strong>rechazo frontal a esta medida<\/strong>. Consideramos que extender el copago farmac\u00e9utico a los f\u00e1rmacos de uso hospitalario es un error y\u00a0 no entendemos qu\u00e9 objetivos persigue.<\/p>\n<p>En todo caso, queremos mostrar nuestra satisfacci\u00f3n tras el reciente anuncio por parte de la Ministra de Sanidad, Servicios Sociales e Igualdad, Ana Mato, de no poner en marcha el copago en el transporte sanitario no urgente, la prestaci\u00f3n ortoprot\u00e9sica y productos dietoter\u00e1picos atendiendo al impacto que provoca en los pacientes, criterio que sin duda debe extenderse al de los f\u00e1rmacos de dispensaci\u00f3n hospitalaria.<\/p>\n<p>Los pacientes espa\u00f1oles est\u00e1n actualmente cargando con demasiados copagos y recortes en gastos como: farmacia comunitaria, transporte adaptado y ambulancias, ayudas t\u00e9cnicas (sillas de ruedas, bastones y muletas, andadores, cojines adaptados\u2026),adaptaciones en barreras arquitect\u00f3nicas domiciliarias y atenci\u00f3n sociosanitaria especializada ( que se ha reducido en gran medida en los servicios de rehabilitaci\u00f3n ofrecidos por las asociaciones de pacientes). A ello, cabe a\u00f1adir como gasto el efecto de la reducci\u00f3n de pagas a cuidadores familiares, y la limitaci\u00f3n de ayudas en apoyo domiciliario, siendo de gran necesidad en caso de situaciones\u00a0 de dependencia.<\/p>\n<p>Esta decisi\u00f3n del ministerio de Sanidad es un gesto poco afortunado que conduce a una mayor presi\u00f3n hacia los pacientes, creando una alarma de incertidumbre respecto a su futuro ya que tal medida agrava a\u00fan m\u00e1s su dif\u00edcil situaci\u00f3n;\u00a0 debida a las dificultades asociadas a la crisis econ\u00f3mica actual, que ha reducido el acceso al empleo para personas con discapacidad y los ingresos por pensiones, agotando por ello los recursos econ\u00f3micos aportados por los familiares que ya\u00a0 no puede hacer frente a\u00a0 esta situaci\u00f3n.<\/p>\n<p>El objetivo planteado desde el propio Ministerio de Sanidad, Servicios Sociales e Igualdad de esta medida argumentando que garantiza la sostenibilidad del sistema sanitario carece en nuestra opini\u00f3n de todo sentido ya que \u00abno contribuye\u00bb a racionalizar el consumo ni sirve como instrumento de financiaci\u00f3n adicional.<\/p>\n<p>Por todo ello las entidades de pacientes abajo firmantes reclamamos al Ministerio de Sanidad, Servicios Sociales e Igualdad, que al igual que ya fue planteado en el Congreso de los Diputados anteriormente:<\/p>\n<p>1.\u00a0\u00a0\u00a0\u00a0\u00a0\u00a0\u00a0\u00a0 Derogue la disposici\u00f3n final primera del Real Decreto-ley 28\/2012, de 30 de noviembre, de medidas de consolidaci\u00f3n y garant\u00eda del sistema de la Seguridad Social y, en consecuencia, deje sin efecto la Resoluci\u00f3n de 10 de septiembre de 2013, de la Direcci\u00f3n General de Cartera B\u00e1sica de Servicios del Sistema Nacional de Salud y Farmacia, por la que se procede a modificar las condiciones de financiaci\u00f3n de medicamentos incluidos en las prestaci\u00f3n farmac\u00e9utica del Sistema Nacional de Salud mediante la asignaci\u00f3n de la aportaci\u00f3n del usuario.<\/p>\n<p>2.\u00a0\u00a0\u00a0\u00a0\u00a0\u00a0\u00a0\u00a0 Establezca un tope m\u00e1ximo de aportaci\u00f3n en la prestaci\u00f3n farmac\u00e9utica ambulatoria, similar al establecido para los pensionistas, a aquellas personas que padezcan patolog\u00edas de car\u00e1cter grave o cr\u00f3nico.\u00bb<\/p>\n<p><strong>ACCU<\/strong>, <a href=\"http:\/\/www.accuesp.com\/es\/\">Confederaci\u00f3n de Asociaciones de Crohn y Colitis Ulcerosa de Espa\u00f1a<\/a><\/p>\n<p><strong>AECC<\/strong>, <a href=\"https:\/\/www.aecc.es\">Asociaci\u00f3n Espa\u00f1ola contra el C\u00e1ncer<\/a><em><\/em><\/p>\n<p><strong>ALCER<\/strong>,\u00a0<a href=\"http:\/\/www.alcer.org\/\">Federaci\u00f3n Nacional de Asociaciones de Lucha Contra las Enfermedades Renales<\/a>;<\/p>\n<p><strong>ASEM<\/strong>,\u00a0<a href=\"http:\/\/www.asem-esp.org\/\">Federaci\u00f3n Espa\u00f1ola de Enfermedades Neuromusculares<\/a><\/p>\n<p><strong>CEAFA<\/strong>,\u00a0<a href=\"http:\/\/www.ceafa.es\/\">Confederaci\u00f3n Espa\u00f1ola de Asociaciones de Familiares de personas con Alzheimer y otras Demencias<\/a>;<\/p>\n<p><strong>CESIDA,<\/strong> <a href=\"http:\/\/www.cesida.org\/\">Coordinadora Estatal de VIH-SIDA<\/a><\/p>\n<p><strong>CONARTRITIS<\/strong>,\u00a0<a href=\"http:\/\/www.conartritis.org\/\">Coordinadora Nacional de Artritis<\/a>;<\/p>\n<p><strong>ESCLEROSIS M\u00daLTIPLE ESPA\u00d1A<\/strong>, <a href=\"http:\/\/www.esclerosismultiple.com\/\">Federaci\u00f3n Espa\u00f1ola para la Lucha contra la Esclerosis M\u00faltiple<\/a>;<\/p>\n<p><strong>FAP<\/strong>, Foro Aragon\u00e9s de Pacientes<\/p>\n<p><strong>FECMA<\/strong>, <a href=\"http:\/\/www.fecma.org\/\">Federaci\u00f3n Espa\u00f1ola de C\u00e1ncer de Mama<\/a><\/p>\n<p><strong>FENAER <\/strong>, <a href=\"http:\/\/www.fenaer.es\/\">Federaci\u00f3n<\/a> <a href=\"http:\/\/www.fenaer.es\/\">Nacional<\/a> de <a href=\"http:\/\/www.fenaer.es\/\">Asociaciones<\/a> de <a href=\"http:\/\/www.fenaer.es\/\">Enfermedades<\/a> <a href=\"http:\/\/www.fenaer.es\/\">Respiratorias<\/a><\/p>\n<p><strong>FEDE<\/strong>,\u00a0<a href=\"http:\/\/www.fedesp.es\/\">Federaci\u00f3n de Diab\u00e9ticos Espa\u00f1oles<\/a>;<\/p>\n<p><strong>FEDER<\/strong>, <a href=\"http:\/\/www.enfermedades-raras.org\/\">Federaci\u00f3n Espa\u00f1ola de enfermedades raras;<\/a><\/p>\n<p><strong>FEP<\/strong>,\u00a0<a href=\"http:\/\/www.fedesparkinson.org\/\">Federaci\u00f3n Espa\u00f1ola de Parkinson<\/a><\/p>\n","protected":false},"excerpt":{"rendered":"<p>Madrid 15 de enero de 2013 A pesar de la entrada en vigor del copago de algunos f\u00e1rmacos de dispensaci\u00f3n hospitalaria el pasado 1 de octubre en el real decreto-ley de medidas urgentes de sostenibilidad del Sistema Nacional de Salud, durante estos tres meses la medida ha quedado en suspenso por diferentes motivos. Sin embargo [&hellip;]<\/p>\n","protected":false},"author":515,"featured_media":0,"comment_status":"open","ping_status":"open","sticky":false,"template":"","format":"standard","meta":{"_acf_changed":false,"footnotes":""},"categories":[1],"tags":[],"be_disease":[],"be_general":[],"be_media_type":[],"class_list":["post-60","post","type-post","status-publish","format-standard","hentry","category-sin-categoria"],"acf":[],"_links":{"self":[{"href":"https:\/\/www.somospacientes.com\/ceafa\/wp-json\/wp\/v2\/posts\/60","targetHints":{"allow":["GET"]}}],"collection":[{"href":"https:\/\/www.somospacientes.com\/ceafa\/wp-json\/wp\/v2\/posts"}],"about":[{"href":"https:\/\/www.somospacientes.com\/ceafa\/wp-json\/wp\/v2\/types\/post"}],"author":[{"embeddable":true,"href":"https:\/\/www.somospacientes.com\/ceafa\/wp-json\/wp\/v2\/users\/515"}],"replies":[{"embeddable":true,"href":"https:\/\/www.somospacientes.com\/ceafa\/wp-json\/wp\/v2\/comments?post=60"}],"version-history":[{"count":3,"href":"https:\/\/www.somospacientes.com\/ceafa\/wp-json\/wp\/v2\/posts\/60\/revisions"}],"predecessor-version":[{"id":63,"href":"https:\/\/www.somospacientes.com\/ceafa\/wp-json\/wp\/v2\/posts\/60\/revisions\/63"}],"wp:attachment":[{"href":"https:\/\/www.somospacientes.com\/ceafa\/wp-json\/wp\/v2\/media?parent=60"}],"wp:term":[{"taxonomy":"category","embeddable":true,"href":"https:\/\/www.somospacientes.com\/ceafa\/wp-json\/wp\/v2\/categories?post=60"},{"taxonomy":"post_tag","embeddable":true,"href":"https:\/\/www.somospacientes.com\/ceafa\/wp-json\/wp\/v2\/tags?post=60"},{"taxonomy":"be_disease","embeddable":true,"href":"https:\/\/www.somospacientes.com\/ceafa\/wp-json\/wp\/v2\/be_disease?post=60"},{"taxonomy":"be_general","embeddable":true,"href":"https:\/\/www.somospacientes.com\/ceafa\/wp-json\/wp\/v2\/be_general?post=60"},{"taxonomy":"be_media_type","embeddable":true,"href":"https:\/\/www.somospacientes.com\/ceafa\/wp-json\/wp\/v2\/be_media_type?post=60"}],"curies":[{"name":"wp","href":"https:\/\/api.w.org\/{rel}","templated":true}]}}