{"id":93,"date":"2014-09-10T14:21:28","date_gmt":"2014-09-10T12:21:28","guid":{"rendered":"https:\/\/www.somospacientes.com\/ceafa\/?p=93"},"modified":"2014-09-10T14:21:28","modified_gmt":"2014-09-10T12:21:28","slug":"ceafa-reivindica-en-el-dia-mundial-del-alzheimer-que-2014-sea-el-ano-de-la-solidaridad-con-esta-enfermedad","status":"publish","type":"post","link":"https:\/\/www.somospacientes.com\/ceafa\/noticias\/sin-categoria\/ceafa-reivindica-en-el-dia-mundial-del-alzheimer-que-2014-sea-el-ano-de-la-solidaridad-con-esta-enfermedad\/","title":{"rendered":"CEAFA reivindica en el D\u00eda Mundial del Alzheimer que 2014 sea el A\u00f1o de la Solidaridad con esta enfermedad"},"content":{"rendered":"<p align=\"center\"><strong><span style=\"text-decoration: underline\">NOTA DE PRENSA<\/span><\/strong><\/p>\n<p><strong>-Solidaridad en el m\u00e1s amplio sentido, abarcando todos los sectores de la sociedad, y no s\u00f3lo a aquellas instancias que, directa o indirectamente, tengan vinculaci\u00f3n o responsabilidad sobre esta pandemia del Siglo XXI.<\/strong><\/p>\n<p><strong>-Para esta edici\u00f3n del D\u00eda Mundial del Alzheimer CEAFA cuenta con el apoyo de las empresas 3M y El Corte Ingl\u00e9s.<\/strong><\/p>\n<p><strong>&#8211; El artista y escritor Ray Loriga es la imagen de la campa\u00f1a \u201cLa lucha contra el Alzheimer contin\u00faa. Haz que este gesto se pegue\u201d. <\/strong><\/p>\n<p><strong>Madrid, 9 de septiembre de 2014<\/strong>. <strong>Koldo Aulestia<\/strong> Presidente de la Confederaci\u00f3n Espa\u00f1ola de Asociaciones de Familiares de Personas con Alzheimer y otras Demencias (CEAFA), <strong>Ray Loriga<\/strong>, artista y escritor y <strong>C\u00e9sar Ant\u00f3n, <\/strong>Director General del Imserso intervinieron esta ma\u00f1ana en la presentaci\u00f3n del D\u00eda Mundial del Alzheimer 2014 que se celebra el pr\u00f3ximo 21 de septiembre.<\/p>\n<p>Tras presentar el v\u00eddeo protagonizado por Ray Loriga con el slogan \u201cHaz que este gesto se pegue\u201d, <a href=\"http:\/\/bit.ly\/1tGXS0W\">http:\/\/bit.ly\/1tGXS0W<\/a> <strong>Koldo Aulestia<\/strong> record\u00f3 que en 2013 CEAFA <em>\u201creivindic\u00f3 una Pol\u00edtica de Estado de Alzheimer que diera respuesta eficaz a las necesidades de las personas afectadas\u201d<\/em>. Como consecuencia, pero tambi\u00e9n como muestra de sensibilidad del propio Director General del IMSERSO se cre\u00f3 el Grupo Estatal de Demencias, promovido por el Instituto de Mayores y Servicios Sociales y liderado por el Centro de Referencia Estatal del Alzheimer de Salamanca. Hoy este Grupo trabaja\u00a0 y da peque\u00f1os, pero importantes pasos, para conseguir mejor atenci\u00f3n a las personas afectadas por la enfermedad de Alzheimer y otras Demencias. El presidente de CEAFA coment\u00f3 que <em>\u201ceste Grupo es un claro exponente de la multidisciplinariedad que es necesario institucionalizar para que se garantice un abordaje integral del Alzheimer\u201d.<\/em><\/p>\n<p>Para CEAFA el Grupo Estatal de Demencias es importante y de \u00e9l se esperan avances en el plano pol\u00edtico o de representaci\u00f3n institucional. Pero no es suficiente. El Alzheimer es una enfermedad degenerativa cerebral que se ha convertido en un problema socio-sanitario que puede afectar a cualquier persona; y cada vez el n\u00famero de potenciales candidatos es mayor debido al incremento de la esperanza de vida de la poblaci\u00f3n. Por lo tanto, es necesario que esa solidaridad se extienda tambi\u00e9n a la propia sociedad, est\u00e9 o no afectada directamente por el Alzheimer.<\/p>\n<p>Por ello, CEAFA ha lanzado el Proyecto <strong>\u201cSolidarios con el Alzheimer\u201d,<\/strong> dirigido a remover conciencias y a visibilizar la sensibilidad hacia este problema socio-sanitario de las entidades (p\u00fablicas y privadas) que, en principio, no tienen vinculaci\u00f3n directa con la enfermedad. En estos momentos, m\u00e1s de 300 entidades p\u00fablicas, Ayuntamientos en su mayor\u00eda, y alrededor de 100 empresas privadas han firmado la declaraci\u00f3n Solidarios con el Alzheimer.<\/p>\n<p>Por todo ello <strong>Koldo Aulestia<\/strong> incidi\u00f3 en que <em>\u201cnecesitamos que se hable del Alzheimer en aquellos entornos en los que este asunto no es materia prioritaria; y necesitamos que se hable de una manera cordial o cotidiana, sin demagogias, sin pesimismos o connotaciones negativas innecesarias (bastante duro es el Alzheimer y todo lo que lo rodea); necesitamos, en suma, que el Alzheimer forme parte de nuestras conciencias y que nos mueva a actuar cuando sea necesario y, tambi\u00e9n, a hacer todo lo posible por prevenirlo y, en un futuro, erradicarlo. No es un sue\u00f1o, no es\u00a0 imposible\u201d<\/em>.<\/p>\n<p>Para conmemorar esta edici\u00f3n del <strong>D\u00eda Mundial del Alzheimer 2014<\/strong> CEAFA cuenta con la colaboraci\u00f3n de dos de las empresas privadas m\u00e1s prestigiosas de Espa\u00f1a: <strong>3M y El Corte Ingl\u00e9s<\/strong>. Cabe recordar que 3M, en su compromiso con el cuidado de la salud y la calidad de vida de los espa\u00f1oles, ha apoyado durante los \u00faltimos cuatro a\u00f1os campa\u00f1as en solidaridad con los enfermos de Alzheimer, lideradas en aquellas ocasiones por la Asociaci\u00f3n de Familiares de Enfermos de Alzheimer de Valencia (AFAV). Como entonces, las Notas Adhesivas Post-it\u00ae de 3M se convierten en el s\u00edmbolo de la lucha contra esta enfermedad. Por su parte, El Corte Ingl\u00e9s enmarca esta colaboraci\u00f3n dentro de sus pol\u00edticas de Responsabilidad Social Corporativa, que en su af\u00e1n por acercarse a aquellas organizaciones representativas de una parte importante\u00a0 de la sociedad, mantiene frecuentes contactos y colaboraciones con numerosas ONG y asociaciones, como en este caso con CEAFA y, de esta manera, asume su compromiso como empresa socialmente responsable.<\/p>\n<p>El artista de reconocido prestigio <strong>Ray Loriga<\/strong> tambi\u00e9n ha querido aportar su grano de arena solidario. Todos se unen a CEAFA en sinton\u00eda con su pol\u00edtica de integraci\u00f3n en la sociedad para hacer llegar el mensaje: <strong>\u201cLa lucha contra el Alzheimer contin\u00faa. Haz que este gesto se pegue\u201d.<\/strong><\/p>\n<p>Ray Loriga coment\u00f3 que \u201c<em>esta campa\u00f1a simboliza la necesidad de alcanzar el compromiso y la complicidad de todos para afrontar este, por ahora, imparable problema socio-sanitario. Ese compromiso y esa complicidad son los mejores exponentes de lo que significa ser Solidario con el Alzheimer. Porque el Alzheimer es un problema de todos\u201d<\/em>. Ray Loriga concluy\u00f3 diciendo que \u201c<em>es un orgullo para mi formar parte de esta batalla que por ahora nos va venciendo pero que Todos Juntos podemos vencer<\/em>\u201d.<\/p>\n<p>Por \u00faltimo, C\u00e9sar Ant\u00f3n, cerr\u00f3 el turno de intervenciones comentando que \u201c<em>en Espa\u00f1a la principal red de protecci\u00f3n que tenemos las personas es la familia, y por eso es hito fundamental apoyarla. Los programas que se preparan desde la administraci\u00f3n y las asociaciones son fundamentales pero la carga la lleva el cuidador<\/em>\u201d.<\/p>\n<p>El Director General del Imserso, coment\u00f3 que el Grupo Estatal de Demencias \u201c<em>esta permitiendo crear un bloque com\u00fan en la lucha contra el Alzheimer<\/em>\u201d y asegur\u00f3 que \u201c<em>antes de que acabe el a\u00f1o tenemos que tener un plan de trabajo y una hoja de ruta y nos sirva para saber que pasos tenemos que dar en el futuro\u201d. <\/em>Tambi\u00e9n C\u00e9sar Ant\u00f3n, destac\u00f3 que \u201c<em>este grupo tiene que unir a todos para saber implementar los dos aspectos que han se\u00f1alado Koldo y Ray: el sociosanitario y el social<\/em>\u201d.<\/p>\n<p>Por \u00faltimo, y para cerrar su intervenci\u00f3n, C\u00e9sar Ant\u00f3n volvi\u00f3 a destacar que \u201c<em>la familia es la principal red de protecci\u00f3n social. Uno de los momentos m\u00e1s duros es cuando tu padre no te reconoce y eso es lo que nos tiene que sensibilizar y unir, porque hay que plantarle cara a esta enfermedad y nos tiene que hacer sensibles a toda la sociedad en su conjunto<\/em>\u201d.<\/p>\n<p>Para m\u00e1s informaci\u00f3n:<\/p>\n<p><strong>CEAFA\u00a0\u00a0\u00a0\u00a0\u00a0\u00a0\u00a0\u00a0\u00a0\u00a0\u00a0\u00a0\u00a0\u00a0\u00a0\u00a0\u00a0\u00a0\u00a0\u00a0\u00a0\u00a0\u00a0\u00a0\u00a0\u00a0\u00a0\u00a0\u00a0\u00a0\u00a0\u00a0\u00a0\u00a0\u00a0\u00a0\u00a0\u00a0\u00a0\u00a0\u00a0\u00a0\u00a0\u00a0\u00a0\u00a0\u00a0\u00a0\u00a0\u00a0\u00a0\u00a0\u00a0\u00a0\u00a0\u00a0 iLUNE <\/strong><\/p>\n<p><strong>Comit\u00e9 de comunicaci\u00f3n\u00a0\u00a0\u00a0\u00a0\u00a0\u00a0\u00a0\u00a0\u00a0\u00a0\u00a0\u00a0 Gabinete de Comunicaci\u00f3n<\/strong><br \/>\nJes\u00fas Rodrigo\u00a0\u00a0\u00a0\u00a0\u00a0\u00a0\u00a0\u00a0\u00a0\u00a0\u00a0\u00a0\u00a0\u00a0\u00a0\u00a0\u00a0\u00a0\u00a0\u00a0\u00a0\u00a0\u00a0\u00a0\u00a0\u00a0\u00a0\u00a0\u00a0\u00a0\u00a0\u00a0\u00a0\u00a0\u00a0\u00a0\u00a0\u00a0\u00a0\u00a0\u00a0\u00a0\u00a0 Alberto Laiglesia<br \/>\n948 17 45 17\u00a0\u00a0\u00a0\u00a0\u00a0\u00a0\u00a0\u00a0\u00a0\u00a0\u00a0\u00a0\u00a0\u00a0\u00a0\u00a0\u00a0\u00a0\u00a0\u00a0\u00a0\u00a0\u00a0\u00a0\u00a0\u00a0\u00a0\u00a0\u00a0\u00a0\u00a0\u00a0\u00a0\u00a0\u00a0\u00a0\u00a0\u00a0\u00a0\u00a0\u00a0\u00a0\u00a0\u00a0\u00a0 Tel.: 670 423 420<br \/>\n<span style=\"text-decoration: underline\"><a href=\"http:\/\/www.ceafa.es\/\">www.ceafa.es<\/a><\/span>\u00a0\u00a0\u00a0\u00a0\u00a0\u00a0\u00a0\u00a0\u00a0\u00a0\u00a0\u00a0\u00a0\u00a0\u00a0\u00a0\u00a0\u00a0\u00a0\u00a0\u00a0\u00a0\u00a0\u00a0\u00a0\u00a0\u00a0\u00a0\u00a0\u00a0\u00a0\u00a0\u00a0\u00a0\u00a0\u00a0\u00a0\u00a0\u00a0\u00a0\u00a0\u00a0\u00a0\u00a0\u00a0 <a href=\"mailto:carlos@ilune.com\">alberto@ilune.com<\/a><\/p>\n<p>&nbsp;<\/p>\n<p><strong><br \/>\n<\/strong><\/p>\n","protected":false},"excerpt":{"rendered":"<p>NOTA DE PRENSA -Solidaridad en el m\u00e1s amplio sentido, abarcando todos los sectores de la sociedad, y no s\u00f3lo a aquellas instancias que, directa o indirectamente, tengan vinculaci\u00f3n o responsabilidad sobre esta pandemia del Siglo XXI. -Para esta edici\u00f3n del D\u00eda Mundial del Alzheimer CEAFA cuenta con el apoyo de las empresas 3M y El [&hellip;]<\/p>\n","protected":false},"author":515,"featured_media":0,"comment_status":"open","ping_status":"open","sticky":false,"template":"","format":"standard","meta":{"_acf_changed":false,"footnotes":""},"categories":[1],"tags":[],"be_disease":[663],"be_general":[],"be_media_type":[],"class_list":["post-93","post","type-post","status-publish","format-standard","hentry","category-sin-categoria","be_disease-alzheimer"],"acf":[],"_links":{"self":[{"href":"https:\/\/www.somospacientes.com\/ceafa\/wp-json\/wp\/v2\/posts\/93","targetHints":{"allow":["GET"]}}],"collection":[{"href":"https:\/\/www.somospacientes.com\/ceafa\/wp-json\/wp\/v2\/posts"}],"about":[{"href":"https:\/\/www.somospacientes.com\/ceafa\/wp-json\/wp\/v2\/types\/post"}],"author":[{"embeddable":true,"href":"https:\/\/www.somospacientes.com\/ceafa\/wp-json\/wp\/v2\/users\/515"}],"replies":[{"embeddable":true,"href":"https:\/\/www.somospacientes.com\/ceafa\/wp-json\/wp\/v2\/comments?post=93"}],"version-history":[{"count":2,"href":"https:\/\/www.somospacientes.com\/ceafa\/wp-json\/wp\/v2\/posts\/93\/revisions"}],"predecessor-version":[{"id":99,"href":"https:\/\/www.somospacientes.com\/ceafa\/wp-json\/wp\/v2\/posts\/93\/revisions\/99"}],"wp:attachment":[{"href":"https:\/\/www.somospacientes.com\/ceafa\/wp-json\/wp\/v2\/media?parent=93"}],"wp:term":[{"taxonomy":"category","embeddable":true,"href":"https:\/\/www.somospacientes.com\/ceafa\/wp-json\/wp\/v2\/categories?post=93"},{"taxonomy":"post_tag","embeddable":true,"href":"https:\/\/www.somospacientes.com\/ceafa\/wp-json\/wp\/v2\/tags?post=93"},{"taxonomy":"be_disease","embeddable":true,"href":"https:\/\/www.somospacientes.com\/ceafa\/wp-json\/wp\/v2\/be_disease?post=93"},{"taxonomy":"be_general","embeddable":true,"href":"https:\/\/www.somospacientes.com\/ceafa\/wp-json\/wp\/v2\/be_general?post=93"},{"taxonomy":"be_media_type","embeddable":true,"href":"https:\/\/www.somospacientes.com\/ceafa\/wp-json\/wp\/v2\/be_media_type?post=93"}],"curies":[{"name":"wp","href":"https:\/\/api.w.org\/{rel}","templated":true}]}}