{"id":27,"date":"2016-08-28T18:58:44","date_gmt":"2016-08-28T16:58:44","guid":{"rendered":"https:\/\/www.somospacientes.com\/cemmp\/?p=27"},"modified":"2016-08-28T18:58:44","modified_gmt":"2016-08-28T16:58:44","slug":"jornada-mieloma-multiple","status":"publish","type":"post","link":"https:\/\/www.somospacientes.com\/cemmp\/noticias\/sin-categoria\/jornada-mieloma-multiple\/","title":{"rendered":"JORNADA MIELOMA M\u00daLTIPLE"},"content":{"rendered":"<p><a href=\"https:\/\/www.somospacientes.com\/cemmp\/files\/2016\/08\/Captura-de-pantalla-2016-08-25-a-las-18.16.20.png\"><img loading=\"lazy\" decoding=\"async\" class=\" wp-image-28 aligncenter\" src=\"https:\/\/www.somospacientes.com\/cemmp\/files\/2016\/08\/Captura-de-pantalla-2016-08-25-a-las-18.16.20-300x202.png\" alt=\"Jornada MM\" width=\"497\" height=\"334\" srcset=\"https:\/\/www.somospacientes.com\/cemmp\/files\/2016\/08\/Captura-de-pantalla-2016-08-25-a-las-18.16.20-300x202.png 300w, https:\/\/www.somospacientes.com\/cemmp\/files\/2016\/08\/Captura-de-pantalla-2016-08-25-a-las-18.16.20-50x34.png 50w, https:\/\/www.somospacientes.com\/cemmp\/files\/2016\/08\/Captura-de-pantalla-2016-08-25-a-las-18.16.20-150x101.png 150w, https:\/\/www.somospacientes.com\/cemmp\/files\/2016\/08\/Captura-de-pantalla-2016-08-25-a-las-18.16.20-85x57.png 85w, https:\/\/www.somospacientes.com\/cemmp\/files\/2016\/08\/Captura-de-pantalla-2016-08-25-a-las-18.16.20-630x425.png 630w, https:\/\/www.somospacientes.com\/cemmp\/files\/2016\/08\/Captura-de-pantalla-2016-08-25-a-las-18.16.20.png 719w\" sizes=\"auto, (max-width: 497px) 100vw, 497px\" \/><\/a><\/p>\n<p>El pr\u00f3ximo 15 de septiembre se celebrar\u00e1 en Madrid un encuentro entre pacientes de mieloma m\u00faltiple e investigadores m\u00e9dicos de nuestro pa\u00eds implicados en el abordaje y tratamiento de la enfermedad.<\/p>\n<p>En esta primera jornada \u00a0nos acompa\u00f1aran la<strong><em> Dra.Maria Victoria Mateos, el Dr. Juan Jos\u00e9 Lahuerta, el Dr.Albert Oriol, el Dr.Jes\u00fas San Miguel, el Dr.Javier de la Rubia y el Dr.Bruno Paiva.<\/em><\/strong><\/p>\n<p>Dicha jornada tendr\u00e1 lugar en la sala <strong><em>Maria Zambrano<\/em><\/strong> del <strong>CIRCULO DE BELLAS ARTES<\/strong> de Madrid, de 16:00 a 20:30 de la tarde (se ruega llegada a las 15:30 para entrega de credenciales).<\/p>\n<p>La entrada es libre y gratuita pero con inscripci\u00f3n previa.<\/p>\n<p>Pueden realizar dicha inscripci\u00f3n en la\u00a0<a href=\"http:\/\/jornadamielomamultiple.com\/\" target=\"_blank\">web de la jornada<\/a>.<\/p>\n<p>Tambi\u00e9n pueden inscribirse en el\u00a0<a href=\"http:\/\/secretariatecnica@jornadamielomamultiple.com\" target=\"_blank\">correo secretaria t\u00e9cnica jornada<\/a>.<\/p>\n<p>Como pacientes escucharemos la informaci\u00f3n sobre los avances en el mieloma m\u00faltiple de mano de aquellos que mejor sabr\u00e1n cont\u00e1rnoslo.<\/p>\n<p><!--more-->Teresa Regueiro.<\/p>\n<p><strong><em>Comunidad Espa\u00f1ola de Pacientes con Mieloma M\u00faltiple.<\/em><\/strong><\/p>\n<p><strong>M\u00e1s informaci\u00f3n: tregueirolopez@gmail.com Movil 616100962<\/strong><\/p>\n","protected":false},"excerpt":{"rendered":"<p>El pr\u00f3ximo 15 de septiembre se celebrar\u00e1 en Madrid un encuentro entre pacientes de mieloma m\u00faltiple e investigadores m\u00e9dicos de nuestro pa\u00eds implicados en el abordaje y tratamiento de la enfermedad. En esta primera jornada \u00a0nos acompa\u00f1aran la Dra.Maria Victoria Mateos, el Dr. Juan Jos\u00e9 Lahuerta, el Dr.Albert Oriol, el Dr.Jes\u00fas San Miguel, el Dr.Javier [&hellip;]<\/p>\n","protected":false},"author":1330,"featured_media":28,"comment_status":"open","ping_status":"open","sticky":false,"template":"","format":"standard","meta":{"_acf_changed":false,"footnotes":""},"categories":[1],"tags":[],"be_disease":[593,615],"be_general":[556],"be_media_type":[561],"class_list":["post-27","post","type-post","status-publish","format-standard","has-post-thumbnail","hentry","category-sin-categoria","be_disease-enfermedades-raras","be_disease-mieloma","be_general-ministerio-de-sanidad","be_media_type-documentos-archivos"],"acf":[],"_links":{"self":[{"href":"https:\/\/www.somospacientes.com\/cemmp\/wp-json\/wp\/v2\/posts\/27","targetHints":{"allow":["GET"]}}],"collection":[{"href":"https:\/\/www.somospacientes.com\/cemmp\/wp-json\/wp\/v2\/posts"}],"about":[{"href":"https:\/\/www.somospacientes.com\/cemmp\/wp-json\/wp\/v2\/types\/post"}],"author":[{"embeddable":true,"href":"https:\/\/www.somospacientes.com\/cemmp\/wp-json\/wp\/v2\/users\/1330"}],"replies":[{"embeddable":true,"href":"https:\/\/www.somospacientes.com\/cemmp\/wp-json\/wp\/v2\/comments?post=27"}],"version-history":[{"count":1,"href":"https:\/\/www.somospacientes.com\/cemmp\/wp-json\/wp\/v2\/posts\/27\/revisions"}],"predecessor-version":[{"id":29,"href":"https:\/\/www.somospacientes.com\/cemmp\/wp-json\/wp\/v2\/posts\/27\/revisions\/29"}],"wp:featuredmedia":[{"embeddable":true,"href":"https:\/\/www.somospacientes.com\/cemmp\/wp-json\/wp\/v2\/media\/28"}],"wp:attachment":[{"href":"https:\/\/www.somospacientes.com\/cemmp\/wp-json\/wp\/v2\/media?parent=27"}],"wp:term":[{"taxonomy":"category","embeddable":true,"href":"https:\/\/www.somospacientes.com\/cemmp\/wp-json\/wp\/v2\/categories?post=27"},{"taxonomy":"post_tag","embeddable":true,"href":"https:\/\/www.somospacientes.com\/cemmp\/wp-json\/wp\/v2\/tags?post=27"},{"taxonomy":"be_disease","embeddable":true,"href":"https:\/\/www.somospacientes.com\/cemmp\/wp-json\/wp\/v2\/be_disease?post=27"},{"taxonomy":"be_general","embeddable":true,"href":"https:\/\/www.somospacientes.com\/cemmp\/wp-json\/wp\/v2\/be_general?post=27"},{"taxonomy":"be_media_type","embeddable":true,"href":"https:\/\/www.somospacientes.com\/cemmp\/wp-json\/wp\/v2\/be_media_type?post=27"}],"curies":[{"name":"wp","href":"https:\/\/api.w.org\/{rel}","templated":true}]}}