{"id":211,"date":"2013-11-06T09:24:24","date_gmt":"2013-11-06T08:24:24","guid":{"rendered":"https:\/\/www.somospacientes.com\/confederacion-de-asociaciones-de-enfermos-de-crohn-y-colitis-ulcerosa-de-espana\/?p=211"},"modified":"2013-11-06T09:31:15","modified_gmt":"2013-11-06T08:31:15","slug":"%e2%80%9cproyecto-artistico%e2%80%9d-para-dar-mayor-visibilidad-a-la-enfermedad-inflamatoria-intestinal","status":"publish","type":"post","link":"https:\/\/www.somospacientes.com\/confederacion-de-asociaciones-de-enfermos-de-crohn-y-colitis-ulcerosa-de-espana\/noticias\/sin-categoria\/%e2%80%9cproyecto-artistico%e2%80%9d-para-dar-mayor-visibilidad-a-la-enfermedad-inflamatoria-intestinal\/","title":{"rendered":"\u201cProyecto Art\u00edstico\u201d para dar mayor visibilidad a la Enfermedad Inflamatoria Intestinal ante la sociedad"},"content":{"rendered":"<p class=\"MsoNormal\">La <strong><span style=\"font-family: 'Calibri','sans-serif'\">Confederaci\u00f3n de asociaciones de enfermos de Crohn y Colitis Ulcerosa de Espa\u00f1a<\/span><\/strong> (<a href=\"http:\/\/www.accuesp.com\">ACCU Espa\u00f1a<\/a>) colabora en una iniciativa denominada <strong><span style=\"font-family: 'Calibri','sans-serif'\">\u201cProyecto Art\u00edstico\u201d <\/span><\/strong>junto con otras asociaciones nacionales de pacientes con enfermedades autoinmunes (Artritis y Psoriasis), el laboratorio ABBVie y Universidades de Bellas Artes espa\u00f1olas.<\/p>\n<p class=\"MsoNormal\">Esta iniciativa busca trabajar conjuntamente con los pacientes afectados por estas patolog\u00edas para dar mayor visibilidad a las enfermedades del sistema inmunitario ante la sociedad. Se pretende reflejar art\u00edsticamente la enfermedad de Crohn y la colitis ulcerosa a partir de la historia personal que relata el paciente en un encuentro con los alumnos de Bellas Artes.<\/p>\n<p>Este proyecto se est\u00e1 desarrollando tambi\u00e9n a nivel internacional en universidades de Alemania, Francia, Italia y Canad\u00e1.<br \/>\nLas convocatorias realizadas hasta ahora han tenido lugar en las facultades de<strong> Valencia, M\u00e1laga, Altea, Cuenca<\/strong>, <strong>Teruel<\/strong>, <strong>Granada, Tenerife, Sevilla, Madrid,\u00a0<\/strong> <strong>Murcia, Pontevedra y Barcelona<\/strong>.<\/p>\n<p>Las mejores obras realizadas competir\u00e1n en distintas categor\u00edas con las de universidades de otros pa\u00edses y los alumnos ganadores conseguir\u00e1n una beca.<\/p>\n<p>Adem\u00e1s ACCU Espa\u00f1a podr\u00e1 elegir uno de los trabajos, que ser\u00e1 utilizado como imagen representativa de la Confederaci\u00f3n.<\/p>\n<p>&nbsp;<\/p>\n","protected":false},"excerpt":{"rendered":"<p>La Confederaci\u00f3n de asociaciones de enfermos de Crohn y Colitis Ulcerosa de Espa\u00f1a (ACCU Espa\u00f1a) colabora en una iniciativa denominada \u201cProyecto Art\u00edstico\u201d junto con otras asociaciones nacionales de pacientes con enfermedades autoinmunes (Artritis y Psoriasis), el laboratorio ABBVie y Universidades de Bellas Artes espa\u00f1olas. Esta iniciativa busca trabajar conjuntamente con los pacientes afectados por estas [&hellip;]<\/p>\n","protected":false},"author":238,"featured_media":0,"comment_status":"open","ping_status":"open","sticky":false,"template":"","format":"standard","meta":{"_acf_changed":false,"footnotes":""},"categories":[1],"tags":[],"be_disease":[805,644],"be_general":[],"be_media_type":[],"class_list":["post-211","post","type-post","status-publish","format-standard","hentry","category-sin-categoria","be_disease-enfermedad-inflamatoria-intestinal","be_disease-trastornos-gastrointestinales"],"acf":[],"_links":{"self":[{"href":"https:\/\/www.somospacientes.com\/confederacion-de-asociaciones-de-enfermos-de-crohn-y-colitis-ulcerosa-de-espana\/wp-json\/wp\/v2\/posts\/211","targetHints":{"allow":["GET"]}}],"collection":[{"href":"https:\/\/www.somospacientes.com\/confederacion-de-asociaciones-de-enfermos-de-crohn-y-colitis-ulcerosa-de-espana\/wp-json\/wp\/v2\/posts"}],"about":[{"href":"https:\/\/www.somospacientes.com\/confederacion-de-asociaciones-de-enfermos-de-crohn-y-colitis-ulcerosa-de-espana\/wp-json\/wp\/v2\/types\/post"}],"author":[{"embeddable":true,"href":"https:\/\/www.somospacientes.com\/confederacion-de-asociaciones-de-enfermos-de-crohn-y-colitis-ulcerosa-de-espana\/wp-json\/wp\/v2\/users\/238"}],"replies":[{"embeddable":true,"href":"https:\/\/www.somospacientes.com\/confederacion-de-asociaciones-de-enfermos-de-crohn-y-colitis-ulcerosa-de-espana\/wp-json\/wp\/v2\/comments?post=211"}],"version-history":[{"count":34,"href":"https:\/\/www.somospacientes.com\/confederacion-de-asociaciones-de-enfermos-de-crohn-y-colitis-ulcerosa-de-espana\/wp-json\/wp\/v2\/posts\/211\/revisions"}],"predecessor-version":[{"id":293,"href":"https:\/\/www.somospacientes.com\/confederacion-de-asociaciones-de-enfermos-de-crohn-y-colitis-ulcerosa-de-espana\/wp-json\/wp\/v2\/posts\/211\/revisions\/293"}],"wp:attachment":[{"href":"https:\/\/www.somospacientes.com\/confederacion-de-asociaciones-de-enfermos-de-crohn-y-colitis-ulcerosa-de-espana\/wp-json\/wp\/v2\/media?parent=211"}],"wp:term":[{"taxonomy":"category","embeddable":true,"href":"https:\/\/www.somospacientes.com\/confederacion-de-asociaciones-de-enfermos-de-crohn-y-colitis-ulcerosa-de-espana\/wp-json\/wp\/v2\/categories?post=211"},{"taxonomy":"post_tag","embeddable":true,"href":"https:\/\/www.somospacientes.com\/confederacion-de-asociaciones-de-enfermos-de-crohn-y-colitis-ulcerosa-de-espana\/wp-json\/wp\/v2\/tags?post=211"},{"taxonomy":"be_disease","embeddable":true,"href":"https:\/\/www.somospacientes.com\/confederacion-de-asociaciones-de-enfermos-de-crohn-y-colitis-ulcerosa-de-espana\/wp-json\/wp\/v2\/be_disease?post=211"},{"taxonomy":"be_general","embeddable":true,"href":"https:\/\/www.somospacientes.com\/confederacion-de-asociaciones-de-enfermos-de-crohn-y-colitis-ulcerosa-de-espana\/wp-json\/wp\/v2\/be_general?post=211"},{"taxonomy":"be_media_type","embeddable":true,"href":"https:\/\/www.somospacientes.com\/confederacion-de-asociaciones-de-enfermos-de-crohn-y-colitis-ulcerosa-de-espana\/wp-json\/wp\/v2\/be_media_type?post=211"}],"curies":[{"name":"wp","href":"https:\/\/api.w.org\/{rel}","templated":true}]}}