{"id":231,"date":"2013-09-25T13:36:58","date_gmt":"2013-09-25T11:36:58","guid":{"rendered":"https:\/\/www.somospacientes.com\/confederacion-de-asociaciones-de-enfermos-de-crohn-y-colitis-ulcerosa-de-espana\/?p=231"},"modified":"2013-09-26T13:01:47","modified_gmt":"2013-09-26T11:01:47","slug":"accu-espana-celebra-en-cantabria-las-xix-jornadas-de-jovenes-para-pacientes-con-crohn-y-colitis-ulcerosa","status":"publish","type":"post","link":"https:\/\/www.somospacientes.com\/confederacion-de-asociaciones-de-enfermos-de-crohn-y-colitis-ulcerosa-de-espana\/noticias\/sin-categoria\/accu-espana-celebra-en-cantabria-las-xix-jornadas-de-jovenes-para-pacientes-con-crohn-y-colitis-ulcerosa\/","title":{"rendered":"ACCU Espa\u00f1a celebra en Cantabria las XIX Jornadas de J\u00f3venes para pacientes con Crohn y colitis ulcerosa"},"content":{"rendered":"<p><a href=\"http:\/\/accujornadasjovenes.es\/\"><img loading=\"lazy\" decoding=\"async\" class=\"alignleft size-medium wp-image-257\" src=\"https:\/\/www.somospacientes.com\/confederacion-de-asociaciones-de-enfermos-de-crohn-y-colitis-ulcerosa-de-espana\/files\/2013\/09\/jornadasjovenes-300x109.jpg\" alt=\"\" width=\"300\" height=\"109\" srcset=\"https:\/\/www.somospacientes.com\/confederacion-de-asociaciones-de-enfermos-de-crohn-y-colitis-ulcerosa-de-espana\/files\/2013\/09\/jornadasjovenes-300x109.jpg 300w, https:\/\/www.somospacientes.com\/confederacion-de-asociaciones-de-enfermos-de-crohn-y-colitis-ulcerosa-de-espana\/files\/2013\/09\/jornadasjovenes-50x18.jpg 50w, https:\/\/www.somospacientes.com\/confederacion-de-asociaciones-de-enfermos-de-crohn-y-colitis-ulcerosa-de-espana\/files\/2013\/09\/jornadasjovenes-150x54.jpg 150w, https:\/\/www.somospacientes.com\/confederacion-de-asociaciones-de-enfermos-de-crohn-y-colitis-ulcerosa-de-espana\/files\/2013\/09\/jornadasjovenes-85x31.jpg 85w, https:\/\/www.somospacientes.com\/confederacion-de-asociaciones-de-enfermos-de-crohn-y-colitis-ulcerosa-de-espana\/files\/2013\/09\/jornadasjovenes-630x230.jpg 630w, https:\/\/www.somospacientes.com\/confederacion-de-asociaciones-de-enfermos-de-crohn-y-colitis-ulcerosa-de-espana\/files\/2013\/09\/jornadasjovenes.jpg 974w\" sizes=\"auto, (max-width: 300px) 100vw, 300px\" \/><\/a><\/p>\n<p>Este mi\u00e9rcoles comienzan las <a href=\"http:\/\/accujornadasjovenes.es\/\"><strong>`Jornadas de J\u00f3venes\u00b4<\/strong><\/a>, organizadas por la <strong>Confederaci\u00f3n de asociaciones de enfermos de Crohn y Colitis Ulcerosa de Espa\u00f1a<\/strong> (<a href=\"www.accuesp.com\">ACCU Espa\u00f1a<\/a>) dirigidas a pacientes con enfermedad de Crohn y colitis ulcerosa de 16 a 33 a\u00f1os.<\/p>\n<p>El objetivo de estas jornadas es que los j\u00f3venes puedan compartir experiencias con otras personas que padecen su misma patolog\u00eda y mejorar as\u00ed el manejo de su enfermedad. Adem\u00e1s, tendr\u00e1n la oportunidad de conocer m\u00e1s sobre la Enfermedad inflamatoria Intestinal gracias a diferentes ponencias m\u00e9dicas y actividades. Durante estas Jornadas divulgativas, se realizar\u00e1 un taller sobre las peculiaridades de la Enfermedad Inflamatoria Intestinal en ni\u00f1os, otro sobre sexualidad orientado a pacientes cr\u00f3nicos, entre otras actividades socioeducativas.<\/p>\n<p>La Enfermedad Inflamatoria Intestinal (EII), que engloba la enfermedad de Crohn y la colitis ulcerosa, es una patolog\u00eda cr\u00f3nica e inflamatoria del aparato digestivo y de causa parcialmente desconocida. El n\u00famero de casos de ni\u00f1os y adolescentes diagnosticados de EII se ha triplicado en los \u00faltimos 25 a\u00f1os en Espa\u00f1a. La aparici\u00f3n de estas patolog\u00edas a edades tan tempranas supone un gran impacto f\u00edsico y emocional en los pacientes, adem\u00e1s de repercutir tambi\u00e9n a nivel social, familiar, laboral y educativo.<\/p>\n<p class=\"MsoNormal\">\u00a0<span style=\"font-size: 11.0pt;font-family: 'Arial','sans-serif'\">Para m\u00e1s informaci\u00f3n sobre estas Jornadas, contactar con ACCU Espa\u00f1a en el correo electr\u00f3nico <\/span><span style=\"font-size: 11.0pt;font-family: 'Arial','sans-serif'\">accuesp@accuesp.com, o en el tel\u00e9fono<\/span><span style=\"font-size: 11.0pt;font-family: 'Arial','sans-serif'\"> 91 542 63 26<br \/>\n<\/span><\/p>\n<p class=\"MsoNormal\">\n","protected":false},"excerpt":{"rendered":"<p>Este mi\u00e9rcoles comienzan las `Jornadas de J\u00f3venes\u00b4, organizadas por la Confederaci\u00f3n de asociaciones de enfermos de Crohn y Colitis Ulcerosa de Espa\u00f1a (ACCU Espa\u00f1a) dirigidas a pacientes con enfermedad de Crohn y colitis ulcerosa de 16 a 33 a\u00f1os. El objetivo de estas jornadas es que los j\u00f3venes puedan compartir experiencias con otras personas que [&hellip;]<\/p>\n","protected":false},"author":238,"featured_media":0,"comment_status":"open","ping_status":"open","sticky":false,"template":"","format":"standard","meta":{"_acf_changed":false,"footnotes":""},"categories":[1],"tags":[],"be_disease":[805,644],"be_general":[],"be_media_type":[],"class_list":["post-231","post","type-post","status-publish","format-standard","hentry","category-sin-categoria","be_disease-enfermedad-inflamatoria-intestinal","be_disease-trastornos-gastrointestinales"],"acf":[],"_links":{"self":[{"href":"https:\/\/www.somospacientes.com\/confederacion-de-asociaciones-de-enfermos-de-crohn-y-colitis-ulcerosa-de-espana\/wp-json\/wp\/v2\/posts\/231","targetHints":{"allow":["GET"]}}],"collection":[{"href":"https:\/\/www.somospacientes.com\/confederacion-de-asociaciones-de-enfermos-de-crohn-y-colitis-ulcerosa-de-espana\/wp-json\/wp\/v2\/posts"}],"about":[{"href":"https:\/\/www.somospacientes.com\/confederacion-de-asociaciones-de-enfermos-de-crohn-y-colitis-ulcerosa-de-espana\/wp-json\/wp\/v2\/types\/post"}],"author":[{"embeddable":true,"href":"https:\/\/www.somospacientes.com\/confederacion-de-asociaciones-de-enfermos-de-crohn-y-colitis-ulcerosa-de-espana\/wp-json\/wp\/v2\/users\/238"}],"replies":[{"embeddable":true,"href":"https:\/\/www.somospacientes.com\/confederacion-de-asociaciones-de-enfermos-de-crohn-y-colitis-ulcerosa-de-espana\/wp-json\/wp\/v2\/comments?post=231"}],"version-history":[{"count":45,"href":"https:\/\/www.somospacientes.com\/confederacion-de-asociaciones-de-enfermos-de-crohn-y-colitis-ulcerosa-de-espana\/wp-json\/wp\/v2\/posts\/231\/revisions"}],"predecessor-version":[{"id":379,"href":"https:\/\/www.somospacientes.com\/confederacion-de-asociaciones-de-enfermos-de-crohn-y-colitis-ulcerosa-de-espana\/wp-json\/wp\/v2\/posts\/231\/revisions\/379"}],"wp:attachment":[{"href":"https:\/\/www.somospacientes.com\/confederacion-de-asociaciones-de-enfermos-de-crohn-y-colitis-ulcerosa-de-espana\/wp-json\/wp\/v2\/media?parent=231"}],"wp:term":[{"taxonomy":"category","embeddable":true,"href":"https:\/\/www.somospacientes.com\/confederacion-de-asociaciones-de-enfermos-de-crohn-y-colitis-ulcerosa-de-espana\/wp-json\/wp\/v2\/categories?post=231"},{"taxonomy":"post_tag","embeddable":true,"href":"https:\/\/www.somospacientes.com\/confederacion-de-asociaciones-de-enfermos-de-crohn-y-colitis-ulcerosa-de-espana\/wp-json\/wp\/v2\/tags?post=231"},{"taxonomy":"be_disease","embeddable":true,"href":"https:\/\/www.somospacientes.com\/confederacion-de-asociaciones-de-enfermos-de-crohn-y-colitis-ulcerosa-de-espana\/wp-json\/wp\/v2\/be_disease?post=231"},{"taxonomy":"be_general","embeddable":true,"href":"https:\/\/www.somospacientes.com\/confederacion-de-asociaciones-de-enfermos-de-crohn-y-colitis-ulcerosa-de-espana\/wp-json\/wp\/v2\/be_general?post=231"},{"taxonomy":"be_media_type","embeddable":true,"href":"https:\/\/www.somospacientes.com\/confederacion-de-asociaciones-de-enfermos-de-crohn-y-colitis-ulcerosa-de-espana\/wp-json\/wp\/v2\/be_media_type?post=231"}],"curies":[{"name":"wp","href":"https:\/\/api.w.org\/{rel}","templated":true}]}}