{"id":98,"date":"2012-12-03T12:44:08","date_gmt":"2012-12-03T11:44:08","guid":{"rendered":"https:\/\/www.somospacientes.com\/confederacion-de-asociaciones-de-enfermos-de-crohn-y-colitis-ulcerosa-de-espana\/?p=98"},"modified":"2012-12-04T11:02:12","modified_gmt":"2012-12-04T10:02:12","slug":"accu-espana-solicita-que-no-se-cierre-la-sede-de-accu-canarias","status":"publish","type":"post","link":"https:\/\/www.somospacientes.com\/confederacion-de-asociaciones-de-enfermos-de-crohn-y-colitis-ulcerosa-de-espana\/noticias\/sin-categoria\/accu-espana-solicita-que-no-se-cierre-la-sede-de-accu-canarias\/","title":{"rendered":"ACCU Espa\u00f1a solicita que no se cierre la sede de ACCU Canarias"},"content":{"rendered":"<ul>\n<li>Se estima que en Espa\u00f1a hay unas 200.000 personas afectadas por la enfermedad de Crohn y la colitis ulcerosa. En la Comunidad Canaria se estima que afecta a unas 7.500 personas.<\/li>\n<\/ul>\n<ul>\n<li>ACCU Canarias presta servicio a pacientes de Enfermedad Inflamatoria Intestinal en toda la Comunidad Aut\u00f3noma de Canarias desde el a\u00f1o 1999.<\/li>\n<\/ul>\n<ul>\n<li>El Ayuntamiento de Telde, pretende retirar la cesi\u00f3n de la sede auton\u00f3mica de ACCU Canarias tras m\u00e1s de diez a\u00f1os.<\/li>\n<\/ul>\n<p><strong><a href=\"http:\/\/www.accuesp.com\/es\/\">La Confederaci\u00f3n de asociaciones de enfermos de Crohn y Colitis de Espa\u00f1a<\/a><\/strong> (ACCU Espa\u00f1a) est\u00e1 compuesta por 34 grupos de \u00e1mbito provincial y auton\u00f3mico que\u00a0 tienen como principal objetivo informar y ayudar a los pacientes de enfermedad de Crohn, colitis ulcerosa y sus familiares.<\/p>\n<p>Las asociaciones de ACCU provinciales y auton\u00f3micas realizan una labor fundamental ya que, adem\u00e1s de ofrecer informaci\u00f3n y ayuda, favorecen la Autoayuda entre los enfermos de Enfermedad Inflamatoria Intestinal.<\/p>\n<p><strong><a href=\"http:\/\/www.accucanarias.org\/\">ACCU Canarias<\/a><\/strong> es uno de los grupos que componen la Confederaci\u00f3n ACCU y \u00a0tras m\u00e1s 10 a\u00f1os trabajando de manera desinteresada en beneficio de los enfermos de Crohn y colitis ulcerosa de la Comunidad Canaria, se encuentra ante la situaci\u00f3n que el Ayuntamiento de Telde pretende rescindir la cesi\u00f3n del local en el que tiene ubicada su sede social, en donde se realizan labores de informaci\u00f3n y de autoayuda, sin ofrecer ninguna alternativa.<\/p>\n<p>Ildefonso P\u00e9rez, presidente de la Confederaci\u00f3n <strong><a href=\"http:\/\/www.accuesp.com\/es\/\">ACCU Espa\u00f1a<\/a><\/strong> solicita al Ayuntamiento de Telde, en nombre de todo el colectivo de pacientes de Enfermedad Inflamatoria Intestinal, que reconsidere su decisi\u00f3n de desalojar la sede de ACCU Canarias, ya que sin un local no pueden realizar las labores de asesoramiento,\u00a0 informaci\u00f3n y autoayuda tan necesarias para los afectados.<\/p>\n<p>Para m\u00e1s informaci\u00f3n pueden contactar con:<\/p>\n<p>Tlf: 91 542 63 26<\/p>\n<p>Correo electr\u00f3nico: <a href=\"mailto:accuesp@accuesp.com\">accuesp@accuesp.com<\/a><\/p>\n","protected":false},"excerpt":{"rendered":"<p>Se estima que en Espa\u00f1a hay unas 200.000 personas afectadas por la enfermedad de Crohn y la colitis ulcerosa. En la Comunidad Canaria se estima que afecta a unas 7.500 personas. ACCU Canarias presta servicio a pacientes de Enfermedad Inflamatoria Intestinal en toda la Comunidad Aut\u00f3noma de Canarias desde el a\u00f1o 1999. El Ayuntamiento de [&hellip;]<\/p>\n","protected":false},"author":238,"featured_media":0,"comment_status":"open","ping_status":"open","sticky":false,"template":"","format":"standard","meta":{"_acf_changed":false,"footnotes":""},"categories":[1],"tags":[],"be_disease":[],"be_general":[],"be_media_type":[],"class_list":["post-98","post","type-post","status-publish","format-standard","hentry","category-sin-categoria"],"acf":[],"_links":{"self":[{"href":"https:\/\/www.somospacientes.com\/confederacion-de-asociaciones-de-enfermos-de-crohn-y-colitis-ulcerosa-de-espana\/wp-json\/wp\/v2\/posts\/98","targetHints":{"allow":["GET"]}}],"collection":[{"href":"https:\/\/www.somospacientes.com\/confederacion-de-asociaciones-de-enfermos-de-crohn-y-colitis-ulcerosa-de-espana\/wp-json\/wp\/v2\/posts"}],"about":[{"href":"https:\/\/www.somospacientes.com\/confederacion-de-asociaciones-de-enfermos-de-crohn-y-colitis-ulcerosa-de-espana\/wp-json\/wp\/v2\/types\/post"}],"author":[{"embeddable":true,"href":"https:\/\/www.somospacientes.com\/confederacion-de-asociaciones-de-enfermos-de-crohn-y-colitis-ulcerosa-de-espana\/wp-json\/wp\/v2\/users\/238"}],"replies":[{"embeddable":true,"href":"https:\/\/www.somospacientes.com\/confederacion-de-asociaciones-de-enfermos-de-crohn-y-colitis-ulcerosa-de-espana\/wp-json\/wp\/v2\/comments?post=98"}],"version-history":[{"count":15,"href":"https:\/\/www.somospacientes.com\/confederacion-de-asociaciones-de-enfermos-de-crohn-y-colitis-ulcerosa-de-espana\/wp-json\/wp\/v2\/posts\/98\/revisions"}],"predecessor-version":[{"id":110,"href":"https:\/\/www.somospacientes.com\/confederacion-de-asociaciones-de-enfermos-de-crohn-y-colitis-ulcerosa-de-espana\/wp-json\/wp\/v2\/posts\/98\/revisions\/110"}],"wp:attachment":[{"href":"https:\/\/www.somospacientes.com\/confederacion-de-asociaciones-de-enfermos-de-crohn-y-colitis-ulcerosa-de-espana\/wp-json\/wp\/v2\/media?parent=98"}],"wp:term":[{"taxonomy":"category","embeddable":true,"href":"https:\/\/www.somospacientes.com\/confederacion-de-asociaciones-de-enfermos-de-crohn-y-colitis-ulcerosa-de-espana\/wp-json\/wp\/v2\/categories?post=98"},{"taxonomy":"post_tag","embeddable":true,"href":"https:\/\/www.somospacientes.com\/confederacion-de-asociaciones-de-enfermos-de-crohn-y-colitis-ulcerosa-de-espana\/wp-json\/wp\/v2\/tags?post=98"},{"taxonomy":"be_disease","embeddable":true,"href":"https:\/\/www.somospacientes.com\/confederacion-de-asociaciones-de-enfermos-de-crohn-y-colitis-ulcerosa-de-espana\/wp-json\/wp\/v2\/be_disease?post=98"},{"taxonomy":"be_general","embeddable":true,"href":"https:\/\/www.somospacientes.com\/confederacion-de-asociaciones-de-enfermos-de-crohn-y-colitis-ulcerosa-de-espana\/wp-json\/wp\/v2\/be_general?post=98"},{"taxonomy":"be_media_type","embeddable":true,"href":"https:\/\/www.somospacientes.com\/confederacion-de-asociaciones-de-enfermos-de-crohn-y-colitis-ulcerosa-de-espana\/wp-json\/wp\/v2\/be_media_type?post=98"}],"curies":[{"name":"wp","href":"https:\/\/api.w.org\/{rel}","templated":true}]}}