{"id":107,"date":"2012-10-29T14:36:30","date_gmt":"2012-10-29T13:36:30","guid":{"rendered":"https:\/\/www.somospacientes.com\/confederacion-espanola-de-agrupaciones-de-familiares-y-personas-con-enfermedad-mental\/?p=107"},"modified":"2012-10-29T14:36:30","modified_gmt":"2012-10-29T13:36:30","slug":"fallados-los-%e2%80%9cvi-premios-toda-una-vida-para-mejorar%e2%80%9d-para-la-integracion-social-de-las-personas-con-enfermedad-mental","status":"publish","type":"post","link":"https:\/\/www.somospacientes.com\/confederacion-espanola-de-agrupaciones-de-familiares-y-personas-con-enfermedad-mental\/noticias\/sin-categoria\/fallados-los-%e2%80%9cvi-premios-toda-una-vida-para-mejorar%e2%80%9d-para-la-integracion-social-de-las-personas-con-enfermedad-mental\/","title":{"rendered":"Fallados los \u201cVI Premios Toda Una Vida Para Mejorar\u201d para la integraci\u00f3n social de las personas con enfermedad mental"},"content":{"rendered":"<p style=\"text-align: justify\"><strong>El jurado de la VI edici\u00f3n de los Premios\u00a0\u00abToda una vida para mejorar\u00bb\u00a0\u00a0<\/strong>ha fallado en la <strong>categor\u00eda de Asociaciones<\/strong> a favor de la Asociaci\u00f3n JOIA y del proyecto \u2018Bit\u00e1cola: Un cambio de mirada\u2019 y en la <strong>categor\u00eda de Periodismo <\/strong>por el reportaje titulado <em>\u201cSi rezabas m\u00e1s fuerte, te daban otro vaso de leche\u201d<\/em> de la periodista Inma Muro, publicado en la revista Intervi\u00fa.<\/p>\n<p style=\"text-align: justify\">El proyecto <strong>\u201cBit\u00e1cola: Un cambio de mirada\u201d desarrollado por la Asociaci\u00f3n JOIA<\/strong> se ha alzado como ganador en la <strong>categor\u00eda de Asociaciones de Pacientes<\/strong>, tras valorar el jurado <strong>\u201clo novedoso de incorporar un \u2018coach\u2019 \u201d<\/strong>, formado espec\u00edficamente para dicha funci\u00f3n, en el proceso de rehabilitaci\u00f3n de las personas con enfermedad mental\u00a0\u00a0para guiarle en la adquisici\u00f3n de habilidades sociales y laborales\u201d.<\/p>\n<p>El jurado ha coincidido en destacar la <strong>visi\u00f3n positiva<\/strong> que el reportaje ofrece sobre la <strong>evoluci\u00f3n en los tratamientos <\/strong>dirigidos<strong> <\/strong>a las personas con problemas de salud mental. La publicaci\u00f3n, a trav\u00e9s de diversos testimonios, relata el <strong>cambio de paradigma que se ha dado en cuanto a las terapias aplicadas en salud mental<\/strong>, d\u00e1ndole un giro en el que la familia y la sociedad en su conjunto pasan a tener un papel fundamental como parte del tratamiento.<\/p>\n<p><strong>Premios \u201cToda Una Vida Para Mejorar\u201d<\/strong><\/p>\n<p style=\"text-align: justify\">Con estos premios se pretende fomentar <strong>la informaci\u00f3n precisa y rigurosa<\/strong> alrededor de las enfermedades mentales y distinguir aquellos proyectos de asociaciones de pacientes, instituciones o entidades espa\u00f1olas que <strong>trabajan por la integraci\u00f3n social de personas con enfermedad mental.<\/strong><\/p>\n<p style=\"text-align: justify\">Esta edici\u00f3n\u00a0 ha sido organizada por la <strong>Confederaci\u00f3n Espa\u00f1ola de Agrupaciones de Familiares y Personas con Enfermedad Mental (FEAFES)\u00a0<\/strong> <strong>con la colaboraci\u00f3n de la Sociedad Espa\u00f1ola de Psiquiatr\u00eda (SEP) y el patrocinio de Lilly<\/strong>. Cada una de los categor\u00edas premiadas est\u00e1 dotada con 9.000 euros.<\/p>\n<p style=\"text-align: justify\"><strong>Esta VI edici\u00f3n de los premios ha recibido una amplia participaci\u00f3n social, con un total de 72 trabajos presentados en sus categor\u00edas de Asociaciones (45) y Periodismo (27).<\/strong><\/p>\n<p style=\"text-align: justify\"><strong>El Jurado<\/strong><\/p>\n<p style=\"text-align: justify\">El jurado ha estado compuesto por Jos\u00e9 Mar\u00eda S\u00e1nchez Monge, presidente de la Confederaci\u00f3n Espa\u00f1ola de Agrupaciones de Familiares y Personas con Enfermedad Mental <strong>(FEAFES)<\/strong>, el Profesor Lu\u00eds Caballero, miembro del Comit\u00e9 Ejecutivo de la Sociedad Espa\u00f1ola de Psiquiatr\u00eda <strong>(SEP)<\/strong>, Carmen Mateo Alc\u00e1ntara, vocal de la Junta Directiva de la Sociedad Nacional de Informadores de la Salud <strong>(ANIS)<\/strong> y Teresa Mill\u00e1n, directora de Asuntos Corporativos de <strong>Lilly.<\/strong><\/p>\n","protected":false},"excerpt":{"rendered":"<p>El jurado de la VI edici\u00f3n de los Premios\u00a0\u00abToda una vida para mejorar\u00bb\u00a0\u00a0ha fallado en la categor\u00eda de Asociaciones a favor de la Asociaci\u00f3n JOIA y del proyecto \u2018Bit\u00e1cola: Un cambio de mirada\u2019 y en la categor\u00eda de Periodismo por el reportaje titulado \u201cSi rezabas m\u00e1s fuerte, te daban otro vaso de leche\u201d de la [&hellip;]<\/p>\n","protected":false},"author":209,"featured_media":0,"comment_status":"open","ping_status":"open","sticky":false,"template":"","format":"standard","meta":{"_acf_changed":false,"footnotes":""},"categories":[1],"tags":[],"be_disease":[646],"be_general":[],"be_media_type":[],"class_list":["post-107","post","type-post","status-publish","format-standard","hentry","category-sin-categoria","be_disease-salud-mental"],"acf":[],"_links":{"self":[{"href":"https:\/\/www.somospacientes.com\/confederacion-espanola-de-agrupaciones-de-familiares-y-personas-con-enfermedad-mental\/wp-json\/wp\/v2\/posts\/107","targetHints":{"allow":["GET"]}}],"collection":[{"href":"https:\/\/www.somospacientes.com\/confederacion-espanola-de-agrupaciones-de-familiares-y-personas-con-enfermedad-mental\/wp-json\/wp\/v2\/posts"}],"about":[{"href":"https:\/\/www.somospacientes.com\/confederacion-espanola-de-agrupaciones-de-familiares-y-personas-con-enfermedad-mental\/wp-json\/wp\/v2\/types\/post"}],"author":[{"embeddable":true,"href":"https:\/\/www.somospacientes.com\/confederacion-espanola-de-agrupaciones-de-familiares-y-personas-con-enfermedad-mental\/wp-json\/wp\/v2\/users\/209"}],"replies":[{"embeddable":true,"href":"https:\/\/www.somospacientes.com\/confederacion-espanola-de-agrupaciones-de-familiares-y-personas-con-enfermedad-mental\/wp-json\/wp\/v2\/comments?post=107"}],"version-history":[{"count":3,"href":"https:\/\/www.somospacientes.com\/confederacion-espanola-de-agrupaciones-de-familiares-y-personas-con-enfermedad-mental\/wp-json\/wp\/v2\/posts\/107\/revisions"}],"predecessor-version":[{"id":110,"href":"https:\/\/www.somospacientes.com\/confederacion-espanola-de-agrupaciones-de-familiares-y-personas-con-enfermedad-mental\/wp-json\/wp\/v2\/posts\/107\/revisions\/110"}],"wp:attachment":[{"href":"https:\/\/www.somospacientes.com\/confederacion-espanola-de-agrupaciones-de-familiares-y-personas-con-enfermedad-mental\/wp-json\/wp\/v2\/media?parent=107"}],"wp:term":[{"taxonomy":"category","embeddable":true,"href":"https:\/\/www.somospacientes.com\/confederacion-espanola-de-agrupaciones-de-familiares-y-personas-con-enfermedad-mental\/wp-json\/wp\/v2\/categories?post=107"},{"taxonomy":"post_tag","embeddable":true,"href":"https:\/\/www.somospacientes.com\/confederacion-espanola-de-agrupaciones-de-familiares-y-personas-con-enfermedad-mental\/wp-json\/wp\/v2\/tags?post=107"},{"taxonomy":"be_disease","embeddable":true,"href":"https:\/\/www.somospacientes.com\/confederacion-espanola-de-agrupaciones-de-familiares-y-personas-con-enfermedad-mental\/wp-json\/wp\/v2\/be_disease?post=107"},{"taxonomy":"be_general","embeddable":true,"href":"https:\/\/www.somospacientes.com\/confederacion-espanola-de-agrupaciones-de-familiares-y-personas-con-enfermedad-mental\/wp-json\/wp\/v2\/be_general?post=107"},{"taxonomy":"be_media_type","embeddable":true,"href":"https:\/\/www.somospacientes.com\/confederacion-espanola-de-agrupaciones-de-familiares-y-personas-con-enfermedad-mental\/wp-json\/wp\/v2\/be_media_type?post=107"}],"curies":[{"name":"wp","href":"https:\/\/api.w.org\/{rel}","templated":true}]}}