{"id":114,"date":"2013-01-09T16:33:00","date_gmt":"2013-01-09T15:33:00","guid":{"rendered":"https:\/\/www.somospacientes.com\/confederacion-espanola-de-agrupaciones-de-familiares-y-personas-con-enfermedad-mental\/?p=114"},"modified":"2013-01-09T16:33:00","modified_gmt":"2013-01-09T15:33:00","slug":"los-viajes-del-imserso-una-%e2%80%9cterapia-diferente%e2%80%9d-para-700-personas-con-enfermedad-mental","status":"publish","type":"post","link":"https:\/\/www.somospacientes.com\/confederacion-espanola-de-agrupaciones-de-familiares-y-personas-con-enfermedad-mental\/noticias\/sin-categoria\/los-viajes-del-imserso-una-%e2%80%9cterapia-diferente%e2%80%9d-para-700-personas-con-enfermedad-mental\/","title":{"rendered":"Los viajes del IMSERSO, una \u201cterapia diferente\u201d para 700 personas con enfermedad mental"},"content":{"rendered":"<p style=\"text-align: justify\">\u201cDespejarme de lo cotidiano\u201d, \u201csalir de la rutina\u201d, o \u201chacer cosas nuevas\u201d. As\u00ed describen su experiencia algunas de las 699 personas con enfermedad mental que durante 2012 participaron en un viaje promovido por el IMSERSO\u00a0 a trav\u00e9s de las entidades miembro de FEAFES.\u00a0\u00a0<\/p>\n<p style=\"text-align: justify\">Desde la Confederaci\u00f3n FEAFES, que gestiona este programa para que sus asociaciones miembro lo lleven a cabo, destacan que estos viajes suponen <strong>una \u201cterapia diferente\u201d para las personas con alg\u00fan tipo de trastorno mental,<\/strong> que pueden disfrutar de uno de estos viajes de una semana de duraci\u00f3n a precios reducidos.<\/p>\n<p style=\"text-align: justify\"><img loading=\"lazy\" decoding=\"async\" src=\"http:\/\/feafes.org\/wp-content\/uploads\/2012\/12\/Viaje-FEAFES-IMSERSO-300x225.jpg\" alt=\"\" width=\"325\" height=\"234\" \/><\/p>\n<p style=\"text-align: justify\">\u00a0<\/p>\n<p style=\"text-align: justify\">Para el presidente de FEAFES, Jos\u00e9 Mar\u00eda S\u00e1nchez Monge, este tipo de experiencias pueden suponer <strong>\u201cun antes y un despu\u00e9s\u201d en la recuperaci\u00f3n<\/strong> de los participantes. Desde esta entidad se\u00f1alan que en \u201cdemasiadas ocasiones\u201d, las personas con un problema de salud mental ven <strong>limitado su derecho al ocio \u201cpor culpa del estigma<\/strong> <strong>social frente a ellos<\/strong>, las consecuencias de la propia enfermedad y el tratamiento recibido, as\u00ed como por una dif\u00edcil situaci\u00f3n econ\u00f3mica\u201d.<\/p>\n<p style=\"text-align: justify\">M\u00e1s de <strong>50 asociaciones miembro de FEAFES<\/strong>, de 14 Comunidades Aut\u00f3nomas diferentes, participaron en el <strong>programa de viajes financiado por el IMSERSO<\/strong>, dependiente del Ministerio de Sanidad, Servicios Sociales e Igualdad, para ofrecer a sus socios la oportunidad de conocer destinos tur\u00edsticos como Canarias, Baleares, la costa mediterr\u00e1nea o Asturias. Con esta iniciativa, desde FEAFES se proponen ante todo potenciar la autonom\u00eda de los participantes a trav\u00e9s de <strong>una<\/strong> <strong>experiencia \u201ccon un alto valor terap\u00e9utico\u201d<\/strong> para ellos, seg\u00fan la entidad.<\/p>\n<p><strong><\/strong>\u00a0<\/p>\n<p><a href=\"https:\/\/www.somospacientes.com\/confederacion-espanola-de-agrupaciones-de-familiares-y-personas-con-enfermedad-mental\/?attachment_id=13600\" rel=\"attachment wp-att-13600\"><img loading=\"lazy\" decoding=\"async\" src=\"http:\/\/feafes.org\/wp-content\/uploads\/2012\/12\/Altea-225x300.jpg\" alt=\"\" width=\"225\" height=\"300\" \/><\/a><\/p>\n<p style=\"text-align: justify\">Seg\u00fan el informe presentado por la Confederaci\u00f3n FEAFES, la mayor\u00eda de los participantes en este programa siente que le ha sido <strong>\u00fatil para su desarrollo personal<\/strong>. De hecho, la satisfacci\u00f3n global con la actividad se sit\u00faa por encima del 90%.<\/p>\n<p style=\"text-align: justify\">\u201cEstas son mis primeras vacaciones\u201d, aseguraba un participante que se declaraba \u201cmuy satisfecho\u201d conla experiencia. Otrosse\u00f1alaron que el viaje les hab\u00eda ayudado para \u201cvalorarse a s\u00ed mismo\u201d, \u201crelacionarme m\u00e1s\u201d, o \u201cconocer cosas nuevas\u201d.<\/p>\n<p style=\"text-align: justify\">Desde las asociaciones de personas con enfermedad mental y familiares <strong>conf\u00edan en mantener este tipo de programas de ocio<\/strong>, que consideran \u201cclave\u201d para su recuperaci\u00f3n. Porque como dec\u00eda un socio de una de las entidades participantes, esos d\u00edas de viaje fueron para \u00e9l \u201cuna verdadera terapia\u201d.<\/p>\n<p style=\"text-align: justify\">\u00a0<\/p>\n","protected":false},"excerpt":{"rendered":"<p>\u201cDespejarme de lo cotidiano\u201d, \u201csalir de la rutina\u201d, o \u201chacer cosas nuevas\u201d. As\u00ed describen su experiencia algunas de las 699 personas con enfermedad mental que durante 2012 participaron en un viaje promovido por el IMSERSO\u00a0 a trav\u00e9s de las entidades miembro de FEAFES.\u00a0\u00a0 Desde la Confederaci\u00f3n FEAFES, que gestiona este programa para que sus asociaciones [&hellip;]<\/p>\n","protected":false},"author":209,"featured_media":0,"comment_status":"open","ping_status":"open","sticky":false,"template":"","format":"standard","meta":{"_acf_changed":false,"footnotes":""},"categories":[1],"tags":[],"be_disease":[646],"be_general":[],"be_media_type":[],"class_list":["post-114","post","type-post","status-publish","format-standard","hentry","category-sin-categoria","be_disease-salud-mental"],"acf":[],"_links":{"self":[{"href":"https:\/\/www.somospacientes.com\/confederacion-espanola-de-agrupaciones-de-familiares-y-personas-con-enfermedad-mental\/wp-json\/wp\/v2\/posts\/114","targetHints":{"allow":["GET"]}}],"collection":[{"href":"https:\/\/www.somospacientes.com\/confederacion-espanola-de-agrupaciones-de-familiares-y-personas-con-enfermedad-mental\/wp-json\/wp\/v2\/posts"}],"about":[{"href":"https:\/\/www.somospacientes.com\/confederacion-espanola-de-agrupaciones-de-familiares-y-personas-con-enfermedad-mental\/wp-json\/wp\/v2\/types\/post"}],"author":[{"embeddable":true,"href":"https:\/\/www.somospacientes.com\/confederacion-espanola-de-agrupaciones-de-familiares-y-personas-con-enfermedad-mental\/wp-json\/wp\/v2\/users\/209"}],"replies":[{"embeddable":true,"href":"https:\/\/www.somospacientes.com\/confederacion-espanola-de-agrupaciones-de-familiares-y-personas-con-enfermedad-mental\/wp-json\/wp\/v2\/comments?post=114"}],"version-history":[{"count":5,"href":"https:\/\/www.somospacientes.com\/confederacion-espanola-de-agrupaciones-de-familiares-y-personas-con-enfermedad-mental\/wp-json\/wp\/v2\/posts\/114\/revisions"}],"predecessor-version":[{"id":119,"href":"https:\/\/www.somospacientes.com\/confederacion-espanola-de-agrupaciones-de-familiares-y-personas-con-enfermedad-mental\/wp-json\/wp\/v2\/posts\/114\/revisions\/119"}],"wp:attachment":[{"href":"https:\/\/www.somospacientes.com\/confederacion-espanola-de-agrupaciones-de-familiares-y-personas-con-enfermedad-mental\/wp-json\/wp\/v2\/media?parent=114"}],"wp:term":[{"taxonomy":"category","embeddable":true,"href":"https:\/\/www.somospacientes.com\/confederacion-espanola-de-agrupaciones-de-familiares-y-personas-con-enfermedad-mental\/wp-json\/wp\/v2\/categories?post=114"},{"taxonomy":"post_tag","embeddable":true,"href":"https:\/\/www.somospacientes.com\/confederacion-espanola-de-agrupaciones-de-familiares-y-personas-con-enfermedad-mental\/wp-json\/wp\/v2\/tags?post=114"},{"taxonomy":"be_disease","embeddable":true,"href":"https:\/\/www.somospacientes.com\/confederacion-espanola-de-agrupaciones-de-familiares-y-personas-con-enfermedad-mental\/wp-json\/wp\/v2\/be_disease?post=114"},{"taxonomy":"be_general","embeddable":true,"href":"https:\/\/www.somospacientes.com\/confederacion-espanola-de-agrupaciones-de-familiares-y-personas-con-enfermedad-mental\/wp-json\/wp\/v2\/be_general?post=114"},{"taxonomy":"be_media_type","embeddable":true,"href":"https:\/\/www.somospacientes.com\/confederacion-espanola-de-agrupaciones-de-familiares-y-personas-con-enfermedad-mental\/wp-json\/wp\/v2\/be_media_type?post=114"}],"curies":[{"name":"wp","href":"https:\/\/api.w.org\/{rel}","templated":true}]}}