{"id":131,"date":"2013-03-04T10:53:37","date_gmt":"2013-03-04T09:53:37","guid":{"rendered":"https:\/\/www.somospacientes.com\/confederacion-espanola-de-agrupaciones-de-familiares-y-personas-con-enfermedad-mental\/?p=131"},"modified":"2013-03-04T10:53:37","modified_gmt":"2013-03-04T09:53:37","slug":"cines-restaurantes-bares-teatros-y-bibliotecas-de-madrid-abren-sus-puertas-a-la-salud-mental","status":"publish","type":"post","link":"https:\/\/www.somospacientes.com\/confederacion-espanola-de-agrupaciones-de-familiares-y-personas-con-enfermedad-mental\/noticias\/sin-categoria\/cines-restaurantes-bares-teatros-y-bibliotecas-de-madrid-abren-sus-puertas-a-la-salud-mental\/","title":{"rendered":"Cines, restaurantes, bares, teatros y bibliotecas de Madrid abren sus puertas a la Salud Mental"},"content":{"rendered":"<p style=\"text-align: justify\"><strong>La Confederaci\u00f3n FEAFES\u00a0 <\/strong>distribuir\u00e1, a trav\u00e9s de Cool Cards, <strong>20.000 postales en cines, restaurantes, locales de ocio, teatros, bibliotecas y otros puntos de ocio y cultura<\/strong> de Madrid, con el fin de concienciar a la sociedad de que la salud mental es un tema que ata\u00f1e a todos por igual.<\/p>\n<p><img loading=\"lazy\" decoding=\"async\" src=\"http:\/\/feafes.org\/wp-content\/uploads\/2013\/03\/Cool-Cards-1-179x300.jpg\" alt=\"Cool Cards 1\" width=\"179\" height=\"300\" \/><\/p>\n<p style=\"text-align: justify\">Se trata de una acci\u00f3n englobada en la segunda edici\u00f3n de la campa\u00f1a de sensibilizaci\u00f3n <strong>\u2018La Salud Mental Tambi\u00e9n Va Contigo\u00bb <\/strong>desarrollada por la <strong>Confederaci\u00f3n FEAFES<\/strong> con la colaboraci\u00f3n de la <strong>Fundaci\u00f3n AstraZeneca<\/strong> y que persigue la erradicaci\u00f3n del estigma que acompa\u00f1a a los trastornos mentales a trav\u00e9s de la concienciaci\u00f3n de la sociedad.<\/p>\n<p style=\"text-align: justify\"><strong>Entre los d\u00edas 4 y 17 de marzo se colocar\u00e1n 20.000 postales en 200 expositores<\/strong> distribuidos en diferentes locales de ocio y espect\u00e1culos de Madrid, con el fin de que la gente que acuda a estos lugares pueda recogerlas de manera gratuita, se informe sobre la campa\u00f1a y tenga tambi\u00e9n la oportunidad de regalarlas a sus contactos.<\/p>\n<p style=\"text-align: justify\"><strong>Alcance de la campa\u00f1a<\/strong><\/p>\n<p style=\"text-align: justify\">Seg\u00fan la empresa distribuidora de las postales, Cool Cards, se espera que cada una de las tarjetas sea vista por una media de 3,3 personas, lo que supondr\u00eda, que <strong>el mensaje de \u2018La Salud Mental Tambi\u00e9n Va Contigo\u2019 llegar\u00eda a un m\u00ednimo de 66.000 personas<\/strong> en los 15 d\u00edas en los que estar\u00e1 presente en las calles de Madrid.<\/p>\n<p style=\"text-align: justify\">Se ha elegido Madrid como lugar para realizar esta acci\u00f3n debido, por un lado, al gran n\u00famero de personas al que se puede llegar y por otro a que la capital cuenta con un p\u00fablico objetivo muy variado, que seg\u00fan Cool Cards, entre otras caracter\u00edsticas <strong><em>\u201cest\u00e1 muy sensibilizado con las causas sociales\u201d<\/em>.<\/strong><\/p>\n<p><strong><a href=\"https:\/\/www.somospacientes.com\/confederacion-espanola-de-agrupaciones-de-familiares-y-personas-con-enfermedad-mental\/?attachment_id=14663\" rel=\"attachment wp-att-14663\"><img loading=\"lazy\" decoding=\"async\" src=\"http:\/\/feafes.org\/wp-content\/uploads\/2013\/03\/Cool-Cards-2-179x300.jpg\" alt=\"Cool Cards 2\" width=\"143\" height=\"240\" \/><\/a><\/strong><\/p>\n<p style=\"text-align: justify\"><strong>El dise\u00f1o postal<\/strong><\/p>\n<p style=\"text-align: justify\">La imagen de la campa\u00f1a ser\u00e1 el trabajo que obtuvo el premio del <strong>I Concurs<\/strong><strong>o\u00a0de fotograf\u00eda \u2018Im\u00e1genes cotidianas de la\u00a0<\/strong><strong>Salud Mental. Sue\u00f1os y Realidades\u2019 sobre Enfermedad Mental que convoc\u00f3 FEAFES<\/strong> y que el pasado 8 de octubre recibi\u00f3 el fot\u00f3grafo navarro Jos\u00e9 Luis Pujol.<\/p>\n<p style=\"text-align: justify\">Adem\u00e1s, en el reverso de la postal se incluyen una serie de <strong>recomendacione<\/strong>s que pretenden que la persona que reciba la tarjeta reflexione sobre si cuida correctamente y mantiene unos <strong>h\u00e1bitos de vida saludables que prevengan la aparici\u00f3n de trastornos mentales.<\/strong><\/p>\n","protected":false},"excerpt":{"rendered":"<p>La Confederaci\u00f3n FEAFES\u00a0 distribuir\u00e1, a trav\u00e9s de Cool Cards, 20.000 postales en cines, restaurantes, locales de ocio, teatros, bibliotecas y otros puntos de ocio y cultura de Madrid, con el fin de concienciar a la sociedad de que la salud mental es un tema que ata\u00f1e a todos por igual. Se trata de una acci\u00f3n [&hellip;]<\/p>\n","protected":false},"author":209,"featured_media":0,"comment_status":"open","ping_status":"open","sticky":false,"template":"","format":"standard","meta":{"_acf_changed":false,"footnotes":""},"categories":[1],"tags":[],"be_disease":[646],"be_general":[],"be_media_type":[],"class_list":["post-131","post","type-post","status-publish","format-standard","hentry","category-sin-categoria","be_disease-salud-mental"],"acf":[],"_links":{"self":[{"href":"https:\/\/www.somospacientes.com\/confederacion-espanola-de-agrupaciones-de-familiares-y-personas-con-enfermedad-mental\/wp-json\/wp\/v2\/posts\/131","targetHints":{"allow":["GET"]}}],"collection":[{"href":"https:\/\/www.somospacientes.com\/confederacion-espanola-de-agrupaciones-de-familiares-y-personas-con-enfermedad-mental\/wp-json\/wp\/v2\/posts"}],"about":[{"href":"https:\/\/www.somospacientes.com\/confederacion-espanola-de-agrupaciones-de-familiares-y-personas-con-enfermedad-mental\/wp-json\/wp\/v2\/types\/post"}],"author":[{"embeddable":true,"href":"https:\/\/www.somospacientes.com\/confederacion-espanola-de-agrupaciones-de-familiares-y-personas-con-enfermedad-mental\/wp-json\/wp\/v2\/users\/209"}],"replies":[{"embeddable":true,"href":"https:\/\/www.somospacientes.com\/confederacion-espanola-de-agrupaciones-de-familiares-y-personas-con-enfermedad-mental\/wp-json\/wp\/v2\/comments?post=131"}],"version-history":[{"count":4,"href":"https:\/\/www.somospacientes.com\/confederacion-espanola-de-agrupaciones-de-familiares-y-personas-con-enfermedad-mental\/wp-json\/wp\/v2\/posts\/131\/revisions"}],"predecessor-version":[{"id":135,"href":"https:\/\/www.somospacientes.com\/confederacion-espanola-de-agrupaciones-de-familiares-y-personas-con-enfermedad-mental\/wp-json\/wp\/v2\/posts\/131\/revisions\/135"}],"wp:attachment":[{"href":"https:\/\/www.somospacientes.com\/confederacion-espanola-de-agrupaciones-de-familiares-y-personas-con-enfermedad-mental\/wp-json\/wp\/v2\/media?parent=131"}],"wp:term":[{"taxonomy":"category","embeddable":true,"href":"https:\/\/www.somospacientes.com\/confederacion-espanola-de-agrupaciones-de-familiares-y-personas-con-enfermedad-mental\/wp-json\/wp\/v2\/categories?post=131"},{"taxonomy":"post_tag","embeddable":true,"href":"https:\/\/www.somospacientes.com\/confederacion-espanola-de-agrupaciones-de-familiares-y-personas-con-enfermedad-mental\/wp-json\/wp\/v2\/tags?post=131"},{"taxonomy":"be_disease","embeddable":true,"href":"https:\/\/www.somospacientes.com\/confederacion-espanola-de-agrupaciones-de-familiares-y-personas-con-enfermedad-mental\/wp-json\/wp\/v2\/be_disease?post=131"},{"taxonomy":"be_general","embeddable":true,"href":"https:\/\/www.somospacientes.com\/confederacion-espanola-de-agrupaciones-de-familiares-y-personas-con-enfermedad-mental\/wp-json\/wp\/v2\/be_general?post=131"},{"taxonomy":"be_media_type","embeddable":true,"href":"https:\/\/www.somospacientes.com\/confederacion-espanola-de-agrupaciones-de-familiares-y-personas-con-enfermedad-mental\/wp-json\/wp\/v2\/be_media_type?post=131"}],"curies":[{"name":"wp","href":"https:\/\/api.w.org\/{rel}","templated":true}]}}