{"id":179,"date":"2013-09-19T15:04:41","date_gmt":"2013-09-19T13:04:41","guid":{"rendered":"https:\/\/www.somospacientes.com\/confederacion-espanola-de-agrupaciones-de-familiares-y-personas-con-enfermedad-mental\/?p=179"},"modified":"2013-09-19T15:04:42","modified_gmt":"2013-09-19T13:04:42","slug":"feafes-organiza-el-concierto-%e2%80%98unidos-por-la-salud-mental%e2%80%99","status":"publish","type":"post","link":"https:\/\/www.somospacientes.com\/confederacion-espanola-de-agrupaciones-de-familiares-y-personas-con-enfermedad-mental\/noticias\/sin-categoria\/feafes-organiza-el-concierto-%e2%80%98unidos-por-la-salud-mental%e2%80%99\/","title":{"rendered":"FEAFES organiza el concierto \u2018Unidos por la Salud Mental\u2019"},"content":{"rendered":"<p>Los cantautores <strong>Andr\u00e9s Su\u00e1rez, Luis Ramiro y Javier \u00c1lvarez juntar\u00e1n sus voces en el concierto solidario \u201cUnidos por la Salud Mental\u201d<\/strong>, organizado por FEAFES, entidad que trabaja a favor de las personas con enfermedad mental y sus familias.<\/p>\n<p><a href=\"https:\/\/www.somospacientes.com\/confederacion-espanola-de-agrupaciones-de-familiares-y-personas-con-enfermedad-mental\/?attachment_id=17199\" rel=\"attachment wp-att-17199\"><img loading=\"lazy\" decoding=\"async\" src=\"http:\/\/feafes.org\/wp-content\/uploads\/2013\/09\/Cartel-concierto-DMSM2.jpg\" alt=\"Cartel concierto DMSM\" width=\"514\" height=\"348\" \/><\/a><\/p>\n<p>El recital tendr\u00e1 lugar <strong>en la sala madrile\u00f1a Galileo Galilei el 9 de octubre a las 21h.<\/strong>, con motivo del D\u00eda Mundial de la Salud Mental que se celebra un d\u00eda despu\u00e9s. A los tres cantautores se unir\u00e1 el grupo de folk- rock <strong>Ma\u00edndo<\/strong>. El concierto tendr\u00e1 un precio de 10 euros.<\/p>\n<p><em><strong><a href=\"http:\/\/www.ticketea.com\/entradas-andres-suarez-luis-ramiro-javier-alvarez-maind-madrid\" target=\"_blank\">PINCHA AQU\u00cd Y COMPRA TUS ENTRADAS.<\/a><\/strong><\/em><\/p>\n","protected":false},"excerpt":{"rendered":"<p>Los cantautores Andr\u00e9s Su\u00e1rez, Luis Ramiro y Javier \u00c1lvarez juntar\u00e1n sus voces en el concierto solidario \u201cUnidos por la Salud Mental\u201d, organizado por FEAFES, entidad que trabaja a favor de las personas con enfermedad mental y sus familias. El recital tendr\u00e1 lugar en la sala madrile\u00f1a Galileo Galilei el 9 de octubre a las 21h., [&hellip;]<\/p>\n","protected":false},"author":209,"featured_media":0,"comment_status":"open","ping_status":"open","sticky":false,"template":"","format":"standard","meta":{"_acf_changed":false,"footnotes":""},"categories":[1],"tags":[],"be_disease":[646],"be_general":[],"be_media_type":[],"class_list":["post-179","post","type-post","status-publish","format-standard","hentry","category-sin-categoria","be_disease-salud-mental"],"acf":[],"_links":{"self":[{"href":"https:\/\/www.somospacientes.com\/confederacion-espanola-de-agrupaciones-de-familiares-y-personas-con-enfermedad-mental\/wp-json\/wp\/v2\/posts\/179","targetHints":{"allow":["GET"]}}],"collection":[{"href":"https:\/\/www.somospacientes.com\/confederacion-espanola-de-agrupaciones-de-familiares-y-personas-con-enfermedad-mental\/wp-json\/wp\/v2\/posts"}],"about":[{"href":"https:\/\/www.somospacientes.com\/confederacion-espanola-de-agrupaciones-de-familiares-y-personas-con-enfermedad-mental\/wp-json\/wp\/v2\/types\/post"}],"author":[{"embeddable":true,"href":"https:\/\/www.somospacientes.com\/confederacion-espanola-de-agrupaciones-de-familiares-y-personas-con-enfermedad-mental\/wp-json\/wp\/v2\/users\/209"}],"replies":[{"embeddable":true,"href":"https:\/\/www.somospacientes.com\/confederacion-espanola-de-agrupaciones-de-familiares-y-personas-con-enfermedad-mental\/wp-json\/wp\/v2\/comments?post=179"}],"version-history":[{"count":5,"href":"https:\/\/www.somospacientes.com\/confederacion-espanola-de-agrupaciones-de-familiares-y-personas-con-enfermedad-mental\/wp-json\/wp\/v2\/posts\/179\/revisions"}],"predecessor-version":[{"id":184,"href":"https:\/\/www.somospacientes.com\/confederacion-espanola-de-agrupaciones-de-familiares-y-personas-con-enfermedad-mental\/wp-json\/wp\/v2\/posts\/179\/revisions\/184"}],"wp:attachment":[{"href":"https:\/\/www.somospacientes.com\/confederacion-espanola-de-agrupaciones-de-familiares-y-personas-con-enfermedad-mental\/wp-json\/wp\/v2\/media?parent=179"}],"wp:term":[{"taxonomy":"category","embeddable":true,"href":"https:\/\/www.somospacientes.com\/confederacion-espanola-de-agrupaciones-de-familiares-y-personas-con-enfermedad-mental\/wp-json\/wp\/v2\/categories?post=179"},{"taxonomy":"post_tag","embeddable":true,"href":"https:\/\/www.somospacientes.com\/confederacion-espanola-de-agrupaciones-de-familiares-y-personas-con-enfermedad-mental\/wp-json\/wp\/v2\/tags?post=179"},{"taxonomy":"be_disease","embeddable":true,"href":"https:\/\/www.somospacientes.com\/confederacion-espanola-de-agrupaciones-de-familiares-y-personas-con-enfermedad-mental\/wp-json\/wp\/v2\/be_disease?post=179"},{"taxonomy":"be_general","embeddable":true,"href":"https:\/\/www.somospacientes.com\/confederacion-espanola-de-agrupaciones-de-familiares-y-personas-con-enfermedad-mental\/wp-json\/wp\/v2\/be_general?post=179"},{"taxonomy":"be_media_type","embeddable":true,"href":"https:\/\/www.somospacientes.com\/confederacion-espanola-de-agrupaciones-de-familiares-y-personas-con-enfermedad-mental\/wp-json\/wp\/v2\/be_media_type?post=179"}],"curies":[{"name":"wp","href":"https:\/\/api.w.org\/{rel}","templated":true}]}}