{"id":28,"date":"2012-03-13T16:53:07","date_gmt":"2012-03-13T15:53:07","guid":{"rendered":"https:\/\/www.somospacientes.com\/confederacion-espanola-de-agrupaciones-de-familiares-y-personas-con-enfermedad-mental\/?p=28"},"modified":"2012-03-14T11:16:01","modified_gmt":"2012-03-14T10:16:01","slug":"la-falta-de-informacion-supone-un-%e2%80%9cgrave-obstaculo%e2%80%9d-en-el-tratamiento-a-los-trastornos-mentales","status":"publish","type":"post","link":"https:\/\/www.somospacientes.com\/confederacion-espanola-de-agrupaciones-de-familiares-y-personas-con-enfermedad-mental\/noticias\/sin-categoria\/la-falta-de-informacion-supone-un-%e2%80%9cgrave-obstaculo%e2%80%9d-en-el-tratamiento-a-los-trastornos-mentales\/","title":{"rendered":"La falta de informaci\u00f3n supone un \u201cgrave obst\u00e1culo\u201d en el tratamiento a los trastornos mentales"},"content":{"rendered":"<p>&nbsp;<\/p>\n<p><span style=\"font-family: Arial;font-size: x-small\"><a href=\"https:\/\/www.somospacientes.com\/confederacion-espanola-de-agrupaciones-de-familiares-y-personas-con-enfermedad-mental\/files\/2012\/03\/FEAFES-IMAGOTIPO-cuadrado-ok.jpg\"><img loading=\"lazy\" decoding=\"async\" class=\"alignleft size-thumbnail wp-image-35\" style=\"margin-left: 5px;margin-right: 5px\" src=\"https:\/\/www.somospacientes.com\/confederacion-espanola-de-agrupaciones-de-familiares-y-personas-con-enfermedad-mental\/files\/2012\/03\/FEAFES-IMAGOTIPO-cuadrado-ok-150x150.jpg\" alt=\"\" width=\"150\" height=\"150\" srcset=\"https:\/\/www.somospacientes.com\/confederacion-espanola-de-agrupaciones-de-familiares-y-personas-con-enfermedad-mental\/files\/2012\/03\/FEAFES-IMAGOTIPO-cuadrado-ok-150x150.jpg 150w, https:\/\/www.somospacientes.com\/confederacion-espanola-de-agrupaciones-de-familiares-y-personas-con-enfermedad-mental\/files\/2012\/03\/FEAFES-IMAGOTIPO-cuadrado-ok-125x125.jpg 125w, https:\/\/www.somospacientes.com\/confederacion-espanola-de-agrupaciones-de-familiares-y-personas-con-enfermedad-mental\/files\/2012\/03\/FEAFES-IMAGOTIPO-cuadrado-ok-50x50.jpg 50w, https:\/\/www.somospacientes.com\/confederacion-espanola-de-agrupaciones-de-familiares-y-personas-con-enfermedad-mental\/files\/2012\/03\/FEAFES-IMAGOTIPO-cuadrado-ok-141x141.jpg 141w, https:\/\/www.somospacientes.com\/confederacion-espanola-de-agrupaciones-de-familiares-y-personas-con-enfermedad-mental\/files\/2012\/03\/FEAFES-IMAGOTIPO-cuadrado-ok-85x85.jpg 85w\" sizes=\"auto, (max-width: 150px) 100vw, 150px\" \/><\/a><\/span><\/p>\n<p align=\"justify\">La <strong>informaci\u00f3n<\/strong> clara y completa debe ser una <strong>parte fundamental en el tratamiento<\/strong> de los trastornos mentales. As\u00ed lo ha manifestado hoy el presidente de la Confederaci\u00f3n Espa\u00f1ola de Agrupaciones de Familiares y Personas con Enfermedad Mental (FEAFES), Jos\u00e9 Mar\u00eda S\u00e1nchez Monge, quien ha reclamado que los servicios de atenci\u00f3n en salud mental concedan m\u00e1s importancia a este aspecto, seg\u00fan \u00e9l, \u201cmuchas veces olvidado\u201d.<\/p>\n<p><!--more--><\/p>\n<p>&nbsp;<\/p>\n<p>&nbsp;<\/p>\n<p align=\"justify\">\u201cEn el momento de recibir el diagn\u00f3stico de un trastorno mental, <strong>una informaci\u00f3n oportuna puede ahorrar mucha angustia <\/strong>a la persona diagnosticada y a su entorno\u201d, argument\u00f3 S\u00e1nchez Monge.\u00a0FEAFES \u00a0reclama que desde la detecci\u00f3n de un problema de salud mental se ofrezca a los interesados <strong>la posibilidad de conocer las caracter\u00edsticas de ese trastorno<\/strong>, los recursos existentes, as\u00ed como las prestaciones a las que esa persona tiene derecho.<\/p>\n<p>&nbsp;<\/p>\n<p align=\"justify\">Desde las asociaciones de personas con enfermedad mental y familiares reclaman que tanto los psiquiatras como los m\u00e9dicos de atenci\u00f3n primaria consideren <strong>la informaci\u00f3n un \u201celemento clave\u201d en el tratamiento <\/strong>que ofrecen a la persona con un problema de salud mental, y no como \u201cun extra\u201d dentro de la atenci\u00f3n a este tipo de trastornos. Seg\u00fan S\u00e1nchez Monge, la falta de informaci\u00f3n puede suponer \u201cun grave obst\u00e1culo\u201d en la recuperaci\u00f3n de un problema de salud mental\u201d.<\/p>\n<p>&nbsp;<\/p>\n<p align=\"justify\">\u201cUna informaci\u00f3n oportuna no s\u00f3lo tiene una funci\u00f3n tranquilizadora, o de utilidad pr\u00e1ctica, sino que sirve para que <strong>la persona con enfermedad mental conozca sus derechos y est\u00e9 en condiciones de ejercerlos<\/strong>\u201d, explic\u00f3 el presidente de FEAFES. Estar bien informado ser\u00eda por tanto el primer paso de cara a lograr la \u201c<strong>m\u00e1xima<\/strong> <strong>autonom\u00eda posible<\/strong>\u201d y tener una \u201c<strong>plena<\/strong> <strong>capacidad de decisi\u00f3n<\/strong>\u201d.<\/p>\n<p>&nbsp;<\/p>\n<p align=\"justify\">Adem\u00e1s, desde\u00a0FEAFES se\u00f1alan <strong>la necesidad de programas psicoeducativos <\/strong>para que, tanto las personas afectadas como sus familiares, tengan las herramientas apropiadas para que la aparici\u00f3n de un trastorno mental afecte lo menos posible su vida cotidiana. Ante la falta de este tipo de iniciativas, muchas de las <strong>entidades\u00a0FEAFES<\/strong> han puesto en marcha diversos programas<strong> <\/strong>para cubrir esta necesidad de su colectivo.<\/p>\n<p>&nbsp;<\/p>\n<p><strong>Un servicio de apoyo<\/strong><\/p>\n<p>&nbsp;<\/p>\n<p align=\"justify\">La Confederaci\u00f3n FEAFES ofrece un <strong>servicio gratuito<\/strong> en el que tanto el conjunto de la sociedad como los profesionales del \u00e1mbito de la salud mental pueden <strong>recibir informaci\u00f3n \u00a0documentaci\u00f3n<\/strong> de referencia acerca de las caracter\u00edsticas de trastornos, los recursos y ayudas existentes, as\u00ed como asesoramiento jur\u00eddico.<\/p>\n<p>&nbsp;<\/p>\n<p align=\"justify\">El a\u00f1o pasado estos servicios recibieron m\u00e1s de <strong>1.500 solicitudes de informaci\u00f3n<\/strong>, la mayor\u00eda por parte de las propias personas con enfermedad mental y sus familiares. Desde la entidad consideran que muchas de estas peticiones muestran un <strong>alto nivel de desinformaci\u00f3n<\/strong> por parte de las personas afectadas en <strong>\u201caspectos b\u00e1sicos\u201d <\/strong>relacionados con la recuperaci\u00f3n y la convivencia con este tipo de trastornos.<\/p>\n<p>&nbsp;<\/p>\n<p align=\"justify\">Para contactar con el <strong>servicio gratuito de Informaci\u00f3n y Asesor\u00eda Jur\u00eddica<\/strong> de la Confederaci\u00f3n\u00a0FEAFES puedes llamar al <strong>91 507 92 48<\/strong>, o a trav\u00e9s del correo electr\u00f3nico <a href=\"mailto:ceifem@feafes.com\">ceifem@feafes.com<\/a>.<\/p>\n<p>&nbsp;<\/p>\n","protected":false},"excerpt":{"rendered":"<p>&nbsp; La informaci\u00f3n clara y completa debe ser una parte fundamental en el tratamiento de los trastornos mentales. As\u00ed lo ha manifestado hoy el presidente de la Confederaci\u00f3n Espa\u00f1ola de Agrupaciones de Familiares y Personas con Enfermedad Mental (FEAFES), Jos\u00e9 Mar\u00eda S\u00e1nchez Monge, quien ha reclamado que los servicios de atenci\u00f3n en salud mental concedan [&hellip;]<\/p>\n","protected":false},"author":209,"featured_media":35,"comment_status":"open","ping_status":"open","sticky":false,"template":"","format":"standard","meta":{"_acf_changed":false,"footnotes":""},"categories":[1],"tags":[],"be_disease":[646],"be_general":[],"be_media_type":[],"class_list":["post-28","post","type-post","status-publish","format-standard","has-post-thumbnail","hentry","category-sin-categoria","be_disease-salud-mental"],"acf":[],"_links":{"self":[{"href":"https:\/\/www.somospacientes.com\/confederacion-espanola-de-agrupaciones-de-familiares-y-personas-con-enfermedad-mental\/wp-json\/wp\/v2\/posts\/28","targetHints":{"allow":["GET"]}}],"collection":[{"href":"https:\/\/www.somospacientes.com\/confederacion-espanola-de-agrupaciones-de-familiares-y-personas-con-enfermedad-mental\/wp-json\/wp\/v2\/posts"}],"about":[{"href":"https:\/\/www.somospacientes.com\/confederacion-espanola-de-agrupaciones-de-familiares-y-personas-con-enfermedad-mental\/wp-json\/wp\/v2\/types\/post"}],"author":[{"embeddable":true,"href":"https:\/\/www.somospacientes.com\/confederacion-espanola-de-agrupaciones-de-familiares-y-personas-con-enfermedad-mental\/wp-json\/wp\/v2\/users\/209"}],"replies":[{"embeddable":true,"href":"https:\/\/www.somospacientes.com\/confederacion-espanola-de-agrupaciones-de-familiares-y-personas-con-enfermedad-mental\/wp-json\/wp\/v2\/comments?post=28"}],"version-history":[{"count":14,"href":"https:\/\/www.somospacientes.com\/confederacion-espanola-de-agrupaciones-de-familiares-y-personas-con-enfermedad-mental\/wp-json\/wp\/v2\/posts\/28\/revisions"}],"predecessor-version":[{"id":45,"href":"https:\/\/www.somospacientes.com\/confederacion-espanola-de-agrupaciones-de-familiares-y-personas-con-enfermedad-mental\/wp-json\/wp\/v2\/posts\/28\/revisions\/45"}],"wp:featuredmedia":[{"embeddable":true,"href":"https:\/\/www.somospacientes.com\/confederacion-espanola-de-agrupaciones-de-familiares-y-personas-con-enfermedad-mental\/wp-json\/wp\/v2\/media\/35"}],"wp:attachment":[{"href":"https:\/\/www.somospacientes.com\/confederacion-espanola-de-agrupaciones-de-familiares-y-personas-con-enfermedad-mental\/wp-json\/wp\/v2\/media?parent=28"}],"wp:term":[{"taxonomy":"category","embeddable":true,"href":"https:\/\/www.somospacientes.com\/confederacion-espanola-de-agrupaciones-de-familiares-y-personas-con-enfermedad-mental\/wp-json\/wp\/v2\/categories?post=28"},{"taxonomy":"post_tag","embeddable":true,"href":"https:\/\/www.somospacientes.com\/confederacion-espanola-de-agrupaciones-de-familiares-y-personas-con-enfermedad-mental\/wp-json\/wp\/v2\/tags?post=28"},{"taxonomy":"be_disease","embeddable":true,"href":"https:\/\/www.somospacientes.com\/confederacion-espanola-de-agrupaciones-de-familiares-y-personas-con-enfermedad-mental\/wp-json\/wp\/v2\/be_disease?post=28"},{"taxonomy":"be_general","embeddable":true,"href":"https:\/\/www.somospacientes.com\/confederacion-espanola-de-agrupaciones-de-familiares-y-personas-con-enfermedad-mental\/wp-json\/wp\/v2\/be_general?post=28"},{"taxonomy":"be_media_type","embeddable":true,"href":"https:\/\/www.somospacientes.com\/confederacion-espanola-de-agrupaciones-de-familiares-y-personas-con-enfermedad-mental\/wp-json\/wp\/v2\/be_media_type?post=28"}],"curies":[{"name":"wp","href":"https:\/\/api.w.org\/{rel}","templated":true}]}}