{"id":299,"date":"2014-09-09T14:31:16","date_gmt":"2014-09-09T12:31:16","guid":{"rendered":"https:\/\/www.somospacientes.com\/confederacion-espanola-de-agrupaciones-de-familiares-y-personas-con-enfermedad-mental\/?p=299"},"modified":"2014-09-09T14:31:16","modified_gmt":"2014-09-09T12:31:16","slug":"feafes-lanza-%e2%80%98equilicua%e2%80%99-un-juego-de-preguntas-y-respuestas-sobre-salud-mental","status":"publish","type":"post","link":"https:\/\/www.somospacientes.com\/confederacion-espanola-de-agrupaciones-de-familiares-y-personas-con-enfermedad-mental\/noticias\/sin-categoria\/feafes-lanza-%e2%80%98equilicua%e2%80%99-un-juego-de-preguntas-y-respuestas-sobre-salud-mental\/","title":{"rendered":"FEAFES lanza \u2018Equilicu\u00e1\u2019, un juego de preguntas y respuestas sobre salud mental"},"content":{"rendered":"<p>&nbsp;<\/p>\n<p><img decoding=\"async\" class=\"alignleft\" src=\"http:\/\/feafes.org\/wp-content\/uploads\/2014\/09\/Captura.jpg\" alt=\"\" \/><\/p>\n<p>&nbsp;<\/p>\n<p>&nbsp;<\/p>\n<p>&nbsp;<\/p>\n<p style=\"text-align: justify\">La Confederaci\u00f3n Espa\u00f1ola de Agrupaciones de Familiares y Personas con Enfermedad Mental (FEAFES), con la colaboraci\u00f3n de la Fundaci\u00f3n AstraZeneca, lanza un juego on-line de preguntas y respuestas\u00a0<strong>\u00edntegramente dedicadas al \u00e1mbito de la salud mental.<\/strong><\/p>\n<p style=\"text-align: justify\">\u00bfCrees que sabr\u00edas responder a preguntas como:\u00a0<em>\u2018\u00bfLa enfermedad mental es lo mismo que la discapacidad intelectual?\u2019,\u00a0<strong>\u2018\u00bfQu\u00e9 pel\u00edcula de Jack Nicholson trata el Trastorno Obsesivo Compulsivo<\/strong>? o \u2018\u00bfQu\u00e9 incluye el tratamiento integral para las personas con enfermedad mental?\u2019?<\/em><\/p>\n<p style=\"text-align: justify\"><a href=\"http:\/\/feafes.org\/wp-content\/uploads\/2014\/09\/Pantalla-web-equilicua.jpg\"><img loading=\"lazy\" decoding=\"async\" src=\"http:\/\/feafes.org\/wp-content\/uploads\/2014\/09\/Pantalla-web-equilicua.jpg\" alt=\"Pantalla web equilicua\" width=\"358\" height=\"195\" \/><\/a><\/p>\n<p style=\"text-align: justify\">Este es el reto que propone\u00a0<strong>\u2018<a title=\"Entradas etiquetadas con Equilicu\u00e1\" href=\"http:\/\/feafes.org\/tag\/equilicua\/\" rel=\"tag\">Equilicu\u00e1<\/a>. Errores y aciertos sobre salud mental\u2019.<\/strong>\u00a0M\u00e1s de\u00a0<strong>300 preguntas<\/strong>\u00a0divididas en las categor\u00edas de \u201cMi realidad\u201d, \u201cBienestar\u201d, \u201cCultura\u201d e \u201cHistoria y Actualidad\u201d a las que habr\u00e1 que contestar teniendo la posibilidad<strong>de elegir tem\u00e1tica, n\u00famero de preguntas y tiempo<\/strong>\u00a0de respuesta para cada una de ellas.<\/p>\n<p style=\"text-align: justify\">A la aplicaci\u00f3n se accede a trav\u00e9s del siguiente\u00a0<a href=\"http:\/\/equilicua.feafes.org\/\">www.equilicua.feafes.org<\/a>\u00a0y una vez dentro, se pu<a href=\"http:\/\/feafes.org\/wp-content\/uploads\/2014\/09\/Captura.jpg\"><br \/>\n<\/a>ede jugar en partidas ya creadas por otros usuarios sin necesidad de registrarse o bien, existe la posibilidad de<strong>crear partidas personalizadas\u00a0<\/strong>si el usuario se ha registrado previamente.<\/p>\n<p style=\"text-align: justify\">Este juego, adem\u00e1s de ser divertido y entretenido,\u00a0<strong>tiene un alto componente educativo<\/strong>, por lo que se convierte en una potente herramienta de apoyo en todas aquellas acciones formativas que est\u00e9n relacionadas con la salud mental.<\/p>\n<p style=\"text-align: justify\">\u201cEquilicu\u00e1. Errores y aciertos sobre salud mental\u201d forma parte de una campa\u00f1a de\u00a0<a title=\"Entradas etiquetadas con Sensibilizaci\u00f3n\" href=\"http:\/\/feafes.org\/tag\/sensibilizacion\/\" rel=\"tag\">sensibilizaci\u00f3n<\/a>\u00a0y<strong>concienciaci\u00f3n sobre los trastornos mentales<\/strong>\u00a0puesta en marcha por la Confederaci\u00f3n FEAFES y la Fundaci\u00f3n AstraZeneca en 2013 y es el resultado del concurso de ideas sobre campa\u00f1as de sensibilizaci\u00f3n\u00a0<strong>\u201cProyecta tu idea. Juntos contra el estigma\u201d<\/strong>, del que la asociaci\u00f3n madrile\u00f1a\u00a0<strong><a title=\"Entradas etiquetadas con ALUSAMEN\" href=\"http:\/\/feafes.org\/tag\/alusamen-3\/\" rel=\"tag\">ALUSAMEN<\/a><\/strong>\u00a0result\u00f3 ganadora por su candidatura \u201cLa salud mental no es algo trivial\u201d.<\/p>\n","protected":false},"excerpt":{"rendered":"<p>&nbsp; &nbsp; &nbsp; &nbsp; La Confederaci\u00f3n Espa\u00f1ola de Agrupaciones de Familiares y Personas con Enfermedad Mental (FEAFES), con la colaboraci\u00f3n de la Fundaci\u00f3n AstraZeneca, lanza un juego on-line de preguntas y respuestas\u00a0\u00edntegramente dedicadas al \u00e1mbito de la salud mental. \u00bfCrees que sabr\u00edas responder a preguntas como:\u00a0\u2018\u00bfLa enfermedad mental es lo mismo que la discapacidad intelectual?\u2019,\u00a0\u2018\u00bfQu\u00e9 [&hellip;]<\/p>\n","protected":false},"author":209,"featured_media":0,"comment_status":"open","ping_status":"open","sticky":false,"template":"","format":"standard","meta":{"_acf_changed":false,"footnotes":""},"categories":[1],"tags":[],"be_disease":[646],"be_general":[],"be_media_type":[],"class_list":["post-299","post","type-post","status-publish","format-standard","hentry","category-sin-categoria","be_disease-salud-mental"],"acf":[],"_links":{"self":[{"href":"https:\/\/www.somospacientes.com\/confederacion-espanola-de-agrupaciones-de-familiares-y-personas-con-enfermedad-mental\/wp-json\/wp\/v2\/posts\/299","targetHints":{"allow":["GET"]}}],"collection":[{"href":"https:\/\/www.somospacientes.com\/confederacion-espanola-de-agrupaciones-de-familiares-y-personas-con-enfermedad-mental\/wp-json\/wp\/v2\/posts"}],"about":[{"href":"https:\/\/www.somospacientes.com\/confederacion-espanola-de-agrupaciones-de-familiares-y-personas-con-enfermedad-mental\/wp-json\/wp\/v2\/types\/post"}],"author":[{"embeddable":true,"href":"https:\/\/www.somospacientes.com\/confederacion-espanola-de-agrupaciones-de-familiares-y-personas-con-enfermedad-mental\/wp-json\/wp\/v2\/users\/209"}],"replies":[{"embeddable":true,"href":"https:\/\/www.somospacientes.com\/confederacion-espanola-de-agrupaciones-de-familiares-y-personas-con-enfermedad-mental\/wp-json\/wp\/v2\/comments?post=299"}],"version-history":[{"count":1,"href":"https:\/\/www.somospacientes.com\/confederacion-espanola-de-agrupaciones-de-familiares-y-personas-con-enfermedad-mental\/wp-json\/wp\/v2\/posts\/299\/revisions"}],"predecessor-version":[{"id":300,"href":"https:\/\/www.somospacientes.com\/confederacion-espanola-de-agrupaciones-de-familiares-y-personas-con-enfermedad-mental\/wp-json\/wp\/v2\/posts\/299\/revisions\/300"}],"wp:attachment":[{"href":"https:\/\/www.somospacientes.com\/confederacion-espanola-de-agrupaciones-de-familiares-y-personas-con-enfermedad-mental\/wp-json\/wp\/v2\/media?parent=299"}],"wp:term":[{"taxonomy":"category","embeddable":true,"href":"https:\/\/www.somospacientes.com\/confederacion-espanola-de-agrupaciones-de-familiares-y-personas-con-enfermedad-mental\/wp-json\/wp\/v2\/categories?post=299"},{"taxonomy":"post_tag","embeddable":true,"href":"https:\/\/www.somospacientes.com\/confederacion-espanola-de-agrupaciones-de-familiares-y-personas-con-enfermedad-mental\/wp-json\/wp\/v2\/tags?post=299"},{"taxonomy":"be_disease","embeddable":true,"href":"https:\/\/www.somospacientes.com\/confederacion-espanola-de-agrupaciones-de-familiares-y-personas-con-enfermedad-mental\/wp-json\/wp\/v2\/be_disease?post=299"},{"taxonomy":"be_general","embeddable":true,"href":"https:\/\/www.somospacientes.com\/confederacion-espanola-de-agrupaciones-de-familiares-y-personas-con-enfermedad-mental\/wp-json\/wp\/v2\/be_general?post=299"},{"taxonomy":"be_media_type","embeddable":true,"href":"https:\/\/www.somospacientes.com\/confederacion-espanola-de-agrupaciones-de-familiares-y-personas-con-enfermedad-mental\/wp-json\/wp\/v2\/be_media_type?post=299"}],"curies":[{"name":"wp","href":"https:\/\/api.w.org\/{rel}","templated":true}]}}