{"id":390,"date":"2013-10-21T10:50:55","date_gmt":"2013-10-21T08:50:55","guid":{"rendered":"https:\/\/www.somospacientes.com\/confederacion-espanola-de-familias-de-personas-sordas-fiapas\/?p=390"},"modified":"2013-10-22T09:11:41","modified_gmt":"2013-10-22T07:11:41","slug":"la-once-apoya-la-labor-de-la-confederacion-espanola-de-familias-de-personas-sordas","status":"publish","type":"post","link":"https:\/\/www.somospacientes.com\/confederacion-espanola-de-familias-de-personas-sordas-fiapas\/noticias\/sin-categoria\/la-once-apoya-la-labor-de-la-confederacion-espanola-de-familias-de-personas-sordas\/","title":{"rendered":"LA ONCE APOYA LA LABOR DE LA CONFEDERACI\u00d3N ESPA\u00d1OLA DE FAMILIAS DE PERSONAS SORDAS"},"content":{"rendered":"<p><a href=\"https:\/\/www.somospacientes.com\/confederacion-espanola-de-familias-de-personas-sordas-fiapas\/files\/2013\/10\/Cupon-FIAPAS_Aniversario1.jpg\"><img loading=\"lazy\" decoding=\"async\" class=\"alignleft size-large wp-image-392\" style=\"border: 2px solid black;margin: 10px\" src=\"https:\/\/www.somospacientes.com\/confederacion-espanola-de-familias-de-personas-sordas-fiapas\/files\/2013\/10\/Cupon-FIAPAS_Aniversario1-1024x731.jpg\" alt=\"\" width=\"400\" height=\"287\" srcset=\"https:\/\/www.somospacientes.com\/confederacion-espanola-de-familias-de-personas-sordas-fiapas\/files\/2013\/10\/Cupon-FIAPAS_Aniversario1-1024x731.jpg 1024w, https:\/\/www.somospacientes.com\/confederacion-espanola-de-familias-de-personas-sordas-fiapas\/files\/2013\/10\/Cupon-FIAPAS_Aniversario1-300x214.jpg 300w, https:\/\/www.somospacientes.com\/confederacion-espanola-de-familias-de-personas-sordas-fiapas\/files\/2013\/10\/Cupon-FIAPAS_Aniversario1-50x35.jpg 50w, https:\/\/www.somospacientes.com\/confederacion-espanola-de-familias-de-personas-sordas-fiapas\/files\/2013\/10\/Cupon-FIAPAS_Aniversario1-150x107.jpg 150w, https:\/\/www.somospacientes.com\/confederacion-espanola-de-familias-de-personas-sordas-fiapas\/files\/2013\/10\/Cupon-FIAPAS_Aniversario1-85x60.jpg 85w, https:\/\/www.somospacientes.com\/confederacion-espanola-de-familias-de-personas-sordas-fiapas\/files\/2013\/10\/Cupon-FIAPAS_Aniversario1.jpg 1500w\" sizes=\"auto, (max-width: 400px) 100vw, 400px\" \/><\/a><strong>Le dedica el cup\u00f3n del 31 de octubre por su 35 aniversario<\/strong><\/p>\n<p><strong>FIAPAS, 35 a\u00f1os <span style=\"color: #0000ff\">F<\/span>omentando <span style=\"color: #0000ff\">I<\/span>nclusi\u00f3n,<span style=\"color: #0000ff\"> A<\/span>poyando <span style=\"color: #0000ff\">P<\/span>ersonas, <span style=\"color: #0000ff\">A<\/span>vanzando <span style=\"color: #0000ff\">S<\/span>olidariamente<\/strong><\/p>\n<p>La Confederaci\u00f3n Espa\u00f1ola de Familias de Personas Sordas (FIAPAS) es la protagonista del cup\u00f3n de la ONCE del 31 de octubre. Cinco millones y medio de cupones llevar\u00e1n la imagen de FIAPAS por toda Espa\u00f1a. Con esta iniciativa, la ONCE apoya la labor que desarrolla esta entidad.<\/p>\n<p>El pasado s\u00e1bado Andr\u00e9s Ramos, vicepresidente 1\u00ba de la ONCE, y Jose Luis Aedo, presidente de FIAPAS, han presentado este cup\u00f3n, en un acto en el que han estado acompa\u00f1ados por un centenar de personas miembros del Movimiento Asociativo FIAPAS, entre ellos, padres y madres gu\u00eda voluntarios del Programa de Atenci\u00f3n y Apoyo a Familias.<\/p>\n<p>Este cup\u00f3n se podr\u00e1 adquirir desde una semana antes del sorteo, es decir desde el 24 de octubre.<\/p>\n<p>FIAPAS surge en 1978 para dar respuesta a las necesidades que se plantean a las familias de las personas con discapacidad auditiva y a los propios afectados. Est\u00e1 integrada por 47 entidades confederadas, que constituyen la mayor plataforma de representaci\u00f3n de las familias de personas sordas en Espa\u00f1a.<\/p>\n<p>Su misi\u00f3n es representar y defender los derechos e intereses de las personas con discapacidad auditiva y de sus familias, tanto a nivel nacional como internacional, ante la Sociedad, Administraciones y dem\u00e1s Instituciones, integrando e impulsando con este fin la acci\u00f3n de las Federaciones Auton\u00f3micas y de las Asociaciones de Padres y Madres de personas sordas.<\/p>\n<p>El cup\u00f3n Diario de la ONCE ofrece, por 1,5 euros, 50 premios de 35.000 euros a las cinco cifras. Adem\u00e1s, el cliente tiene la oportunidad, por 0,5 euros m\u00e1s, de jugar tambi\u00e9n a la serie, y ganar una \u201cpaga\u201d de 3.000 euros al mes durante 25 a\u00f1os, que se a\u00f1adir\u00e1 al premio de 35.000 euros. Tendr\u00e1n premio de 500 euros los n\u00fameros anterior y posterior al agraciado; y premio de 200, 20 y 6 euros a las cuatro, tres y dos \u00faltimas cifras, respectivamente, del cup\u00f3n premiado. As\u00ed como reintegros de 1,5 euros a la \u00faltima y primera cifra.<\/p>\n<p>Los cupones de la ONCE se comercializan por los 20.000 agentes vendedores de la ONCE. Como siempre, gracias al Terminal Punto de Venta (TPV), el cliente puede elegir el n\u00famero que m\u00e1s le guste. Adem\u00e1s, se pueden adquirir desde la p\u00e1gina web oficial de juego de la ONCE <a title=\"P\u00c1GINA ONCE\" href=\"http:\/\/www.juegosonce.es\">www.juegosonce.es<\/a>.<\/p>\n<p>Foto: Andr\u00e9s Ramos (izq.), vicepresidente 1\u00ba de la ONCE y Jose Luis Aedo (dcha.), presidente de FIAPAS<\/p>\n<p>&nbsp;<\/p>\n<p>&nbsp;<\/p>\n","protected":false},"excerpt":{"rendered":"<p>Le dedica el cup\u00f3n del 31 de octubre por su 35 aniversario FIAPAS, 35 a\u00f1os Fomentando Inclusi\u00f3n, Apoyando Personas, Avanzando Solidariamente La Confederaci\u00f3n Espa\u00f1ola de Familias de Personas Sordas (FIAPAS) es la protagonista del cup\u00f3n de la ONCE del 31 de octubre. Cinco millones y medio de cupones llevar\u00e1n la imagen de FIAPAS por toda [&hellip;]<\/p>\n","protected":false},"author":223,"featured_media":0,"comment_status":"open","ping_status":"open","sticky":false,"template":"","format":"standard","meta":{"_acf_changed":false,"footnotes":""},"categories":[1],"tags":[],"be_disease":[],"be_general":[],"be_media_type":[],"class_list":["post-390","post","type-post","status-publish","format-standard","hentry","category-sin-categoria"],"acf":[],"_links":{"self":[{"href":"https:\/\/www.somospacientes.com\/confederacion-espanola-de-familias-de-personas-sordas-fiapas\/wp-json\/wp\/v2\/posts\/390","targetHints":{"allow":["GET"]}}],"collection":[{"href":"https:\/\/www.somospacientes.com\/confederacion-espanola-de-familias-de-personas-sordas-fiapas\/wp-json\/wp\/v2\/posts"}],"about":[{"href":"https:\/\/www.somospacientes.com\/confederacion-espanola-de-familias-de-personas-sordas-fiapas\/wp-json\/wp\/v2\/types\/post"}],"author":[{"embeddable":true,"href":"https:\/\/www.somospacientes.com\/confederacion-espanola-de-familias-de-personas-sordas-fiapas\/wp-json\/wp\/v2\/users\/223"}],"replies":[{"embeddable":true,"href":"https:\/\/www.somospacientes.com\/confederacion-espanola-de-familias-de-personas-sordas-fiapas\/wp-json\/wp\/v2\/comments?post=390"}],"version-history":[{"count":8,"href":"https:\/\/www.somospacientes.com\/confederacion-espanola-de-familias-de-personas-sordas-fiapas\/wp-json\/wp\/v2\/posts\/390\/revisions"}],"predecessor-version":[{"id":398,"href":"https:\/\/www.somospacientes.com\/confederacion-espanola-de-familias-de-personas-sordas-fiapas\/wp-json\/wp\/v2\/posts\/390\/revisions\/398"}],"wp:attachment":[{"href":"https:\/\/www.somospacientes.com\/confederacion-espanola-de-familias-de-personas-sordas-fiapas\/wp-json\/wp\/v2\/media?parent=390"}],"wp:term":[{"taxonomy":"category","embeddable":true,"href":"https:\/\/www.somospacientes.com\/confederacion-espanola-de-familias-de-personas-sordas-fiapas\/wp-json\/wp\/v2\/categories?post=390"},{"taxonomy":"post_tag","embeddable":true,"href":"https:\/\/www.somospacientes.com\/confederacion-espanola-de-familias-de-personas-sordas-fiapas\/wp-json\/wp\/v2\/tags?post=390"},{"taxonomy":"be_disease","embeddable":true,"href":"https:\/\/www.somospacientes.com\/confederacion-espanola-de-familias-de-personas-sordas-fiapas\/wp-json\/wp\/v2\/be_disease?post=390"},{"taxonomy":"be_general","embeddable":true,"href":"https:\/\/www.somospacientes.com\/confederacion-espanola-de-familias-de-personas-sordas-fiapas\/wp-json\/wp\/v2\/be_general?post=390"},{"taxonomy":"be_media_type","embeddable":true,"href":"https:\/\/www.somospacientes.com\/confederacion-espanola-de-familias-de-personas-sordas-fiapas\/wp-json\/wp\/v2\/be_media_type?post=390"}],"curies":[{"name":"wp","href":"https:\/\/api.w.org\/{rel}","templated":true}]}}